{"id":301590,"date":"2019-06-04T14:18:11","date_gmt":"2019-06-04T12:18:11","guid":{"rendered":"https:\/\/hashtag.al\/?p=301590"},"modified":"2019-06-04T14:19:31","modified_gmt":"2019-06-04T12:19:31","slug":"sarri-i-hap-deren-juventusit-me-mungon-shume-italia","status":"publish","type":"post","link":"https:\/\/www.hashtag.al\/index.php\/2019\/06\/04\/sarri-i-hap-deren-juventusit-me-mungon-shume-italia\/","title":{"rendered":"Sarri i hap der\u00ebn Juventusit: M\u00eb mungon shum\u00eb Italia","gt_translate_keys":[{"key":"rendered","format":"text"}]},"content":{"rendered":"<p><img loading=\"lazy\" decoding=\"async\" class=\"aligncenter size-full wp-image-301593\" src=\"https:\/\/hashtag.al\/wp-content\/uploads\/2019\/06\/Sarri-4-qershor.jpg\" alt=\"\" width=\"960\" height=\"640\" srcset=\"https:\/\/www.hashtag.al\/wp-content\/uploads\/2019\/06\/Sarri-4-qershor.jpg 960w, https:\/\/www.hashtag.al\/wp-content\/uploads\/2019\/06\/Sarri-4-qershor-300x200.jpg 300w, https:\/\/www.hashtag.al\/wp-content\/uploads\/2019\/06\/Sarri-4-qershor-768x512.jpg 768w\" sizes=\"auto, (max-width: 960px) 100vw, 960px\" \/><\/p>\n<p><span style=\"color: #000000;\">Trajneri i \u00c7elsit, italiani Sarri, duket nuk ka nd\u00ebrmend t\u00eb q\u00ebndroj\u00eb gjat\u00eb n\u00eb stolin e klubit anglez.<\/span><\/p>\n<p><span style=\"color: #000000;\"> Ai \u00ebsht\u00eb shprehur i k\u00ebnaqur p\u00ebr sfid\u00ebn n\u00eb ishull me nj\u00eb klub gjigant me t\u00eb cilin fitoi trofeun e par\u00eb n\u00eb jet\u00ebn e tij, por ka theksuar se thirrja nga Italia \u00ebsht\u00eb shum\u00eb e fort\u00eb. <\/span><\/p>\n<p><span style=\"color: #000000;\">Sarri e nisi me shum\u00eb probleme sezonin te \u00c7elsi por n\u00eb fund arriti ta kualifikoj\u00eb ekipin n\u00eb Lig\u00ebn e Kampion\u00ebve si dhe t\u00eb fitoj\u00eb Lig\u00ebn e Europ\u00ebs.<\/span><\/p>\n<p><span style=\"color: #000000;\"><em>\u201cKa qen\u00eb nj\u00eb vit i v\u00ebshtir\u00eb dhe me sfida por i r\u00ebnd\u00ebsish\u00ebm dhe suksessh\u00ebm. P\u00ebr ne italian\u00ebt thirrja nga sht\u00ebpia \u00ebsht\u00eb shum\u00eb e fort\u00eb dhe ndjejm\u00eb p\u00ebrher\u00eb se na mungon di\u00e7ka.\u201d<\/em> \u2013 ka th\u00ebn\u00eb Sarri p\u00ebr mediat sportive britanike.<\/span><\/p>\n<p><span style=\"color: #000000;\">Emri i ish-trajnerit t\u00eb Napolit lakohet n\u00eb Torino, ku shihet si z\u00ebvend\u00ebsuesi i duhur p\u00ebr Alegrin, i cili u largua pas 5 sezonesh te bardhezinjt\u00eb. Sarri \u00ebsht\u00eb i pari n\u00eb list\u00eb megjithat\u00eb nuk \u00ebsht\u00eb kandidati i vet\u00ebm p\u00ebr stolin e Juventusit.<\/span><\/p>\n","protected":false,"gt_translate_keys":[{"key":"rendered","format":"html"}]},"excerpt":{"rendered":"<p>Trajneri i \u00c7elsit, italiani Sarri, duket nuk ka nd\u00ebrmend t\u00eb q\u00ebndroj\u00eb gjat\u00eb n\u00eb stolin e klubit anglez. Ai \u00ebsht\u00eb shprehur i k\u00ebnaqur p\u00ebr sfid\u00ebn n\u00eb ishull me nj\u00eb klub gjigant me t\u00eb cilin fitoi trofeun e par\u00eb n\u00eb jet\u00ebn e tij, por ka theksuar se thirrja nga Italia \u00ebsht\u00eb shum\u00eb e fort\u00eb. Sarri e nisi [&hellip;]<\/p>\n","protected":false,"gt_translate_keys":[{"key":"rendered","format":"html"}]},"author":51,"featured_media":301594,"comment_status":"open","ping_status":"open","sticky":false,"template":"","format":"standard","meta":{"footnotes":""},"categories":[134],"tags":[],"class_list":["post-301590","post","type-post","status-publish","format-standard","has-post-thumbnail","hentry","category-sport"],"gt_translate_keys":[{"key":"link","format":"url"}],"_links":{"self":[{"href":"https:\/\/www.hashtag.al\/index.php\/wp-json\/wp\/v2\/posts\/301590","targetHints":{"allow":["GET"]}}],"collection":[{"href":"https:\/\/www.hashtag.al\/index.php\/wp-json\/wp\/v2\/posts"}],"about":[{"href":"https:\/\/www.hashtag.al\/index.php\/wp-json\/wp\/v2\/types\/post"}],"author":[{"embeddable":true,"href":"https:\/\/www.hashtag.al\/index.php\/wp-json\/wp\/v2\/users\/51"}],"replies":[{"embeddable":true,"href":"https:\/\/www.hashtag.al\/index.php\/wp-json\/wp\/v2\/comments?post=301590"}],"version-history":[{"count":0,"href":"https:\/\/www.hashtag.al\/index.php\/wp-json\/wp\/v2\/posts\/301590\/revisions"}],"wp:featuredmedia":[{"embeddable":true,"href":"https:\/\/www.hashtag.al\/index.php\/wp-json\/wp\/v2\/media\/301594"}],"wp:attachment":[{"href":"https:\/\/www.hashtag.al\/index.php\/wp-json\/wp\/v2\/media?parent=301590"}],"wp:term":[{"taxonomy":"category","embeddable":true,"href":"https:\/\/www.hashtag.al\/index.php\/wp-json\/wp\/v2\/categories?post=301590"},{"taxonomy":"post_tag","embeddable":true,"href":"https:\/\/www.hashtag.al\/index.php\/wp-json\/wp\/v2\/tags?post=301590"}],"curies":[{"name":"wp","href":"https:\/\/api.w.org\/{rel}","templated":true}]}}