{"id":301454,"date":"2019-06-03T19:43:34","date_gmt":"2019-06-03T17:43:34","guid":{"rendered":"https:\/\/hashtag.al\/?p=301454"},"modified":"2019-06-03T19:43:34","modified_gmt":"2019-06-03T17:43:34","slug":"kryemadhi-sqaron-mungesen-ne-proteste-kalova-nje-operacion-te-veshtire-rreziku-kaloi","status":"publish","type":"post","link":"https:\/\/www.hashtag.al\/index.php\/2019\/06\/03\/kryemadhi-sqaron-mungesen-ne-proteste-kalova-nje-operacion-te-veshtire-rreziku-kaloi\/","title":{"rendered":"Kryemadhi sqaron munges\u00ebn n\u00eb protest\u00eb: Kalova nj\u00eb operacion t\u00eb v\u00ebshtir\u00eb, rreziku kaloi","gt_translate_keys":[{"key":"rendered","format":"text"}]},"content":{"rendered":"<p><span style=\"color: #000000;\"><img loading=\"lazy\" decoding=\"async\" class=\"aligncenter size-full wp-image-287777\" src=\"https:\/\/hashtag.al\/wp-content\/uploads\/2019\/04\/kryemadhi.jpg\" alt=\"\" width=\"1024\" height=\"683\" srcset=\"https:\/\/www.hashtag.al\/wp-content\/uploads\/2019\/04\/kryemadhi.jpg 1024w, https:\/\/www.hashtag.al\/wp-content\/uploads\/2019\/04\/kryemadhi-300x200.jpg 300w, https:\/\/www.hashtag.al\/wp-content\/uploads\/2019\/04\/kryemadhi-768x512.jpg 768w\" sizes=\"auto, (max-width: 1024px) 100vw, 1024px\" \/><\/span><\/p>\n<p><span style=\"color: #000000;\">Kryetarja e L\u00ebvizjes Socialiste p\u00ebr Integrim Monika Kryemadhi n\u00eb nj\u00eb postimi n\u00eb Facebook, ka treguar arsyen e munges\u00ebs s\u00eb saj n\u00eb protest\u00ebn e s\u00eb diel\u00ebs.<\/span><\/p>\n<p><span style=\"color: #000000;\">Kryemadhi rr\u00ebfen se ka kaluar nj\u00eb operacion t\u00eb v\u00ebshtir\u00eb, por konfirmoi se rreziku ka kaluar.<\/span><\/p>\n<p><span style=\"color: #000000;\">\u201c<em>P\u00ebrsh\u00ebndetje t\u00eb gjith\u00ebve! N\u00ebp\u00ebrmjet k\u00ebtij mesazhi do t\u00eb doja fillimisht t\u00eb falenderoja t\u00eb gjith\u00eb ata mij\u00ebra qytetar\u00eb, q\u00eb m\u00eb kan\u00eb shkruar dhe jan\u00eb interesuar p\u00ebr sh\u00ebndetin tim. N\u00eb pamund\u00ebsi fizike dhe kohore p\u00ebr t\u2019ju kthyer p\u00ebrgjigje nj\u00eb e nga nj\u00eb, dua t\u2019ju uroj sh\u00ebndet dhe g\u00ebzime pa\u00e7i gjithmon\u00eb.\u00a0 Zoti ju bekoft\u00eb dhe mbroft\u00eb familjet dhe t\u00eb dashurit tuaj!<\/em><\/span><\/p>\n<p><span style=\"color: #000000;\"><em>Sot \u00ebsht\u00eb dita e shtat\u00eb, pas nj\u00eb operacioni t\u00eb v\u00ebshtir\u00eb q\u00eb kam kryer. Ishte nj\u00eb nd\u00ebrhyrje urgjente q\u00eb duhej ta kryeja pas insistimit t\u00eb mjek\u00ebve. Sot mora edhe konfirmimin e tyre q\u00eb rreziku q\u00eb kisha \u00ebsht\u00eb tejkaluar, operacioni ka mbaruar me sukses<\/em>\u201d-shkruan Kryemadhi.<\/span><\/p>\n<p><span style=\"color: #000000;\">M\u00eb tej Kryemadhi shkruan edhe dy fjal\u00eb p\u00ebr Kryeministrin Rama duke i thwnw qw mos e kthejw nw \u00e7wshtje personale.<\/span><\/p>\n<p><span style=\"color: #000000;\">\u201c<em>Mos e kthe n\u00eb \u00e7\u00ebshtje personale k\u00ebt\u00eb gj\u00eb. P\u00ebrmbaji \u201dtaborr\u00ebt\u201d e tu t\u00eb portaleve dhe komentuesve anonim\u00eb, q\u00eb paguhen nga taksat e shqiptar\u00ebve. <\/em><\/span><\/p>\n<p><span style=\"color: #000000;\"><em>N\u00eb vend, q\u00eb k\u00ebto para t\u00eb shkojn\u00eb n\u00eb sh\u00ebrbim ndaj tyre, Ti i shpenzon p\u00ebr k\u00ebt\u00eb lukuni anonim\u00ebsh, q\u00eb sulmojn\u00eb me shpifje, sharje dhe ofendime. Kjo p\u00ebr arsyen e vetme, se nuk ke guxim t\u2019i thuash vet\u00eb. Si i paburr\u00eb q\u00eb je urdh\u00ebron me sms portalet e hijes t\u00ebnde, t\u00eb shp\u00ebrndajn\u00eb shpifje nga m\u00eb monstruozet, edhe jo vet\u00ebm n\u00eb k\u00ebt\u00eb rast. P\u00ebr \u201cAta\u201d, si\u00e7 ke filluar t\u2019i etiketosh Ti n\u00eb logoret\u00eb e tua t\u00eb fundit. P\u00ebr \u201cAta\u201d q\u00eb Ti i quan armiqt\u00eb e tu dhe t\u00eb kast\u00ebs t\u00ebnde<\/em>\u201d- shkruan Kryemadhi.<\/span><\/p>\n","protected":false,"gt_translate_keys":[{"key":"rendered","format":"html"}]},"excerpt":{"rendered":"<p>Kryetarja e L\u00ebvizjes Socialiste p\u00ebr Integrim Monika Kryemadhi n\u00eb nj\u00eb postimi n\u00eb Facebook, ka treguar arsyen e munges\u00ebs s\u00eb saj n\u00eb protest\u00ebn e s\u00eb diel\u00ebs. Kryemadhi rr\u00ebfen se ka kaluar nj\u00eb operacion t\u00eb v\u00ebshtir\u00eb, por konfirmoi se rreziku ka kaluar. \u201cP\u00ebrsh\u00ebndetje t\u00eb gjith\u00ebve! N\u00ebp\u00ebrmjet k\u00ebtij mesazhi do t\u00eb doja fillimisht t\u00eb falenderoja t\u00eb gjith\u00eb ata [&hellip;]<\/p>\n","protected":false,"gt_translate_keys":[{"key":"rendered","format":"html"}]},"author":32,"featured_media":266590,"comment_status":"open","ping_status":"open","sticky":false,"template":"","format":"standard","meta":{"footnotes":""},"categories":[65,13],"tags":[],"class_list":["post-301454","post","type-post","status-publish","format-standard","has-post-thumbnail","hentry","category-lajme","category-te-fundit"],"gt_translate_keys":[{"key":"link","format":"url"}],"_links":{"self":[{"href":"https:\/\/www.hashtag.al\/index.php\/wp-json\/wp\/v2\/posts\/301454","targetHints":{"allow":["GET"]}}],"collection":[{"href":"https:\/\/www.hashtag.al\/index.php\/wp-json\/wp\/v2\/posts"}],"about":[{"href":"https:\/\/www.hashtag.al\/index.php\/wp-json\/wp\/v2\/types\/post"}],"author":[{"embeddable":true,"href":"https:\/\/www.hashtag.al\/index.php\/wp-json\/wp\/v2\/users\/32"}],"replies":[{"embeddable":true,"href":"https:\/\/www.hashtag.al\/index.php\/wp-json\/wp\/v2\/comments?post=301454"}],"version-history":[{"count":0,"href":"https:\/\/www.hashtag.al\/index.php\/wp-json\/wp\/v2\/posts\/301454\/revisions"}],"wp:featuredmedia":[{"embeddable":true,"href":"https:\/\/www.hashtag.al\/index.php\/wp-json\/wp\/v2\/media\/266590"}],"wp:attachment":[{"href":"https:\/\/www.hashtag.al\/index.php\/wp-json\/wp\/v2\/media?parent=301454"}],"wp:term":[{"taxonomy":"category","embeddable":true,"href":"https:\/\/www.hashtag.al\/index.php\/wp-json\/wp\/v2\/categories?post=301454"},{"taxonomy":"post_tag","embeddable":true,"href":"https:\/\/www.hashtag.al\/index.php\/wp-json\/wp\/v2\/tags?post=301454"}],"curies":[{"name":"wp","href":"https:\/\/api.w.org\/{rel}","templated":true}]}}