{"id":300784,"date":"2019-05-31T22:04:53","date_gmt":"2019-05-31T20:04:53","guid":{"rendered":"https:\/\/hashtag.al\/?p=300784"},"modified":"2019-05-31T22:04:53","modified_gmt":"2019-05-31T20:04:53","slug":"shpallja-non-grata-i-zyrtarit-te-unmik-okb-kosova-nuk-ka-te-drejte","status":"publish","type":"post","link":"https:\/\/www.hashtag.al\/index.php\/2019\/05\/31\/shpallja-non-grata-i-zyrtarit-te-unmik-okb-kosova-nuk-ka-te-drejte\/","title":{"rendered":"Shpallja \u201cnon-grata\u201d i zyrtarit t\u00eb UNMIK, OKB: Kosova nuk ka t\u00eb drejt\u00eb","gt_translate_keys":[{"key":"rendered","format":"text"}]},"content":{"rendered":"<p><img loading=\"lazy\" decoding=\"async\" class=\"aligncenter size-full wp-image-300785\" src=\"https:\/\/hashtag.al\/wp-content\/uploads\/2019\/05\/41EFE072-12B7-425E-899D-6D7ABE577748_w1023_r1_s-600x360.jpg\" alt=\"\" width=\"600\" height=\"360\" srcset=\"https:\/\/www.hashtag.al\/wp-content\/uploads\/2019\/05\/41EFE072-12B7-425E-899D-6D7ABE577748_w1023_r1_s-600x360.jpg 600w, https:\/\/www.hashtag.al\/wp-content\/uploads\/2019\/05\/41EFE072-12B7-425E-899D-6D7ABE577748_w1023_r1_s-600x360-300x180.jpg 300w\" sizes=\"auto, (max-width: 600px) 100vw, 600px\" \/><\/p>\n<p><span style=\"color: #000000;\">Nj\u00eb shtetas rus u arrestua n\u00eb aksionin e policis\u00eb s\u00eb Kosov\u00ebs n\u00eb veri t\u00eb vendit.<\/span><\/p>\n<p><span style=\"color: #000000;\">Mikhail Krasnoshchenkov, an\u00ebtar i misionit t\u00eb UNMIK-ut ne Kosov\u00eb, ishte arrestuar me dyshimin se kishte ndihmuar banor\u00ebt vendas q\u00eb t\u00eb vendosnin barrikada t\u00eb cilat do pengonin aksionin e policis\u00eb.<\/span><\/p>\n<p><span style=\"color: #000000;\">Sot kryeministri Haradinaj ka k\u00ebrkuar nga ministria e pun\u00ebve t\u00eb jashtme q\u00eb n\u00eb baz\u00eb t\u00eb kompetencave kushtetuese dhe ligjore t\u00eb shpallet \u2018\u2019non-grata\u2019\u2019 personi n\u00eb fjal\u00eb, raporton Gazeta Express.<\/span><\/p>\n<p><span style=\"color: #000000;\">Por, z\u00ebdh\u00ebn\u00ebsi i Sekretarit t\u00eb P\u00ebrgjithsh\u00ebm t\u00eb OKB\u2019s\u00eb Farhan Haq ka th\u00ebn\u00eb p\u00ebr Z\u00ebrin e Amerik\u00ebs se Kosova nuk mund t\u00eb marr\u00eb nj\u00eb vendim t\u00eb till\u00eb pasi OKB\u2019ja nuk \u00ebsht\u00eb shtet.<\/span><\/p>\n<p><span style=\"color: #000000;\">T\u00eb dy zyrtar\u00ebt tan\u00eb jan\u00eb liruar n\u00eb n\u00eb fillim t\u00eb jav\u00ebs. Zyrtari rus tre dit\u00eb m\u00eb pare, nd\u00ebrsa an\u00ebtari serb dje. Ne jemi n\u00eb dijeni q\u00eb nj\u00eb zyrtar i yni \u00ebsht\u00eb shpallur person i pad\u00ebshiruar, por q\u00ebndrimi i OKB-s\u00eb \u00ebsht\u00eb se ne nuk jemi shtet dhe koncepti i personit t\u00eb pad\u00ebshiruar vlen n\u00eb raportet mes shteteve, por nuk aplikohet ndaj Kombeve t\u00eb Bashkuara\u201d, ka th\u00ebn\u00eb z\u00ebdh\u00ebn\u00ebsi.<\/span><\/p>\n<p><span style=\"color: #000000;\">Zyrtari rus ndodhet n\u00eb nj\u00eb spital n\u00eb Beograd p\u00ebr t\u00eb u kuruar, nd\u00ebrsa gjat\u00eb dit\u00ebs s\u00eb sotme \u00ebsht\u00eb vizituar edhe nga kryeministri serb Aleksand\u00ebr Vucic.\u00a0<\/span><\/p>\n","protected":false,"gt_translate_keys":[{"key":"rendered","format":"html"}]},"excerpt":{"rendered":"<p>Nj\u00eb shtetas rus u arrestua n\u00eb aksionin e policis\u00eb s\u00eb Kosov\u00ebs n\u00eb veri t\u00eb vendit. Mikhail Krasnoshchenkov, an\u00ebtar i misionit t\u00eb UNMIK-ut ne Kosov\u00eb, ishte arrestuar me dyshimin se kishte ndihmuar banor\u00ebt vendas q\u00eb t\u00eb vendosnin barrikada t\u00eb cilat do pengonin aksionin e policis\u00eb. Sot kryeministri Haradinaj ka k\u00ebrkuar nga ministria e pun\u00ebve t\u00eb jashtme [&hellip;]<\/p>\n","protected":false,"gt_translate_keys":[{"key":"rendered","format":"html"}]},"author":32,"featured_media":300785,"comment_status":"open","ping_status":"open","sticky":false,"template":"","format":"standard","meta":{"footnotes":""},"categories":[149,13],"tags":[],"class_list":["post-300784","post","type-post","status-publish","format-standard","has-post-thumbnail","hentry","category-kosoverajon","category-te-fundit"],"gt_translate_keys":[{"key":"link","format":"url"}],"_links":{"self":[{"href":"https:\/\/www.hashtag.al\/index.php\/wp-json\/wp\/v2\/posts\/300784","targetHints":{"allow":["GET"]}}],"collection":[{"href":"https:\/\/www.hashtag.al\/index.php\/wp-json\/wp\/v2\/posts"}],"about":[{"href":"https:\/\/www.hashtag.al\/index.php\/wp-json\/wp\/v2\/types\/post"}],"author":[{"embeddable":true,"href":"https:\/\/www.hashtag.al\/index.php\/wp-json\/wp\/v2\/users\/32"}],"replies":[{"embeddable":true,"href":"https:\/\/www.hashtag.al\/index.php\/wp-json\/wp\/v2\/comments?post=300784"}],"version-history":[{"count":0,"href":"https:\/\/www.hashtag.al\/index.php\/wp-json\/wp\/v2\/posts\/300784\/revisions"}],"wp:featuredmedia":[{"embeddable":true,"href":"https:\/\/www.hashtag.al\/index.php\/wp-json\/wp\/v2\/media\/300785"}],"wp:attachment":[{"href":"https:\/\/www.hashtag.al\/index.php\/wp-json\/wp\/v2\/media?parent=300784"}],"wp:term":[{"taxonomy":"category","embeddable":true,"href":"https:\/\/www.hashtag.al\/index.php\/wp-json\/wp\/v2\/categories?post=300784"},{"taxonomy":"post_tag","embeddable":true,"href":"https:\/\/www.hashtag.al\/index.php\/wp-json\/wp\/v2\/tags?post=300784"}],"curies":[{"name":"wp","href":"https:\/\/api.w.org\/{rel}","templated":true}]}}