{"id":300653,"date":"2019-05-31T13:17:48","date_gmt":"2019-05-31T11:17:48","guid":{"rendered":"https:\/\/hashtag.al\/?p=300653"},"modified":"2019-05-31T13:20:33","modified_gmt":"2019-05-31T11:20:33","slug":"kqz-refuzon-kandidaturen-e-fredi-bejlerit-per-himaren-omonia-la-ne-gare-vetem-kandidatin-e-ps-se","status":"publish","type":"post","link":"https:\/\/www.hashtag.al\/index.php\/2019\/05\/31\/kqz-refuzon-kandidaturen-e-fredi-bejlerit-per-himaren-omonia-la-ne-gare-vetem-kandidatin-e-ps-se\/","title":{"rendered":"KQZ refuzon kandidatur\u00ebn e Fredi Bejlerit p\u00ebr Himar\u00ebn, OMONIA: La n\u00eb gar\u00eb vet\u00ebm kandidatin e PS-s\u00eb","gt_translate_keys":[{"key":"rendered","format":"text"}]},"content":{"rendered":"<p><img loading=\"lazy\" decoding=\"async\" class=\"aligncenter size-full wp-image-300654\" src=\"https:\/\/hashtag.al\/wp-content\/uploads\/2019\/05\/Fredi-Bejleri.jpg\" alt=\"\" width=\"530\" height=\"365\" srcset=\"https:\/\/www.hashtag.al\/wp-content\/uploads\/2019\/05\/Fredi-Bejleri.jpg 530w, https:\/\/www.hashtag.al\/wp-content\/uploads\/2019\/05\/Fredi-Bejleri-300x207.jpg 300w\" sizes=\"auto, (max-width: 530px) 100vw, 530px\" \/><\/p>\n<p><span style=\"color: #000000;\">Komisioni Qendror i Zgjedhjeve ka refuzuar kandidatur\u00ebn e p\u00ebr kryetar bashkie Himar\u00eb t\u00eb Fredi Bejlerit, duke l\u00ebn\u00eb n\u00eb gar\u00eb vet\u00ebm kandidatin e Partis\u00eb Socialiste Jorgo Goro.<\/span><\/p>\n<p><span style=\"color: #000000;\">Lidhur me k\u00ebt\u00eb vendim t\u00eb KQZ-s\u00eb ka reaguar Bashkimi Demokratik i Minoritetit Etnik Grek OMONIA. <\/span><span style=\"color: #000000;\">P\u00ebrmes nj\u00eb njoftimi p\u00ebr mediat, OMONIA thot\u00eb se ky ishte nj\u00eb vendim politik nga ana e KQZ-s\u00eb.<\/span><\/p>\n<p><em><span style=\"color: #000000;\">\u00a0&#8220;Kolegji Zgjedhor n\u00eb Tiran\u00eb duke konfirmuar n\u00eb thelb vendimin e Komisionit Qendror t\u00eb Zgjedhjeve, me p\u00ebrb\u00ebrje politike, i refuzoi t\u00eb drejt\u00ebn , kandidatit t\u00eb pavarur p\u00ebr Kryetar Bashkie t\u00eb Himar\u00ebs, z. Dionis \u2013 Fredi Beleri, p\u00ebr t\u00eb kandiduar n\u00eb zgjedhjet e programuara p\u00ebr n\u00eb 30 Qershor. U faktua edhe p\u00ebr ata sa kishin \u00e7far\u00ebdo dyshimi, se edhe nj\u00eb her\u00eb tjet\u00ebr edhe trupa dhe sistemi juridik p\u00ebrb\u00ebn hallk\u00eb n\u00eb zinxhirin e nj\u00eb mekanizmi manipulimi t\u00eb MEG p\u00ebrsa i p\u00ebrket t\u00eb drejtave t\u00eb tij politike dhe elektorale.<\/span><\/em><\/p>\n<p><em><span style=\"color: #000000;\">Kandidati n\u00eb fjal\u00eb\u00a0 \u00ebsht\u00eb pjes\u00ebmarr\u00ebs i forumeve drejtuese t\u00eb OMONOIA-s dhe p\u00ebr k\u00ebt\u00eb arsye pjes\u00ebtar i gjith\u00eb betejave t\u00eb komunitetit lokal n\u00eb nj\u00eb s\u00ebr\u00eb \u00e7\u00ebshtjesh q\u00eb lidhen si me t\u00eb drejta themelore sikund\u00ebr ajo e sanksionimit t\u00eb pasuris\u00eb s\u00eb paluajtshme private si edhe me t\u00eb drejta q\u00eb rrjedhin nga natyra e banor\u00ebve si pjes\u00ebtar\u00eb t\u00eb Minoritetit Etnik Grek me m\u00eb t\u00eb r\u00ebnd\u00ebsishmen prej tyre at\u00eb t\u00eb vet\u00ebdeklarimit dhe vet\u00ebp\u00ebrcaktimit t\u00eb identitetit etnik.<\/span><\/em><\/p>\n<p><em><span style=\"color: #000000;\">N\u00eb Bashkin\u00eb e Himar\u00ebs zgjedhjet tanim\u00eb do t\u00eb zhvillohen me nj\u00eb kandidat, at\u00eb t\u00eb Partis\u00eb qeveris\u00ebse Socialiste, me \u00e7far\u00ebdo pasoj\u00eb q\u00eb kjo sjell.&#8221;, thuhet n\u00eb deklarat\u00ebn e OMONIA-s.<\/span><\/em><\/p>\n<p><em><span style=\"color: #000000;\">Mes t\u00eb tjerash, Bashkimi Demokratik i Minoritetit Etnik Grek kund\u00ebrshton dhe refuzimin e kandidatur\u00ebs s\u00eb Vasil Bollanos, ish-Kryetar Bashkie, i cili k\u00ebrkonte t\u00eb kandidonte si i pavarur p\u00ebr nj\u00eb vend n\u00eb K\u00ebshillin e Bashkis\u00eb s\u00eb zon\u00ebs.<\/span><\/em><\/p>\n<p><span style=\"color: #000000;\"><em>&#8221; P\u00ebr fat t\u00eb keq nuk \u00ebsht\u00eb hera e par\u00eb q\u00eb t\u00eb tilla makinacione nd\u00ebrmerren dhe ushtrohen n\u00eb d\u00ebm t\u00eb p\u00ebrfaq\u00ebsimit autentik politik ose n\u00eb strukturimin e pushtetit vendor t\u00eb organizimit t\u00eb pavarur t\u00eb MEG, p\u00ebrmes OMONOIA-s dhe PBDNJ. Thjesht tanim\u00eb kan\u00eb vendosur t\u00eb mos u p\u00ebrmbahen as preteksteve! T\u00eb refuzojn\u00eb paraprakisht duke rikujtuar at\u00eb \u201cproces elektoral\u201d t\u00eb err\u00ebt t\u00eb Dhjetorit 1945!&#8221;<\/em>, p\u00ebrfundon deklarata.<\/span><\/p>\n","protected":false,"gt_translate_keys":[{"key":"rendered","format":"html"}]},"excerpt":{"rendered":"<p>Komisioni Qendror i Zgjedhjeve ka refuzuar kandidatur\u00ebn e p\u00ebr kryetar bashkie Himar\u00eb t\u00eb Fredi Bejlerit, duke l\u00ebn\u00eb n\u00eb gar\u00eb vet\u00ebm kandidatin e Partis\u00eb Socialiste Jorgo Goro. Lidhur me k\u00ebt\u00eb vendim t\u00eb KQZ-s\u00eb ka reaguar Bashkimi Demokratik i Minoritetit Etnik Grek OMONIA. P\u00ebrmes nj\u00eb njoftimi p\u00ebr mediat, OMONIA thot\u00eb se ky ishte nj\u00eb vendim politik nga [&hellip;]<\/p>\n","protected":false,"gt_translate_keys":[{"key":"rendered","format":"html"}]},"author":30,"featured_media":300654,"comment_status":"open","ping_status":"open","sticky":false,"template":"","format":"standard","meta":{"footnotes":""},"categories":[65,13],"tags":[],"class_list":["post-300653","post","type-post","status-publish","format-standard","has-post-thumbnail","hentry","category-lajme","category-te-fundit"],"gt_translate_keys":[{"key":"link","format":"url"}],"_links":{"self":[{"href":"https:\/\/www.hashtag.al\/index.php\/wp-json\/wp\/v2\/posts\/300653","targetHints":{"allow":["GET"]}}],"collection":[{"href":"https:\/\/www.hashtag.al\/index.php\/wp-json\/wp\/v2\/posts"}],"about":[{"href":"https:\/\/www.hashtag.al\/index.php\/wp-json\/wp\/v2\/types\/post"}],"author":[{"embeddable":true,"href":"https:\/\/www.hashtag.al\/index.php\/wp-json\/wp\/v2\/users\/30"}],"replies":[{"embeddable":true,"href":"https:\/\/www.hashtag.al\/index.php\/wp-json\/wp\/v2\/comments?post=300653"}],"version-history":[{"count":0,"href":"https:\/\/www.hashtag.al\/index.php\/wp-json\/wp\/v2\/posts\/300653\/revisions"}],"wp:featuredmedia":[{"embeddable":true,"href":"https:\/\/www.hashtag.al\/index.php\/wp-json\/wp\/v2\/media\/300654"}],"wp:attachment":[{"href":"https:\/\/www.hashtag.al\/index.php\/wp-json\/wp\/v2\/media?parent=300653"}],"wp:term":[{"taxonomy":"category","embeddable":true,"href":"https:\/\/www.hashtag.al\/index.php\/wp-json\/wp\/v2\/categories?post=300653"},{"taxonomy":"post_tag","embeddable":true,"href":"https:\/\/www.hashtag.al\/index.php\/wp-json\/wp\/v2\/tags?post=300653"}],"curies":[{"name":"wp","href":"https:\/\/api.w.org\/{rel}","templated":true}]}}