{"id":300575,"date":"2019-05-31T08:56:10","date_gmt":"2019-05-31T06:56:10","guid":{"rendered":"https:\/\/hashtag.al\/?p=300575"},"modified":"2019-05-31T09:08:53","modified_gmt":"2019-05-31T07:08:53","slug":"kush-eshte-i-arrestuari-per-vrasjen-e-ish-policit-bilali-i-njohur-si-i-forti-i-myslym-shyrit","status":"publish","type":"post","link":"https:\/\/www.hashtag.al\/index.php\/2019\/05\/31\/kush-eshte-i-arrestuari-per-vrasjen-e-ish-policit-bilali-i-njohur-si-i-forti-i-myslym-shyrit\/","title":{"rendered":"Kush \u00ebsht\u00eb i arrestuari p\u00ebr vrasjen e ish-policit Bilali, i njohur si &#8220;i forti i Myslym Shyrit\u201d","gt_translate_keys":[{"key":"rendered","format":"text"}]},"content":{"rendered":"<p><img loading=\"lazy\" decoding=\"async\" class=\"aligncenter size-full wp-image-180729\" src=\"https:\/\/hashtag.al\/wp-content\/uploads\/2018\/04\/Gjergj-Cukali.png\" alt=\"\" width=\"647\" height=\"402\" \/><\/p>\n<p><span style=\"color: #000000;\">Personi i arrestuar sot si i dyshuar p\u00ebr vrasjen e ish-policit Arben Bilali n\u00eb janar t\u00eb k\u00ebtij viti, nuk \u00ebsht\u00eb nj\u00eb em\u00ebr i panjohur p\u00ebr policin\u00eb. <\/span><span style=\"color: #000000;\">Ai \u00ebsht\u00eb d\u00ebnuar m\u00eb par\u00eb p\u00ebr tre veprat penale \u00a0\u201cProdhimi dhe shitja e narkotik\u00ebve\u2019\u201d,\u00a0 \u201cArm\u00ebmbajtja\u00a0 pa leje\u201d dhe \u201cRr\u00ebmbim personi\u201d.<\/span><\/p>\n<p><span style=\"color: #000000;\">T\u00eb shumt\u00eb e konsiderojn\u00eb Cukalin si nj\u00eb nga &#8220;t\u00eb fort\u00ebt e Myslym Shyrit&#8221;, p\u00ebr shkak t\u00eb ngjarjeve t\u00eb p\u00ebrs\u00ebritura q\u00eb kan\u00eb ndodhur n\u00eb k\u00ebt\u00eb zon\u00eb.<\/span><\/p>\n<p><span style=\"color: #000000;\">Nj\u00eb nga ngjarjet m\u00eb t\u00eb bujshme p\u00ebr t\u00eb cilat u akuzua Gjergji Cukali ishte ajo e pengmarrjes s\u00eb Fatjon Demirlik\u00ebs n\u00eb vitin 2004.<\/span><\/p>\n<p><span style=\"color: #000000;\">M\u00eb 24 n\u00ebntor 2006, Gjykata e Krimeve t\u00eb R\u00ebnda e d\u00ebnoi Gjergji Cukalin me 10 vjet burg, me akuz\u00ebn e heqjes s\u00eb paligjshme t\u00eb liris\u00eb ndaj shtetasit Fajton Demirlika n\u00eb vitin 2004. Ngjarja kishte si motiv nj\u00eb konflikt p\u00ebr 100 mij\u00eb euro.<\/span><\/p>\n<p><span style=\"color: #000000;\">Pasi mbaroi d\u00ebnimin p\u00ebr pengmarrjen e Demirlik\u00ebs, i ndihmuar edhe nga amnistia q\u00eb i fali nj\u00eb vit burg, Cukali vazhdoi t\u00eb kishte probleme me policin\u00eb.<\/span><\/p>\n<p><span style=\"color: #000000;\">Ai u arrestua p\u00ebr her\u00eb t\u00eb dyt\u00eb m\u00eb 20 gusht 2012, pasi gjat\u00eb nj\u00eb kontrolli u kap nga patrulla e Policis\u00eb me nj\u00eb arm\u00eb zjarri pistolet\u00eb pa leje dhe me nj\u00eb kreh\u00ebr me 17 fishek\u00eb.<\/span><\/p>\n<p><span style=\"color: #000000;\">N\u00eb korrik t\u00eb vitit 2016, policia zhvilloi nj\u00eb aksion p\u00ebr arrestimin e nj\u00eb grupi t\u00eb shp\u00ebrndar\u00ebs t\u00eb drog\u00ebs, ku u konstatua se furnitori i tyre ishte pik\u00ebrisht Gjergj Cukali. Ai u arrestua s\u00ebrish, n\u00eb 2018-\u00ebn pasi kishte thyer mas\u00ebn e siguris\u00eb &#8220;arrest sht\u00ebpie&#8221;.<strong>\/Hashtag.al<\/strong><\/span><\/p>\n<p><img loading=\"lazy\" decoding=\"async\" class=\"aligncenter size-full wp-image-300577\" src=\"https:\/\/hashtag.al\/wp-content\/uploads\/2019\/05\/gjergji.jpg\" alt=\"\" width=\"432\" height=\"471\" srcset=\"https:\/\/www.hashtag.al\/wp-content\/uploads\/2019\/05\/gjergji.jpg 432w, https:\/\/www.hashtag.al\/wp-content\/uploads\/2019\/05\/gjergji-275x300.jpg 275w\" sizes=\"auto, (max-width: 432px) 100vw, 432px\" \/><\/p>\n","protected":false,"gt_translate_keys":[{"key":"rendered","format":"html"}]},"excerpt":{"rendered":"<p>Personi i arrestuar sot si i dyshuar p\u00ebr vrasjen e ish-policit Arben Bilali n\u00eb janar t\u00eb k\u00ebtij viti, nuk \u00ebsht\u00eb nj\u00eb em\u00ebr i panjohur p\u00ebr policin\u00eb. Ai \u00ebsht\u00eb d\u00ebnuar m\u00eb par\u00eb p\u00ebr tre veprat penale \u00a0\u201cProdhimi dhe shitja e narkotik\u00ebve\u2019\u201d,\u00a0 \u201cArm\u00ebmbajtja\u00a0 pa leje\u201d dhe \u201cRr\u00ebmbim personi\u201d. T\u00eb shumt\u00eb e konsiderojn\u00eb Cukalin si nj\u00eb nga &#8220;t\u00eb [&hellip;]<\/p>\n","protected":false,"gt_translate_keys":[{"key":"rendered","format":"html"}]},"author":30,"featured_media":180729,"comment_status":"open","ping_status":"open","sticky":false,"template":"","format":"standard","meta":{"footnotes":""},"categories":[65,13],"tags":[],"class_list":["post-300575","post","type-post","status-publish","format-standard","has-post-thumbnail","hentry","category-lajme","category-te-fundit"],"gt_translate_keys":[{"key":"link","format":"url"}],"_links":{"self":[{"href":"https:\/\/www.hashtag.al\/index.php\/wp-json\/wp\/v2\/posts\/300575","targetHints":{"allow":["GET"]}}],"collection":[{"href":"https:\/\/www.hashtag.al\/index.php\/wp-json\/wp\/v2\/posts"}],"about":[{"href":"https:\/\/www.hashtag.al\/index.php\/wp-json\/wp\/v2\/types\/post"}],"author":[{"embeddable":true,"href":"https:\/\/www.hashtag.al\/index.php\/wp-json\/wp\/v2\/users\/30"}],"replies":[{"embeddable":true,"href":"https:\/\/www.hashtag.al\/index.php\/wp-json\/wp\/v2\/comments?post=300575"}],"version-history":[{"count":0,"href":"https:\/\/www.hashtag.al\/index.php\/wp-json\/wp\/v2\/posts\/300575\/revisions"}],"wp:featuredmedia":[{"embeddable":true,"href":"https:\/\/www.hashtag.al\/index.php\/wp-json\/"}],"wp:attachment":[{"href":"https:\/\/www.hashtag.al\/index.php\/wp-json\/wp\/v2\/media?parent=300575"}],"wp:term":[{"taxonomy":"category","embeddable":true,"href":"https:\/\/www.hashtag.al\/index.php\/wp-json\/wp\/v2\/categories?post=300575"},{"taxonomy":"post_tag","embeddable":true,"href":"https:\/\/www.hashtag.al\/index.php\/wp-json\/wp\/v2\/tags?post=300575"}],"curies":[{"name":"wp","href":"https:\/\/api.w.org\/{rel}","templated":true}]}}