{"id":300521,"date":"2019-05-30T21:19:22","date_gmt":"2019-05-30T19:19:22","guid":{"rendered":"https:\/\/hashtag.al\/?p=300521"},"modified":"2019-05-30T21:19:22","modified_gmt":"2019-05-30T19:19:22","slug":"berisha-rrefen-vrasjen-ish-ministrit-te-mbrojtjes-se-kosoves-akuza-ndaj-ish-kreut-te-shik","status":"publish","type":"post","link":"https:\/\/www.hashtag.al\/index.php\/2019\/05\/30\/berisha-rrefen-vrasjen-ish-ministrit-te-mbrojtjes-se-kosoves-akuza-ndaj-ish-kreut-te-shik\/","title":{"rendered":"Berisha rr\u00ebfen vrasjen ish-ministrit t\u00eb mbrojtjes s\u00eb Kosov\u00ebs, akuza ndaj ish-kreut t\u00eb SHIK","gt_translate_keys":[{"key":"rendered","format":"text"}]},"content":{"rendered":"<p><img loading=\"lazy\" decoding=\"async\" class=\"aligncenter size-full wp-image-289257\" src=\"https:\/\/hashtag.al\/wp-content\/uploads\/2019\/04\/auto_55556661555007968.jpg\" alt=\"\" width=\"900\" height=\"635\" srcset=\"https:\/\/www.hashtag.al\/wp-content\/uploads\/2019\/04\/auto_55556661555007968.jpg 900w, https:\/\/www.hashtag.al\/wp-content\/uploads\/2019\/04\/auto_55556661555007968-300x212.jpg 300w, https:\/\/www.hashtag.al\/wp-content\/uploads\/2019\/04\/auto_55556661555007968-768x542.jpg 768w\" sizes=\"auto, (max-width: 900px) 100vw, 900px\" \/><\/p>\n<p><span style=\"color: #000000;\">Ish-Kryeministri Sali Berisha ka folur mbi vrasjen e ish-ministrit t\u00eb mbrojtjes n\u00eb Kosov\u00eb Ahmet Krasniqi, i cili u ekzekutua n\u00eb Tiran\u00eb n\u00eb shtator t\u00eb vitit 1997.<\/span><\/p>\n<p><span style=\"color: #000000;\">Berisha akuzoi ish-shefin e sh\u00ebrbimit informativ Fatos Klosi si organizator t\u00eb k\u00ebsaj vrasje.<\/span><\/p>\n<p><span style=\"color: #000000;\">\u201cE kam njohur dhe ruaj p\u00ebr t\u00eb kujtimet m\u00eb t\u00eb mir\u00eb e m\u00eb t\u00eb madh. Ka qen\u00eb nj\u00eb burr\u00eb i rrall\u00eb fisnik. Ka ardhur n\u00eb zyr\u00ebn time, nj\u00eb her\u00eb me Bujar Bukoshin, pastaj vet\u00ebm, me k\u00ebrkes\u00ebn q\u00eb t\u00eb bashk\u00ebpunoja. Ishte burr\u00eb fisnik. ShIK-u shqiptar dhe Fatos Klosi, autori kryesor i vrasjes. Ai shoq\u00ebrohej nga oficer\u00eb t\u00eb SHIK gjat\u00eb q\u00ebndrimit n\u00eb Shqip\u00ebri. Ahmet Krasniqi, 24 or\u00eb para, i marrin atij dhe rojeve, arm\u00ebt.<\/span><\/p>\n<p><span style=\"color: #000000;\">E \u00e7armatosin p\u00ebr t\u00eb ekzekutuar. N\u00eb momentin e vrasjes ka qen\u00eb dy oficer\u00eb t\u00eb SHIK-ut, nuk kan\u00eb q\u00eblluar por e kan\u00eb mbajtur p\u00ebr ta vrar\u00eb. 1 ose 2 t\u00eb maskuar kan\u00eb q\u00eblluar mbi. Ngjarja \u00ebsht\u00eb kryek\u00ebput vrasje shtet\u00ebrore e qeveris\u00eb shqiptare. Vrasje n\u00eb pabesin\u00eb m\u00eb t\u00eb madhe, n\u00eb bes\u00ebn e tyre.<\/span><\/p>\n<p><span style=\"color: #000000;\">Autori kryesor \u00ebsht\u00eb Fatos Klosi, q\u00eb n\u00eb qeverin\u00eb time ndiqej si bashk\u00ebpun\u00ebtor i dy sh\u00ebrbimeve t\u00eb huaja. Pse nuk \u00ebsht\u00eb zbardhur kurr\u00eb? \u201cSepse p\u00ebr fatin e keq t\u00eb Shqip\u00ebris\u00eb prokuror\u00ebt q\u00eblluan qen\u00eb besnik\u00eb t\u00eb PS. Kjo \u00ebsht\u00eb vetmja arsye. Kur u b\u00ebra kryeminist\u00ebr jam p\u00ebrpjekur shum\u00eb\u201d.<\/span><\/p>\n<p><span style=\"color: #000000;\">N\u00ebse b\u00ebhet nj\u00eb hetim serioz del se \u00ebsht\u00eb autori \u00ebsht\u00eb Fatos Klosi. Dihen me emra oficer\u00ebt e SHIK q\u00eb kan\u00eb qen\u00eb aty\u201d-deklaroi Berisha n\u00eb televizionin T7.<\/span><\/p>\n<p>&nbsp;<\/p>\n","protected":false,"gt_translate_keys":[{"key":"rendered","format":"html"}]},"excerpt":{"rendered":"<p>Ish-Kryeministri Sali Berisha ka folur mbi vrasjen e ish-ministrit t\u00eb mbrojtjes n\u00eb Kosov\u00eb Ahmet Krasniqi, i cili u ekzekutua n\u00eb Tiran\u00eb n\u00eb shtator t\u00eb vitit 1997. Berisha akuzoi ish-shefin e sh\u00ebrbimit informativ Fatos Klosi si organizator t\u00eb k\u00ebsaj vrasje. \u201cE kam njohur dhe ruaj p\u00ebr t\u00eb kujtimet m\u00eb t\u00eb mir\u00eb e m\u00eb t\u00eb madh. Ka [&hellip;]<\/p>\n","protected":false,"gt_translate_keys":[{"key":"rendered","format":"html"}]},"author":32,"featured_media":278807,"comment_status":"open","ping_status":"open","sticky":false,"template":"","format":"standard","meta":{"footnotes":""},"categories":[65],"tags":[],"class_list":["post-300521","post","type-post","status-publish","format-standard","has-post-thumbnail","hentry","category-lajme"],"gt_translate_keys":[{"key":"link","format":"url"}],"_links":{"self":[{"href":"https:\/\/www.hashtag.al\/index.php\/wp-json\/wp\/v2\/posts\/300521","targetHints":{"allow":["GET"]}}],"collection":[{"href":"https:\/\/www.hashtag.al\/index.php\/wp-json\/wp\/v2\/posts"}],"about":[{"href":"https:\/\/www.hashtag.al\/index.php\/wp-json\/wp\/v2\/types\/post"}],"author":[{"embeddable":true,"href":"https:\/\/www.hashtag.al\/index.php\/wp-json\/wp\/v2\/users\/32"}],"replies":[{"embeddable":true,"href":"https:\/\/www.hashtag.al\/index.php\/wp-json\/wp\/v2\/comments?post=300521"}],"version-history":[{"count":0,"href":"https:\/\/www.hashtag.al\/index.php\/wp-json\/wp\/v2\/posts\/300521\/revisions"}],"wp:featuredmedia":[{"embeddable":true,"href":"https:\/\/www.hashtag.al\/index.php\/wp-json\/wp\/v2\/media\/278807"}],"wp:attachment":[{"href":"https:\/\/www.hashtag.al\/index.php\/wp-json\/wp\/v2\/media?parent=300521"}],"wp:term":[{"taxonomy":"category","embeddable":true,"href":"https:\/\/www.hashtag.al\/index.php\/wp-json\/wp\/v2\/categories?post=300521"},{"taxonomy":"post_tag","embeddable":true,"href":"https:\/\/www.hashtag.al\/index.php\/wp-json\/wp\/v2\/tags?post=300521"}],"curies":[{"name":"wp","href":"https:\/\/api.w.org\/{rel}","templated":true}]}}