{"id":300303,"date":"2019-05-29T20:00:58","date_gmt":"2019-05-29T18:00:58","guid":{"rendered":"https:\/\/hashtag.al\/?p=300303"},"modified":"2019-05-29T20:00:58","modified_gmt":"2019-05-29T18:00:58","slug":"kosova-kerkon-heqjen-e-imunitetit-per-shtetasin-rus-te-unmik","status":"publish","type":"post","link":"https:\/\/www.hashtag.al\/index.php\/2019\/05\/29\/kosova-kerkon-heqjen-e-imunitetit-per-shtetasin-rus-te-unmik\/","title":{"rendered":"Kosova k\u00ebrkon heqjen e imunitetit p\u00ebr shtetasin rus t\u00eb UNMIK","gt_translate_keys":[{"key":"rendered","format":"text"}]},"content":{"rendered":"<p><img loading=\"lazy\" decoding=\"async\" class=\"aligncenter size-full wp-image-300066\" src=\"https:\/\/hashtag.al\/wp-content\/uploads\/2019\/05\/Screenshot_2-108-600x360.png\" alt=\"\" width=\"600\" height=\"360\" srcset=\"https:\/\/www.hashtag.al\/wp-content\/uploads\/2019\/05\/Screenshot_2-108-600x360.png 600w, https:\/\/www.hashtag.al\/wp-content\/uploads\/2019\/05\/Screenshot_2-108-600x360-300x180.png 300w\" sizes=\"auto, (max-width: 600px) 100vw, 600px\" \/><\/p>\n<p><span style=\"color: #000000;\">Misioni i Kombeve t\u00eb Bashkuara n\u00eb Kosov\u00eb (UNMIK) nuk e komenton k\u00ebrkes\u00ebn e autoriteteve t\u00eb Kosov\u00ebs p\u00ebr heqjen e imunitetit t\u00eb shtetasit rus, marr\u00eb parasysh se b\u00ebhet fjal\u00eb p\u00ebr proces gjyq\u00ebsor n\u00eb zhvillim e sip\u00ebr, thekson misioni UNMIK n\u00eb nj\u00eb p\u00ebrgjigje me shkrim p\u00ebr Radion Evropa e Lir\u00eb. UNMIK-u ka shtuar se \u00ebsht\u00eb procedura e p\u00ebrgjithshme q\u00eb k\u00ebrkesat e tilla t\u2019i p\u00ebrcillen Sekretarit t\u00eb P\u00ebrgjithsh\u00ebm t\u00eb Kombeve t\u00eb Bashkuara, p\u00ebr nj\u00eb vendim.<\/span><\/p>\n<p><span style=\"color: #000000;\">UNMIK-u thekson q\u00eb n\u00eb p\u00ebrputhje me t\u00eb drejt\u00ebn nd\u00ebrkomb\u00ebtare dhe ligjin n\u00eb Kosov\u00eb, i gjith\u00eb personeli i UNMIK-ut g\u00ebzon imunitet ndaj proceseve gjyq\u00ebsore.<\/span><\/p>\n<p><span style=\"color: #000000;\">Prokuroria Themelore n\u00eb Mitrovic\u00eb, p\u00ebrmes Ministris\u00eb s\u00eb Pun\u00ebve t\u00eb Jashtme t\u00eb Qeveris\u00eb s\u00eb Kosov\u00ebs, ka k\u00ebrkuar heqjen e imunitetit t\u00eb shtetasit rus dhe pun\u00ebtorit t\u00eb Misionit t\u00eb Kombeve t\u00eb Bashkuara n\u00eb Kosov\u00eb UNMIK), i cili t\u00eb mart\u00ebn,\u00a0gjat\u00eb aksionit t\u00eb Policis\u00eb s\u00eb Kosov\u00ebs\u00a0n\u00eb veri t\u00eb vendit, \u00ebsht\u00eb ndaluar p\u00ebr shkak se ka marr\u00eb pjes\u00eb n\u00eb barrikada.<\/span><\/p>\n<p><span style=\"color: #000000;\">Prokurori kryesor n\u00eb Mitrovic\u00eb, Shyqri Syla, ka konfirmuar p\u00ebr Radion Evropa e Lir\u00eb se k\u00ebrkesa, p\u00ebr heqjen e imunitetit, \u00ebsht\u00eb paraqitur t\u00eb m\u00ebrkur\u00ebn, n\u00eb m\u00ebnyr\u00eb q\u00eb t\u00eb niset procedura penale lidhur me vepr\u00ebn penale<\/span><\/p>\n<p><span style=\"color: #000000;\">\u201cP\u00ebr vepr\u00ebn penale \u2018pengim i personit zyrtar n\u00eb zbatimin e detyr\u00ebs\u2019 dhe \u2018pjes\u00ebmarrje n\u00eb turm\u00eb, q\u00eb kryen vep\u00ebr penale t\u00eb huliganizmit\u2019\u201d, ka th\u00ebn\u00eb Syla.<\/span><\/p>\n<p><span style=\"color: #000000;\">Misioni i UNMIK-ut, megjithat\u00eb, thekson q\u00eb dy pun\u00ebtor\u00ebt e k\u00ebtij misioni jan\u00eb arrestuar derisa po i kryenin detyrat e tyre t\u00ebmbik\u00ebqyrjes dhe raportimit t\u00eb situat\u00ebs, n\u00eb p\u00ebrputhje me mandatin e misionit. Autoritetet e Kosov\u00ebs kan\u00eb theksuar q\u00eb dy pun\u00ebtor\u00ebt e UNMIK-ut jan\u00eb shoq\u00ebruar n\u00eb polici , sepse kan\u00eb marr\u00eb pjes\u00eb n\u00eb barrikada.<\/span><\/p>\n<p><span style=\"color: #000000;\">Por, n\u00eb p\u00ebrgjigjen e UNMIK-ut, thuhet q\u00eb \u201cp\u00ebrderisa detajet po sqarohen ende,personeli i ky\u00e7ur ka punuar n\u00eb cil\u00ebsin\u00eb zyrtare, kur jan\u00eb arrestuar dhe shoq\u00ebruar\u201d.<\/span><\/p>\n<p><span style=\"color: #000000;\">\u201cP\u00ebrve\u00e7 k\u00ebsaj, ekzistojn\u00eb pohime serioze q\u00eb policia ka ushtruar dhun\u00eb kund\u00ebr personave t\u00eb identifikuar qart\u00ebsisht t\u00eb Kombeve t\u00eb Bashkuara, gj\u00eb q\u00eb i tejkalon standardet e arsyeshme. UNMIK-u, duhet q\u00eb t\u00eb marr\u00eb informacione adekuate nga organet e pushtetit, n\u00eb kuptimin e arsyes s\u00eb arrestimit t\u00eb tyre \u201c, thuhet n\u00eb p\u00ebrgjigjen e UNMIK-ut.<\/span><\/p>\n<p><span style=\"color: #000000;\">Si\u00e7 thuhet n\u00eb k\u00ebt\u00eb p\u00ebrgjigje, t\u00eb dy pun\u00ebtor\u00ebt kan\u00eb marr\u00eb l\u00ebndime dhe i jan\u00eb n\u00ebnshtruar mjekimit.<\/span><\/p>\n<p><span style=\"color: #000000;\">Gjithashtu, n\u00eb p\u00ebrgjigje shtohet se shtetasi rus \u00ebsht\u00eb zyrtar p\u00ebr \u00e7\u00ebshtje civile me stazhin m\u00eb t\u00eb gjat\u00eb t\u00eb stacionimit n\u00eb zyr\u00ebn e k\u00ebtij misioni n\u00eb Zubin Potok, p\u00ebrderisa personi tjet\u00ebr, i nacionalitetit serb, \u00ebsht\u00eb asistent n\u00eb t\u00eb nj\u00ebjt\u00ebn zyr\u00eb.<\/span><\/p>\n<p><span style=\"color: #000000;\">Shtetasi rus \u00ebsht\u00eb liruar disa or\u00eb pas shoq\u00ebrimit t\u00eb tij n\u00eb polici, nd\u00ebrkaq q\u00eb pun\u00ebtori tjet\u00ebr, serb i Kosov\u00ebs, ende \u00ebsht\u00eb n\u00eb paraburgim.<\/span><\/p>\n<p><span style=\"color: #000000;\">P\u00ebrndryshe, Sekretari i p\u00ebrgjithsh\u00ebm i Kombeve t\u00eb bashkuara, n\u00eb baz\u00eb t\u00eb Rregullores p\u00ebr statusin e personalit t\u00eb UNMIK-ut dhe KFOR-it, ka t\u00eb drejt\u00eb q\u00eb t\u00eb heq\u00eb imunitetin kujtdo n\u00eb UNMIK, n\u00eb qoft\u00eb se imuniteti, sipas mendimit t\u00eb tij, do ta pengonte rrjedh\u00ebn e drejt\u00ebsis\u00eb dhe mund t\u00eb hiqet pa prejudikimin e interesit t\u00eb UNMIK-ut.<\/span><\/p>\n<p><span style=\"color: #000000;\">Paraprakisht, Ministria e Pun\u00ebve t\u00eb Jashtme e Kosov\u00ebs ka k\u00ebrkuar nga misioni i Kombeve t\u00eb Bashkuara n\u00eb Kosov\u00eb, q\u00eb t\u00eb sqaroj\u00eb rrethanat e pranis\u00eb s\u00eb shtetasit rus, pun\u00ebtor i UNMIK-ut, n\u00eb barrikad\u00ebn n\u00eb af\u00ebrsi t\u00eb Zubin Potokut, n\u00eb veri t\u00eb Kosov\u00ebs.<\/span><\/p>\n<p><span style=\"color: #000000;\">Barrikada n\u00eb rrug\u00eb, n\u00eb form\u00ebn e drunjve, \u00ebsht\u00eb vendosur nga banor\u00ebt lokal n\u00eb m\u00ebnyr\u00eb q\u00eb t\u00eb pengohet kalimi i Policis\u00eb s\u00eb Kosov\u00ebs. N\u00eb at\u00eb koh\u00eb, ishte n\u00eb vazhdim e sip\u00ebr aksioni policor p\u00ebr arrestimin e zyrtar\u00ebve policor\u00eb dhe qytetar\u00ebve t\u00eb dyshuar p\u00ebr p\u00ebrfshirje n\u00eb korrupsion dhe krim t\u00eb organizuar.<\/span><\/p>\n<p><span style=\"color: #000000;\">Drejtori i Policis\u00eb s\u00eb Kosov\u00ebs, Reshat Qalaj ka deklaruar q\u00eb forcat e policis\u00eb \u201cgjat\u00eb p\u00ebrpjekjes p\u00ebr t\u2019i larguar barrikadat, p\u00ebr t\u00eb arritur n\u00eb cak, kan\u00eb hasur n\u00eb nj\u00eb automjet t\u00eb Kombeve t\u00eb Bashkuara, n\u00eb t\u00eb cilin ka qen\u00eb nj\u00eb pun\u00ebtor nd\u00ebrkomb\u00ebtar dhe nj\u00eb vendor i k\u00ebtij misioni\u201d.<\/span><\/p>\n<p><span style=\"color: #000000;\">\u201cArsyeja q\u00eb ne i kemi marr\u00eb dhe i kemi shoq\u00ebruar deri n\u00eb Polici, ka qen\u00eb pjes\u00ebmarrja n\u00eb barrikada\u201d, ka th\u00ebn\u00eb Qalaj.<\/span><\/p>\n<p><span style=\"color: #000000;\">Shoq\u00ebrimin n\u00eb Policin\u00eb e Kosov\u00ebs t\u00eb shtetasit rus\u00a0e ka potencuar t\u00eb mart\u00ebn\u00a0edhe presidenti i Kosov\u00ebs, Hashim Tha\u00e7i.<\/span><\/p>\n<p><span style=\"color: #000000;\">\u201c\u00cbsht\u00eb i arrestuar edhe nj\u00eb rus, i cili \u00ebsht\u00eb kamufluar n\u00eb petkun e diplomatit, p\u00ebr t\u00eb penguar Policin\u00eb e Kosov\u00ebs n\u00eb aksionin e tyre\u201d, ka theksuar Tha\u00e7i.<\/span><\/p>\n<p><span style=\"color: #000000;\">Kryeministri i Kosov\u00ebs, Ramush Haradinaj, ka theksuar q\u00eb \u201cinstitucionet e Kosov\u00ebs do ta trajtojn\u00eb \u00e7\u00ebshtjen e \u2018diplomatit\u2019 rus n\u00eb p\u00ebrputhje me konventat nd\u00ebrkomb\u00ebtare\u201d.<\/span><\/p>\n<p><span style=\"color: #000000;\">\u201cKosova dhe vendet e rajonit jan\u00eb t\u00eb njoftuara p\u00ebr agjend\u00ebn ruse p\u00ebr destabilizimin e rajonit ton\u00eb\u201d, ka shkruar Haradinaj n\u00eb rrjetin social Twitter.<\/span><\/p>\n<p><span style=\"color: #000000;\">Pas ndalimit, dy pun\u00ebtor\u00ebt e UNMIK-ut, shtetasi rus dhe ai lokal, jan\u00eb d\u00ebrguar n\u00eb spital n\u00eb Mitrovic\u00ebn veriore p\u00ebr t\u00eb mjekuar l\u00ebndimet, nd\u00ebrkaq nga ambasada e Rusis\u00eb n\u00eb Beograd dhe nga shefi i Misionit t\u00eb Kombeve t\u00eb Bashkuara n\u00eb Kosov\u00eb, Zahir Tanin, kan\u00eb ardhur thirrjet p\u00ebr lirimin e tij.<\/span><\/p>\n<p><span style=\"color: #000000;\">Z\u00ebdh\u00ebn\u00ebsja e Ministris\u00eb s\u00eb Jashtme t\u00eb Rusis\u00eb, Marija Zaharova, e ka quajtur aksionin e policis\u00eb n\u00eb veri si \u201cnd\u00ebrhyrje\u201d, \u201cnj\u00eb provokim t\u00eb Prishtin\u00ebs\u201d dhe \u201cvendosje e kontrollit p\u00ebrmes dhun\u00ebs\u201d.<\/span><\/p>\n<p><span style=\"color: #000000;\">Shtetasi rus dhe pun\u00ebtori i UNMIK-ut, Mihajil Krasnosh\u00e7enkov (Mikhail Krasnosh\u0107ekov), \u00ebsht\u00eb liruar t\u00eb mart\u00ebn, n\u00eb or\u00ebt e pasdites.<\/span><\/p>\n<p><span style=\"color: #000000;\">Milan Ivanoviq, drejtor i Qendr\u00ebs sh\u00ebndet\u00ebsore n\u00eb Mitrovic\u00ebn veriore, ka th\u00ebn\u00eb t\u00eb m\u00ebrkur\u00ebn, n\u00eb protest\u00ebn e banor\u00ebve lokal n\u00eb Mitrovic\u00ebn Veriore, se Krasnosh\u00e7enkov, gjat\u00eb ndalimit, ka marr\u00eb \u201cl\u00ebndime t\u00eb r\u00ebnda trupore\u201d dhe se ai do t\u00eb d\u00ebrgohet n\u00eb Akademin\u00eb ushtarake-mjek\u00ebsore n\u00eb Beograd, p\u00ebr kurim t\u00eb m\u00ebtejm\u00eb.<\/span><\/p>\n<p><span style=\"color: #000000;\">Kush \u00ebsht\u00eb Mikhail Krasnosh\u00e7ekov?<\/span><\/p>\n<p><span style=\"color: #000000;\">Bazuar n\u00eb profilin e tij n\u00eb LinkedIn, Krasnosh\u00e7ekov gjendet n\u00eb Kosov\u00eb q\u00eb nga viti 1998. At\u00ebher\u00eb, q\u00eb nga dhjetori i atij viti e deri n\u00eb mars t\u00eb vitit 1999 ka qen\u00eb pjes\u00eb e Misionit verifikues t\u00eb OSBE-s\u00eb n\u00eb Kosov\u00eb.<\/span><\/p>\n<p><span style=\"color: #000000;\">Pas luft\u00ebs, q\u00eb nga n\u00ebntori i vitit 1999, p\u00ebr m\u00eb shum\u00eb se nj\u00eb vit ka punuar si Zyrtar p\u00ebr t\u00eb drejta t\u00eb njeriut n\u00eb misionin e OSBE-s\u00eb. N\u00eb vitin 2001, ai kalon n\u00eb UNMIK dhe aty gjendet deri m\u00eb sot.<\/span><\/p>\n<p><span style=\"color: #000000;\">Sh\u00ebnim: Fillimisht n\u00eb artikull \u00ebsht\u00eb publikuar gabimisht se k\u00ebrkesa e autoriteteve t\u00eb Kosov\u00ebs p\u00ebr heqjen e imunitetit t\u00eb punonj\u00ebsit t\u00eb UNMIK-ut \u00ebsht\u00eb d\u00ebrguar te selia e OKB-s\u00eb p\u00ebr vendimarrje.<\/span><\/p>\n","protected":false,"gt_translate_keys":[{"key":"rendered","format":"html"}]},"excerpt":{"rendered":"<p>Misioni i Kombeve t\u00eb Bashkuara n\u00eb Kosov\u00eb (UNMIK) nuk e komenton k\u00ebrkes\u00ebn e autoriteteve t\u00eb Kosov\u00ebs p\u00ebr heqjen e imunitetit t\u00eb shtetasit rus, marr\u00eb parasysh se b\u00ebhet fjal\u00eb p\u00ebr proces gjyq\u00ebsor n\u00eb zhvillim e sip\u00ebr, thekson misioni UNMIK n\u00eb nj\u00eb p\u00ebrgjigje me shkrim p\u00ebr Radion Evropa e Lir\u00eb. UNMIK-u ka shtuar se \u00ebsht\u00eb procedura e [&hellip;]<\/p>\n","protected":false,"gt_translate_keys":[{"key":"rendered","format":"html"}]},"author":32,"featured_media":300066,"comment_status":"open","ping_status":"open","sticky":false,"template":"","format":"standard","meta":{"footnotes":""},"categories":[65,13],"tags":[],"class_list":["post-300303","post","type-post","status-publish","format-standard","has-post-thumbnail","hentry","category-lajme","category-te-fundit"],"gt_translate_keys":[{"key":"link","format":"url"}],"_links":{"self":[{"href":"https:\/\/www.hashtag.al\/index.php\/wp-json\/wp\/v2\/posts\/300303","targetHints":{"allow":["GET"]}}],"collection":[{"href":"https:\/\/www.hashtag.al\/index.php\/wp-json\/wp\/v2\/posts"}],"about":[{"href":"https:\/\/www.hashtag.al\/index.php\/wp-json\/wp\/v2\/types\/post"}],"author":[{"embeddable":true,"href":"https:\/\/www.hashtag.al\/index.php\/wp-json\/wp\/v2\/users\/32"}],"replies":[{"embeddable":true,"href":"https:\/\/www.hashtag.al\/index.php\/wp-json\/wp\/v2\/comments?post=300303"}],"version-history":[{"count":0,"href":"https:\/\/www.hashtag.al\/index.php\/wp-json\/wp\/v2\/posts\/300303\/revisions"}],"wp:featuredmedia":[{"embeddable":true,"href":"https:\/\/www.hashtag.al\/index.php\/wp-json\/wp\/v2\/media\/300066"}],"wp:attachment":[{"href":"https:\/\/www.hashtag.al\/index.php\/wp-json\/wp\/v2\/media?parent=300303"}],"wp:term":[{"taxonomy":"category","embeddable":true,"href":"https:\/\/www.hashtag.al\/index.php\/wp-json\/wp\/v2\/categories?post=300303"},{"taxonomy":"post_tag","embeddable":true,"href":"https:\/\/www.hashtag.al\/index.php\/wp-json\/wp\/v2\/tags?post=300303"}],"curies":[{"name":"wp","href":"https:\/\/api.w.org\/{rel}","templated":true}]}}