{"id":300103,"date":"2019-05-29T00:02:22","date_gmt":"2019-05-28T22:02:22","guid":{"rendered":"https:\/\/hashtag.al\/?p=300103"},"modified":"2019-05-29T00:02:22","modified_gmt":"2019-05-28T22:02:22","slug":"david-luiz-sherr-me-sarrin-ne-stervitje-para-finales-te-evropa-league","status":"publish","type":"post","link":"https:\/\/www.hashtag.al\/index.php\/2019\/05\/29\/david-luiz-sherr-me-sarrin-ne-stervitje-para-finales-te-evropa-league\/","title":{"rendered":"David Luiz sherr me Sarrin n\u00eb st\u00ebrvitje para finales t\u00eb Evropa League","gt_translate_keys":[{"key":"rendered","format":"text"}]},"content":{"rendered":"<p><img loading=\"lazy\" decoding=\"async\" class=\"aligncenter size-full wp-image-300104\" src=\"https:\/\/hashtag.al\/wp-content\/uploads\/2019\/05\/sarri-david-luiz-768x564.jpg\" alt=\"\" width=\"768\" height=\"564\" srcset=\"https:\/\/www.hashtag.al\/wp-content\/uploads\/2019\/05\/sarri-david-luiz-768x564.jpg 768w, https:\/\/www.hashtag.al\/wp-content\/uploads\/2019\/05\/sarri-david-luiz-768x564-300x220.jpg 300w\" sizes=\"auto, (max-width: 768px) 100vw, 768px\" \/><\/p>\n<p><span style=\"color: #000000;\">Gjat\u00eb st\u00ebrvitjes s\u00eb fundit n\u00eb fush\u00eb ka sh\u00ebrthyer debati mes Maurizio Sarri e David Luiz. Pas nj\u00eb gjys\u00ebm ore nxemje klasike n\u00eb nj\u00eb atmosfer\u00eb t\u00eb qet\u00eb, skuadra u nda n\u00eb grupe p\u00ebr t\u00eb provuar goditjet e d\u00ebnimit dhe penalltit\u00eb.<\/span><\/p>\n<p><span style=\"color: #000000;\">N\u00eb nj\u00eb pik\u00eb t\u00eb st\u00ebrvitjes, tekniku italian iu afrua mbrojt\u00ebsit (q\u00eb pak m\u00eb par\u00eb kishte patur nj\u00eb shk\u00ebmbim opinionesh me Higuain) e t\u00eb dy kan\u00eb nisur diskutimin.<\/span><\/p>\n<p><span style=\"color: #000000;\">David Luiz ka shfaqur t\u00eb gjith\u00eb mosaprovimin e tij me fjal\u00eb e gjeste e Sarri nuk e priti mir\u00eb reagimin e brazilianit. Ish-tekniku i Napoli hodhi n\u00eb aj\u00ebr kapelen dhe e goditi me shkelma m\u00eb shum\u00eb se nj\u00eb her\u00eb, p\u00ebrpara se t\u00eb l\u00ebshonte st\u00ebrvitjen para kohe.<\/span><\/p>\n<p><span style=\"color: #000000;\">Nj\u00eb episod q\u00eb konfirmon se klima brenda dhomave t\u00eb zhveshjes s\u00eb Blues, prej muajsh tashm\u00eb, nuk \u00ebsht\u00eb ajo m\u00eb e mira e jo vet\u00ebm n\u00eb lidhje me lamtumir\u00ebn e mundshme t\u00eb teknikut nga Chelsea.<\/span><\/p>\n","protected":false,"gt_translate_keys":[{"key":"rendered","format":"html"}]},"excerpt":{"rendered":"<p>Gjat\u00eb st\u00ebrvitjes s\u00eb fundit n\u00eb fush\u00eb ka sh\u00ebrthyer debati mes Maurizio Sarri e David Luiz. Pas nj\u00eb gjys\u00ebm ore nxemje klasike n\u00eb nj\u00eb atmosfer\u00eb t\u00eb qet\u00eb, skuadra u nda n\u00eb grupe p\u00ebr t\u00eb provuar goditjet e d\u00ebnimit dhe penalltit\u00eb. N\u00eb nj\u00eb pik\u00eb t\u00eb st\u00ebrvitjes, tekniku italian iu afrua mbrojt\u00ebsit (q\u00eb pak m\u00eb par\u00eb kishte patur [&hellip;]<\/p>\n","protected":false,"gt_translate_keys":[{"key":"rendered","format":"html"}]},"author":32,"featured_media":300104,"comment_status":"open","ping_status":"open","sticky":false,"template":"","format":"standard","meta":{"footnotes":""},"categories":[134,13],"tags":[],"class_list":["post-300103","post","type-post","status-publish","format-standard","has-post-thumbnail","hentry","category-sport","category-te-fundit"],"gt_translate_keys":[{"key":"link","format":"url"}],"_links":{"self":[{"href":"https:\/\/www.hashtag.al\/index.php\/wp-json\/wp\/v2\/posts\/300103","targetHints":{"allow":["GET"]}}],"collection":[{"href":"https:\/\/www.hashtag.al\/index.php\/wp-json\/wp\/v2\/posts"}],"about":[{"href":"https:\/\/www.hashtag.al\/index.php\/wp-json\/wp\/v2\/types\/post"}],"author":[{"embeddable":true,"href":"https:\/\/www.hashtag.al\/index.php\/wp-json\/wp\/v2\/users\/32"}],"replies":[{"embeddable":true,"href":"https:\/\/www.hashtag.al\/index.php\/wp-json\/wp\/v2\/comments?post=300103"}],"version-history":[{"count":0,"href":"https:\/\/www.hashtag.al\/index.php\/wp-json\/wp\/v2\/posts\/300103\/revisions"}],"wp:featuredmedia":[{"embeddable":true,"href":"https:\/\/www.hashtag.al\/index.php\/wp-json\/wp\/v2\/media\/300104"}],"wp:attachment":[{"href":"https:\/\/www.hashtag.al\/index.php\/wp-json\/wp\/v2\/media?parent=300103"}],"wp:term":[{"taxonomy":"category","embeddable":true,"href":"https:\/\/www.hashtag.al\/index.php\/wp-json\/wp\/v2\/categories?post=300103"},{"taxonomy":"post_tag","embeddable":true,"href":"https:\/\/www.hashtag.al\/index.php\/wp-json\/wp\/v2\/tags?post=300103"}],"curies":[{"name":"wp","href":"https:\/\/api.w.org\/{rel}","templated":true}]}}