{"id":299989,"date":"2019-05-28T14:09:43","date_gmt":"2019-05-28T12:09:43","guid":{"rendered":"https:\/\/hashtag.al\/?p=299989"},"modified":"2019-05-28T14:18:57","modified_gmt":"2019-05-28T12:18:57","slug":"prokuroria-nis-hetimet-ndaj-ish-deputeteve-te-pd-se","status":"publish","type":"post","link":"https:\/\/www.hashtag.al\/index.php\/2019\/05\/28\/prokuroria-nis-hetimet-ndaj-ish-deputeteve-te-pd-se\/","title":{"rendered":"Prokuroria nis hetimet ndaj ish-deputet\u00ebve t\u00eb PD-s\u00eb","gt_translate_keys":[{"key":"rendered","format":"text"}]},"content":{"rendered":"<p><img loading=\"lazy\" decoding=\"async\" class=\"aligncenter size-full wp-image-299991\" src=\"https:\/\/hashtag.al\/wp-content\/uploads\/2019\/05\/policia28maj.jpg\" alt=\"\" width=\"606\" height=\"341\" srcset=\"https:\/\/www.hashtag.al\/wp-content\/uploads\/2019\/05\/policia28maj.jpg 606w, https:\/\/www.hashtag.al\/wp-content\/uploads\/2019\/05\/policia28maj-300x169.jpg 300w\" sizes=\"auto, (max-width: 606px) 100vw, 606px\" \/><\/p>\n<p><span style=\"color: #000000;\">Prokuroria ka nisur hetimin ndaj disa ish-deputet\u00ebve t\u00eb Partis\u00eb Demokratike lidhur me p\u00ebrplasjen e ndodhur brenda mjediseve t\u00eb t\u00eb Drejtoris\u00eb s\u00eb Policis\u00eb s\u00eb Tiran\u00ebs.<\/span><\/p>\n<p><span style=\"color: #000000;\"> Sipas organit t\u00eb akuz\u00ebs, n\u00eb pamjet q\u00eb jan\u00eb publikuar me video, duken sesi disa ish-deputet\u00eb futen n\u00eb mjediset e policis\u00eb dhe sillen n\u00eb m\u00ebnyr\u00eb t\u00eb dhunshme ndaj efektiv\u00ebve.<\/span><\/p>\n<p><span style=\"color: #000000;\"><em>\u201cN\u00eb pamjet e b\u00ebra publike tregojn\u00eb sesi Flamur Noka s\u00eb bashku me Enkelejd Alibeaj, Gent Strazimirin, Klevis Balliun, Xhemal Gjunkshin, Anton Frrokajn hyjn\u00eb me dhun\u00eb n\u00eb ambientet e Drejtoris\u00eb Vendore t\u00eb Policis\u00eb, Tiran\u00eb dhe veprojn\u00eb n\u00eb m\u00ebnyr\u00eb t\u00eb dhunshme ndaj efektiv\u00ebve t\u00eb policis\u00eb. <\/em><\/span><\/p>\n<p><span style=\"color: #000000;\"><em>N\u00eb lidhje me k\u00ebt\u00eb rast Prokuroria pran\u00eb Gjykat\u00ebs s\u00eb Shkall\u00ebs s\u00eb Par\u00eb, Tiran\u00eb, ka kryer hetime duke ngritur akuz\u00eb p\u00ebr vepr\u00ebn penale t\u00eb Kund\u00ebrshtim i punonj\u00ebsit t\u00eb policis\u00eb s\u00eb rendit publik, kryer n\u00eb p\u00ebrdorim t\u00eb dhun\u00ebs dhe n\u00eb bashk\u00ebpunim, sipas nenit 236\/2 te Kodit Penal.\u201d<\/em> &#8211; thuhet n\u00eb njoftim.<\/span><\/p>\n<p><span style=\"color: #000000;\">Ky hetim ka filluar pas protest\u00ebs s\u00eb dat\u00ebs 16.02.2019.<\/span><\/p>\n","protected":false,"gt_translate_keys":[{"key":"rendered","format":"html"}]},"excerpt":{"rendered":"<p>Prokuroria ka nisur hetimin ndaj disa ish-deputet\u00ebve t\u00eb Partis\u00eb Demokratike lidhur me p\u00ebrplasjen e ndodhur brenda mjediseve t\u00eb t\u00eb Drejtoris\u00eb s\u00eb Policis\u00eb s\u00eb Tiran\u00ebs. Sipas organit t\u00eb akuz\u00ebs, n\u00eb pamjet q\u00eb jan\u00eb publikuar me video, duken sesi disa ish-deputet\u00eb futen n\u00eb mjediset e policis\u00eb dhe sillen n\u00eb m\u00ebnyr\u00eb t\u00eb dhunshme ndaj efektiv\u00ebve. \u201cN\u00eb pamjet e [&hellip;]<\/p>\n","protected":false,"gt_translate_keys":[{"key":"rendered","format":"html"}]},"author":51,"featured_media":299991,"comment_status":"open","ping_status":"open","sticky":false,"template":"","format":"standard","meta":{"footnotes":""},"categories":[65,13],"tags":[],"class_list":["post-299989","post","type-post","status-publish","format-standard","has-post-thumbnail","hentry","category-lajme","category-te-fundit"],"gt_translate_keys":[{"key":"link","format":"url"}],"_links":{"self":[{"href":"https:\/\/www.hashtag.al\/index.php\/wp-json\/wp\/v2\/posts\/299989","targetHints":{"allow":["GET"]}}],"collection":[{"href":"https:\/\/www.hashtag.al\/index.php\/wp-json\/wp\/v2\/posts"}],"about":[{"href":"https:\/\/www.hashtag.al\/index.php\/wp-json\/wp\/v2\/types\/post"}],"author":[{"embeddable":true,"href":"https:\/\/www.hashtag.al\/index.php\/wp-json\/wp\/v2\/users\/51"}],"replies":[{"embeddable":true,"href":"https:\/\/www.hashtag.al\/index.php\/wp-json\/wp\/v2\/comments?post=299989"}],"version-history":[{"count":0,"href":"https:\/\/www.hashtag.al\/index.php\/wp-json\/wp\/v2\/posts\/299989\/revisions"}],"wp:featuredmedia":[{"embeddable":true,"href":"https:\/\/www.hashtag.al\/index.php\/wp-json\/wp\/v2\/media\/299991"}],"wp:attachment":[{"href":"https:\/\/www.hashtag.al\/index.php\/wp-json\/wp\/v2\/media?parent=299989"}],"wp:term":[{"taxonomy":"category","embeddable":true,"href":"https:\/\/www.hashtag.al\/index.php\/wp-json\/wp\/v2\/categories?post=299989"},{"taxonomy":"post_tag","embeddable":true,"href":"https:\/\/www.hashtag.al\/index.php\/wp-json\/wp\/v2\/tags?post=299989"}],"curies":[{"name":"wp","href":"https:\/\/api.w.org\/{rel}","templated":true}]}}