{"id":299973,"date":"2019-05-28T12:54:42","date_gmt":"2019-05-28T10:54:42","guid":{"rendered":"https:\/\/hashtag.al\/?p=299973"},"modified":"2019-05-28T18:21:41","modified_gmt":"2019-05-28T16:21:41","slug":"pushohet-hetimi-gjykata-liron-te-dyshuarin-per-vrasjen-e-mario-majollarit","status":"publish","type":"post","link":"https:\/\/www.hashtag.al\/index.php\/2019\/05\/28\/pushohet-hetimi-gjykata-liron-te-dyshuarin-per-vrasjen-e-mario-majollarit\/","title":{"rendered":"Pushohet hetimi, gjykata liron t\u00eb dyshuarin p\u00ebr vrasjen e Mario Majollarit","gt_translate_keys":[{"key":"rendered","format":"text"}]},"content":{"rendered":"<div id=\"attachment_179631\" style=\"width: 790px\" class=\"wp-caption aligncenter\"><img loading=\"lazy\" decoding=\"async\" aria-describedby=\"caption-attachment-179631\" class=\"wp-image-179631 size-full\" src=\"https:\/\/hashtag.al\/wp-content\/uploads\/2018\/04\/1523389723_mariomajollari.jpg\" alt=\"\" width=\"780\" height=\"440\" \/><p id=\"caption-attachment-179631\" class=\"wp-caption-text\"><span style=\"color: #000000;\"><strong><em>Marjo Majollari<\/em><\/strong><\/span><\/p><\/div>\n<p><span style=\"color: #000000;\">Gjykata e Tiran\u00ebs ka vendosur t\u00eb pushoj\u00eb hetimet p\u00ebr Kastriot Gjuzin, t\u00eb akuzuar p\u00ebr vrasjen e Mario Majollarit rreth nj\u00eb vit m\u00eb par\u00eb.<\/span><\/p>\n<p><span style=\"color: #000000;\">Prokuroria e Tiran\u00ebs prej disa jav\u00ebsh kishte k\u00ebrkuar pushimin e procedimit, pasi nuk ka prova t\u00eb mjaftueshme p\u00ebr t\u00eb v\u00ebrtetuar faj\u00ebsin\u00eb e Gjuzit.<\/span><\/p>\n<p><span style=\"color: #000000;\">N\u00eb seanc\u00ebn e sotme, ishte e pranishme edhe n\u00ebna e Majollarit e cila kund\u00ebrshton vendimim.<\/span><\/p>\n<p><span style=\"color: #000000;\">\u00a0\u201cPrisja m\u00eb shum\u00eb nga ky shtet q\u00eb i doli p\u00ebr zot djalit tim dhe e ktheu. K\u00ebta jan\u00eb t\u00eb gjith\u00eb t\u00eb korruptuar, \u00e7far\u00eb drejt\u00ebsie \u00ebsht\u00eb kjo\u201d, \u00ebsht\u00eb shprehur ajo, citon &#8220;<span style=\"color: #0000ff;\"><a style=\"color: #0000ff;\" href=\"http:\/\/www.panorama.com.al\/vrasja-e-mario-majollarit-gjykata-e-tiranes-pushon-hetimet-per-autorin-e-dyshuar-nena-apel-shtetit-prisja\/\">Panorama<\/a><\/span>&#8220;.<\/span><\/p>\n<p><span style=\"color: #000000;\">N\u00ebna e Majollarit thot\u00eb se do t\u00eb apeloj\u00eb vendimin.<\/span><\/p>\n<p><span style=\"color: #000000;\">Kujtojm\u00eb se i riu Mario Majollari u ekzekutua mbr\u00ebmjen e 10 prillit rreth or\u00ebs 20:25, pran\u00eb nj\u00eb pike karburanti n\u00eb zon\u00ebn e Kinostudios n\u00eb Tiran\u00eb. Policia dyshon se ngjarja ka ndodhur p\u00ebr hakmarrje, pasi babai i Majollarit \u00ebsht\u00eb d\u00ebnuar me burgim t\u00eb p\u00ebrjetsh\u00ebm p\u00ebr dy vrasje n\u00eb vitin 2000.<\/span><\/p>\n<p><span style=\"color: #000000;\">I ati i tij Avni Majollari ka vrar\u00eb A. Nelaj dhe Ilir Gjuzin.<\/span><\/p>\n<p><span style=\"color: #000000;\">Majollari kishte k\u00ebrkuar azil n\u00eb Suedi, pasi kishte frik\u00eb se do ta ekzekutonin p\u00ebr hakmarrje.<\/span><\/p>\n<p><span style=\"color: #000000;\">Kastriot Gjuzi u arrestua n\u00eb Kosov\u00eb, pa kaluar as 48 or\u00eb nga krimi i r\u00ebnd\u00eb.<\/span><\/p>\n<div id=\"attachment_299975\" style=\"width: 1011px\" class=\"wp-caption aligncenter\"><img loading=\"lazy\" decoding=\"async\" aria-describedby=\"caption-attachment-299975\" class=\"wp-image-299975 size-full\" src=\"https:\/\/hashtag.al\/wp-content\/uploads\/2019\/05\/kastriot-gjuzi1.jpg\" alt=\"\" width=\"1001\" height=\"627\" srcset=\"https:\/\/www.hashtag.al\/wp-content\/uploads\/2019\/05\/kastriot-gjuzi1.jpg 1001w, https:\/\/www.hashtag.al\/wp-content\/uploads\/2019\/05\/kastriot-gjuzi1-300x188.jpg 300w, https:\/\/www.hashtag.al\/wp-content\/uploads\/2019\/05\/kastriot-gjuzi1-768x481.jpg 768w\" sizes=\"auto, (max-width: 1001px) 100vw, 1001px\" \/><p id=\"caption-attachment-299975\" class=\"wp-caption-text\"><span style=\"color: #000000;\"><strong><em>Kastriot Gjuzi<\/em><\/strong><\/span><\/p><\/div>\n","protected":false,"gt_translate_keys":[{"key":"rendered","format":"html"}]},"excerpt":{"rendered":"<p>Gjykata e Tiran\u00ebs ka vendosur t\u00eb pushoj\u00eb hetimet p\u00ebr Kastriot Gjuzin, t\u00eb akuzuar p\u00ebr vrasjen e Mario Majollarit rreth nj\u00eb vit m\u00eb par\u00eb. Prokuroria e Tiran\u00ebs prej disa jav\u00ebsh kishte k\u00ebrkuar pushimin e procedimit, pasi nuk ka prova t\u00eb mjaftueshme p\u00ebr t\u00eb v\u00ebrtetuar faj\u00ebsin\u00eb e Gjuzit. N\u00eb seanc\u00ebn e sotme, ishte e pranishme edhe n\u00ebna [&hellip;]<\/p>\n","protected":false,"gt_translate_keys":[{"key":"rendered","format":"html"}]},"author":30,"featured_media":179631,"comment_status":"open","ping_status":"open","sticky":false,"template":"","format":"standard","meta":{"footnotes":""},"categories":[65,13],"tags":[],"class_list":["post-299973","post","type-post","status-publish","format-standard","has-post-thumbnail","hentry","category-lajme","category-te-fundit"],"gt_translate_keys":[{"key":"link","format":"url"}],"_links":{"self":[{"href":"https:\/\/www.hashtag.al\/index.php\/wp-json\/wp\/v2\/posts\/299973","targetHints":{"allow":["GET"]}}],"collection":[{"href":"https:\/\/www.hashtag.al\/index.php\/wp-json\/wp\/v2\/posts"}],"about":[{"href":"https:\/\/www.hashtag.al\/index.php\/wp-json\/wp\/v2\/types\/post"}],"author":[{"embeddable":true,"href":"https:\/\/www.hashtag.al\/index.php\/wp-json\/wp\/v2\/users\/30"}],"replies":[{"embeddable":true,"href":"https:\/\/www.hashtag.al\/index.php\/wp-json\/wp\/v2\/comments?post=299973"}],"version-history":[{"count":0,"href":"https:\/\/www.hashtag.al\/index.php\/wp-json\/wp\/v2\/posts\/299973\/revisions"}],"wp:featuredmedia":[{"embeddable":true,"href":"https:\/\/www.hashtag.al\/index.php\/wp-json\/"}],"wp:attachment":[{"href":"https:\/\/www.hashtag.al\/index.php\/wp-json\/wp\/v2\/media?parent=299973"}],"wp:term":[{"taxonomy":"category","embeddable":true,"href":"https:\/\/www.hashtag.al\/index.php\/wp-json\/wp\/v2\/categories?post=299973"},{"taxonomy":"post_tag","embeddable":true,"href":"https:\/\/www.hashtag.al\/index.php\/wp-json\/wp\/v2\/tags?post=299973"}],"curies":[{"name":"wp","href":"https:\/\/api.w.org\/{rel}","templated":true}]}}