{"id":299726,"date":"2019-05-27T10:56:01","date_gmt":"2019-05-27T08:56:01","guid":{"rendered":"https:\/\/hashtag.al\/?p=299726"},"modified":"2019-05-27T11:27:39","modified_gmt":"2019-05-27T09:27:39","slug":"dy-shqiptare-ngjitin-malin-everest","status":"publish","type":"post","link":"https:\/\/www.hashtag.al\/index.php\/2019\/05\/27\/dy-shqiptare-ngjitin-malin-everest\/","title":{"rendered":"Dy shqiptar\u00eb ngjitin malin Everest","gt_translate_keys":[{"key":"rendered","format":"text"}]},"content":{"rendered":"<p><img loading=\"lazy\" decoding=\"async\" class=\"aligncenter size-full wp-image-299727\" src=\"https:\/\/hashtag.al\/wp-content\/uploads\/2019\/05\/shqiptaret2-2-338x450.jpg\" alt=\"\" width=\"338\" height=\"450\" srcset=\"https:\/\/www.hashtag.al\/wp-content\/uploads\/2019\/05\/shqiptaret2-2-338x450.jpg 338w, https:\/\/www.hashtag.al\/wp-content\/uploads\/2019\/05\/shqiptaret2-2-338x450-225x300.jpg 225w\" sizes=\"auto, (max-width: 338px) 100vw, 338px\" \/><\/p>\n<p><span style=\"color: #000000;\">Dy shqiptar\u00eb kan\u00eb arritur t\u00eb ngjiten n\u00eb maj\u00ebn m\u00eb t\u00eb lart\u00eb n\u00eb bot\u00eb, n\u00eb Everest. B\u00ebhet fjal\u00eb p\u00ebr Mrika Nikqi dhe Arianit Nikqi, bab\u00eb e bij\u00eb nga Kosova, t\u00eb cil\u00ebt \u00a0arrit\u00ebnt\u00eb ngjiten n\u00eb maj\u00ebn m\u00eb t\u00eb lart\u00eb t\u00eb bot\u00ebs sot rreth or\u00ebs 06.00.<\/span><\/p>\n<p><span style=\"color: #000000;\"><em>\u00a0\u201cSot m\u00eb dat\u00eb 27 maj, n\u00eb or\u00ebn 6, Mrik\u00eb Nikqi, m\u00eb e reja e t\u00eb gjith\u00eb alpinist\u00ebve, njohur me nofk\u00ebn \u2018Mrik\u00eb Mal\u00ebsorja\u2019, arriti me sukses q\u00eb t\u00eb ngjitet n\u00eb Everest n\u00eb lart\u00ebsin\u00eb prej \u00a08848 metra. Ajo ishte e shoq\u00ebruar nga babai Arianit Nik\u00e7i\u201d<\/em>, shkruhet n\u00eb nj\u00eb portal q\u00eb i dedikohet eventit \u201cEverest 2019\u201d.<\/span><\/p>\n<p><span style=\"color: #000000;\">Mrika Nikqi arriti n\u00eb 8848 metra lart\u00ebsi n\u00eb mosh\u00ebn 17-vje\u00e7are, duke sh\u00ebnuar rekordin, si alpinistja \u00a0m\u00eb e re q\u00eb ngjitet n\u00eb maj\u00ebn m\u00eb t\u00eb lart\u00eb n\u00eb bot\u00eb.<\/span><\/p>\n<p><span style=\"color: #000000;\">Ky sezon ka qen\u00eb nd\u00ebr sezonet m\u00eb tragjike n\u00eb malin Everest, ku 10 njer\u00ebz jan\u00eb raportuar t\u00eb vdekur. Sipas New York Times, shkak \u00ebsht\u00eb b\u00ebr\u00eb numri t\u00eb tep\u00ebrt t\u00eb alpinist\u00ebve t\u00eb pap\u00ebrvoj\u00eb n\u00eb mal.<\/span><\/p>\n<p><img loading=\"lazy\" decoding=\"async\" class=\"aligncenter size-full wp-image-299741\" src=\"https:\/\/hashtag.al\/wp-content\/uploads\/2019\/05\/mrika-1.jpg\" alt=\"\" width=\"720\" height=\"960\" srcset=\"https:\/\/www.hashtag.al\/wp-content\/uploads\/2019\/05\/mrika-1.jpg 720w, https:\/\/www.hashtag.al\/wp-content\/uploads\/2019\/05\/mrika-1-225x300.jpg 225w\" sizes=\"auto, (max-width: 720px) 100vw, 720px\" \/><\/p>\n<div id=\"attachment_299730\" style=\"width: 970px\" class=\"wp-caption aligncenter\"><img loading=\"lazy\" decoding=\"async\" aria-describedby=\"caption-attachment-299730\" class=\"wp-image-299730 size-full\" src=\"https:\/\/hashtag.al\/wp-content\/uploads\/2019\/05\/Mrika.jpg\" alt=\"\" width=\"960\" height=\"960\" srcset=\"https:\/\/www.hashtag.al\/wp-content\/uploads\/2019\/05\/Mrika.jpg 960w, https:\/\/www.hashtag.al\/wp-content\/uploads\/2019\/05\/Mrika-150x150.jpg 150w, https:\/\/www.hashtag.al\/wp-content\/uploads\/2019\/05\/Mrika-300x300.jpg 300w, https:\/\/www.hashtag.al\/wp-content\/uploads\/2019\/05\/Mrika-768x768.jpg 768w, https:\/\/www.hashtag.al\/wp-content\/uploads\/2019\/05\/Mrika-120x120.jpg 120w\" sizes=\"auto, (max-width: 960px) 100vw, 960px\" \/><p id=\"caption-attachment-299730\" class=\"wp-caption-text\"><span style=\"color: #000000;\"><strong><em>Mrika<\/em><\/strong><\/span><\/p><\/div>\n","protected":false,"gt_translate_keys":[{"key":"rendered","format":"html"}]},"excerpt":{"rendered":"<p>Dy shqiptar\u00eb kan\u00eb arritur t\u00eb ngjiten n\u00eb maj\u00ebn m\u00eb t\u00eb lart\u00eb n\u00eb bot\u00eb, n\u00eb Everest. B\u00ebhet fjal\u00eb p\u00ebr Mrika Nikqi dhe Arianit Nikqi, bab\u00eb e bij\u00eb nga Kosova, t\u00eb cil\u00ebt \u00a0arrit\u00ebnt\u00eb ngjiten n\u00eb maj\u00ebn m\u00eb t\u00eb lart\u00eb t\u00eb bot\u00ebs sot rreth or\u00ebs 06.00. \u00a0\u201cSot m\u00eb dat\u00eb 27 maj, n\u00eb or\u00ebn 6, Mrik\u00eb Nikqi, m\u00eb e [&hellip;]<\/p>\n","protected":false,"gt_translate_keys":[{"key":"rendered","format":"html"}]},"author":30,"featured_media":299728,"comment_status":"open","ping_status":"open","sticky":false,"template":"","format":"standard","meta":{"footnotes":""},"categories":[53],"tags":[],"class_list":["post-299726","post","type-post","status-publish","format-standard","has-post-thumbnail","hentry","category-fast-foodi"],"gt_translate_keys":[{"key":"link","format":"url"}],"_links":{"self":[{"href":"https:\/\/www.hashtag.al\/index.php\/wp-json\/wp\/v2\/posts\/299726","targetHints":{"allow":["GET"]}}],"collection":[{"href":"https:\/\/www.hashtag.al\/index.php\/wp-json\/wp\/v2\/posts"}],"about":[{"href":"https:\/\/www.hashtag.al\/index.php\/wp-json\/wp\/v2\/types\/post"}],"author":[{"embeddable":true,"href":"https:\/\/www.hashtag.al\/index.php\/wp-json\/wp\/v2\/users\/30"}],"replies":[{"embeddable":true,"href":"https:\/\/www.hashtag.al\/index.php\/wp-json\/wp\/v2\/comments?post=299726"}],"version-history":[{"count":0,"href":"https:\/\/www.hashtag.al\/index.php\/wp-json\/wp\/v2\/posts\/299726\/revisions"}],"wp:featuredmedia":[{"embeddable":true,"href":"https:\/\/www.hashtag.al\/index.php\/wp-json\/wp\/v2\/media\/299728"}],"wp:attachment":[{"href":"https:\/\/www.hashtag.al\/index.php\/wp-json\/wp\/v2\/media?parent=299726"}],"wp:term":[{"taxonomy":"category","embeddable":true,"href":"https:\/\/www.hashtag.al\/index.php\/wp-json\/wp\/v2\/categories?post=299726"},{"taxonomy":"post_tag","embeddable":true,"href":"https:\/\/www.hashtag.al\/index.php\/wp-json\/wp\/v2\/tags?post=299726"}],"curies":[{"name":"wp","href":"https:\/\/api.w.org\/{rel}","templated":true}]}}