{"id":299112,"date":"2019-05-24T14:46:15","date_gmt":"2019-05-24T12:46:15","guid":{"rendered":"https:\/\/hashtag.al\/?p=299112"},"modified":"2019-05-24T14:48:37","modified_gmt":"2019-05-24T12:48:37","slug":"basha-mesazh-me-video-per-shqiptaret-me-25-maj-tregojme-vendosmerine-per-liri-e-demokraci","status":"publish","type":"post","link":"https:\/\/www.hashtag.al\/index.php\/2019\/05\/24\/basha-mesazh-me-video-per-shqiptaret-me-25-maj-tregojme-vendosmerine-per-liri-e-demokraci\/","title":{"rendered":"Basha mesazh me video p\u00ebr shqiptar\u00ebt: M\u00eb 25 maj tregojm\u00eb vendosm\u00ebrin\u00eb p\u00ebr liri e demokraci","gt_translate_keys":[{"key":"rendered","format":"text"}]},"content":{"rendered":"<div style=\"width: 426px;\" class=\"wp-video\"><video class=\"wp-video-shortcode\" id=\"video-299112-1\" width=\"426\" height=\"238\" preload=\"metadata\" controls=\"controls\"><source type=\"video\/mp4\" src=\"https:\/\/hashtag.al\/wp-content\/uploads\/2019\/05\/Basha24maj.mp4?_=1\" \/><a href=\"https:\/\/hashtag.al\/wp-content\/uploads\/2019\/05\/Basha24maj.mp4\">https:\/\/hashtag.al\/wp-content\/uploads\/2019\/05\/Basha24maj.mp4<\/a><\/video><\/div>\n<p><span style=\"color: #000000;\">Kreu i Partis\u00eb Demokratike, Basha, u ka b\u00ebr\u00eb thirrje shqiptar\u00ebve q\u00eb t\u00eb dalin n\u00eb protest\u00ebn e nes\u00ebrme, m\u00eb 25 maj para kryeministris\u00eb. <\/span><\/p>\n<p><span style=\"color: #000000;\">Kryedemokrati ka shp\u00ebrndar\u00eb nj\u00eb video n\u00eb rrjetet sociale ku thot\u00eb se nes\u00ebr shqiptar\u00ebt duhet t\u00eb tregojn\u00eb vendosm\u00ebrin\u00eb p\u00ebr liri, demokraci, p\u00ebr zgjedhje t\u00eb lira e nj\u00eb qeveri nga populli.<\/span><\/p>\n<p><span style=\"color: #000000;\"><em>\u201cT\u00eb gjith\u00eb n\u00eb Tiran\u00eb nes\u00ebr, m\u00eb 25 maj n\u00eb or\u00ebn 19:00, p\u00ebr t\u00eb treguar vendosm\u00ebrin\u00eb ton\u00eb p\u00ebr liri, p\u00ebr demokraci, p\u00ebr zgjedhje t\u00eb lira e nj\u00eb qeveri nga populli, t\u00eb popullit dhe p\u00ebr popullin, p\u00ebr Shqip\u00ebrin\u00eb si e gjith\u00eb Europa. Asnj\u00eb hap pas! #25maj #Shqip\u00ebriaSiEuropa.\u201d<\/em> &#8211; shkruan Basha.<\/span><\/p>\n<p><span style=\"color: #000000;\">Kreu i PD-s\u00eb ka zhvilluar nj\u00eb s\u00ebr\u00eb takimesh \u00a0n\u00eb qytete t\u00eb ndryshme t\u00eb vendit n\u00eb vigjilje t\u00eb protest\u00ebs s\u00eb 25 majit. <\/span><\/p>\n<p><span style=\"color: #000000;\">Ai ka deklaruar se nuk do ket\u00eb asnj\u00eb marr\u00ebveshje me Ram\u00ebn duke k\u00ebrkuar dor\u00ebheqjen e tij si hapin e par\u00eb p\u00ebr kap\u00ebrcimin e kriz\u00ebs dhe shkuarjen n\u00eb zgjedhje t\u00eb p\u00ebrgjithshme t\u00eb parakohshme.<\/span><\/p>\n<p><img loading=\"lazy\" decoding=\"async\" class=\"aligncenter size-full wp-image-299114\" src=\"https:\/\/hashtag.al\/wp-content\/uploads\/2019\/05\/proteste-1-1.jpg\" alt=\"\" width=\"1024\" height=\"683\" srcset=\"https:\/\/www.hashtag.al\/wp-content\/uploads\/2019\/05\/proteste-1-1.jpg 1024w, https:\/\/www.hashtag.al\/wp-content\/uploads\/2019\/05\/proteste-1-1-300x200.jpg 300w, https:\/\/www.hashtag.al\/wp-content\/uploads\/2019\/05\/proteste-1-1-768x512.jpg 768w\" sizes=\"auto, (max-width: 1024px) 100vw, 1024px\" \/><\/p>\n","protected":false,"gt_translate_keys":[{"key":"rendered","format":"html"}]},"excerpt":{"rendered":"<p>Kreu i Partis\u00eb Demokratike, Basha, u ka b\u00ebr\u00eb thirrje shqiptar\u00ebve q\u00eb t\u00eb dalin n\u00eb protest\u00ebn e nes\u00ebrme, m\u00eb 25 maj para kryeministris\u00eb. Kryedemokrati ka shp\u00ebrndar\u00eb nj\u00eb video n\u00eb rrjetet sociale ku thot\u00eb se nes\u00ebr shqiptar\u00ebt duhet t\u00eb tregojn\u00eb vendosm\u00ebrin\u00eb p\u00ebr liri, demokraci, p\u00ebr zgjedhje t\u00eb lira e nj\u00eb qeveri nga populli. \u201cT\u00eb gjith\u00eb n\u00eb Tiran\u00eb [&hellip;]<\/p>\n","protected":false,"gt_translate_keys":[{"key":"rendered","format":"html"}]},"author":51,"featured_media":299115,"comment_status":"open","ping_status":"open","sticky":false,"template":"","format":"standard","meta":{"footnotes":""},"categories":[65,13],"tags":[],"class_list":["post-299112","post","type-post","status-publish","format-standard","has-post-thumbnail","hentry","category-lajme","category-te-fundit"],"gt_translate_keys":[{"key":"link","format":"url"}],"_links":{"self":[{"href":"https:\/\/www.hashtag.al\/index.php\/wp-json\/wp\/v2\/posts\/299112","targetHints":{"allow":["GET"]}}],"collection":[{"href":"https:\/\/www.hashtag.al\/index.php\/wp-json\/wp\/v2\/posts"}],"about":[{"href":"https:\/\/www.hashtag.al\/index.php\/wp-json\/wp\/v2\/types\/post"}],"author":[{"embeddable":true,"href":"https:\/\/www.hashtag.al\/index.php\/wp-json\/wp\/v2\/users\/51"}],"replies":[{"embeddable":true,"href":"https:\/\/www.hashtag.al\/index.php\/wp-json\/wp\/v2\/comments?post=299112"}],"version-history":[{"count":0,"href":"https:\/\/www.hashtag.al\/index.php\/wp-json\/wp\/v2\/posts\/299112\/revisions"}],"wp:featuredmedia":[{"embeddable":true,"href":"https:\/\/www.hashtag.al\/index.php\/wp-json\/wp\/v2\/media\/299115"}],"wp:attachment":[{"href":"https:\/\/www.hashtag.al\/index.php\/wp-json\/wp\/v2\/media?parent=299112"}],"wp:term":[{"taxonomy":"category","embeddable":true,"href":"https:\/\/www.hashtag.al\/index.php\/wp-json\/wp\/v2\/categories?post=299112"},{"taxonomy":"post_tag","embeddable":true,"href":"https:\/\/www.hashtag.al\/index.php\/wp-json\/wp\/v2\/tags?post=299112"}],"curies":[{"name":"wp","href":"https:\/\/api.w.org\/{rel}","templated":true}]}}