{"id":298685,"date":"2019-05-22T19:14:25","date_gmt":"2019-05-22T17:14:25","guid":{"rendered":"https:\/\/hashtag.al\/?p=298685"},"modified":"2019-05-22T19:14:25","modified_gmt":"2019-05-22T17:14:25","slug":"kolegji-i-posacem-i-apelimin-shkarkon-gjyqtarin-e-gjykates-se-larte-edmond-islamajn","status":"publish","type":"post","link":"https:\/\/www.hashtag.al\/index.php\/2019\/05\/22\/kolegji-i-posacem-i-apelimin-shkarkon-gjyqtarin-e-gjykates-se-larte-edmond-islamajn\/","title":{"rendered":"Kolegji i Posa\u00e7\u00ebm i Apelimin shkarkon gjyqtarin e Gjykat\u00ebs s\u00eb Lart\u00eb Edmond Islamajn","gt_translate_keys":[{"key":"rendered","format":"text"}]},"content":{"rendered":"<p><img loading=\"lazy\" decoding=\"async\" class=\"aligncenter size-full wp-image-298686\" src=\"https:\/\/hashtag.al\/wp-content\/uploads\/2019\/05\/islamaj-800x450.jpg\" alt=\"\" width=\"800\" height=\"450\" srcset=\"https:\/\/www.hashtag.al\/wp-content\/uploads\/2019\/05\/islamaj-800x450.jpg 800w, https:\/\/www.hashtag.al\/wp-content\/uploads\/2019\/05\/islamaj-800x450-300x169.jpg 300w, https:\/\/www.hashtag.al\/wp-content\/uploads\/2019\/05\/islamaj-800x450-768x432.jpg 768w\" sizes=\"auto, (max-width: 800px) 100vw, 800px\" \/><\/p>\n<p>Kolegji i Posa\u00e7\u00ebm i Apelimit shkarkon Gjyqtarin e Gjykat\u00ebs s\u00eb Lart\u00eb Edmond Islamajn.<\/p>\n<p>Islamaj n\u00eb shkall\u00ebn e par\u00eb t\u00eb vettingut u konfirmua n\u00eb detyr\u00eb por apelimi nga Komisioneri Publik b\u00ebri q\u00eb KPA t\u00eb shkarkonte at\u00eb.<\/p>\n<p>Tashm\u00eb Gjykata e Lart\u00eb ka mbetur me dy gjyqtar\u00eb dhe vendimet nuk mund t\u00eb merren m\u00eb.<\/p>\n","protected":false,"gt_translate_keys":[{"key":"rendered","format":"html"}]},"excerpt":{"rendered":"<p>Kolegji i Posa\u00e7\u00ebm i Apelimit shkarkon Gjyqtarin e Gjykat\u00ebs s\u00eb Lart\u00eb Edmond Islamajn. Islamaj n\u00eb shkall\u00ebn e par\u00eb t\u00eb vettingut u konfirmua n\u00eb detyr\u00eb por apelimi nga Komisioneri Publik b\u00ebri q\u00eb KPA t\u00eb shkarkonte at\u00eb. Tashm\u00eb Gjykata e Lart\u00eb ka mbetur me dy gjyqtar\u00eb dhe vendimet nuk mund t\u00eb merren m\u00eb.<\/p>\n","protected":false,"gt_translate_keys":[{"key":"rendered","format":"html"}]},"author":32,"featured_media":298686,"comment_status":"open","ping_status":"open","sticky":false,"template":"","format":"standard","meta":{"footnotes":""},"categories":[65,13],"tags":[],"class_list":["post-298685","post","type-post","status-publish","format-standard","has-post-thumbnail","hentry","category-lajme","category-te-fundit"],"gt_translate_keys":[{"key":"link","format":"url"}],"_links":{"self":[{"href":"https:\/\/www.hashtag.al\/index.php\/wp-json\/wp\/v2\/posts\/298685","targetHints":{"allow":["GET"]}}],"collection":[{"href":"https:\/\/www.hashtag.al\/index.php\/wp-json\/wp\/v2\/posts"}],"about":[{"href":"https:\/\/www.hashtag.al\/index.php\/wp-json\/wp\/v2\/types\/post"}],"author":[{"embeddable":true,"href":"https:\/\/www.hashtag.al\/index.php\/wp-json\/wp\/v2\/users\/32"}],"replies":[{"embeddable":true,"href":"https:\/\/www.hashtag.al\/index.php\/wp-json\/wp\/v2\/comments?post=298685"}],"version-history":[{"count":0,"href":"https:\/\/www.hashtag.al\/index.php\/wp-json\/wp\/v2\/posts\/298685\/revisions"}],"wp:featuredmedia":[{"embeddable":true,"href":"https:\/\/www.hashtag.al\/index.php\/wp-json\/wp\/v2\/media\/298686"}],"wp:attachment":[{"href":"https:\/\/www.hashtag.al\/index.php\/wp-json\/wp\/v2\/media?parent=298685"}],"wp:term":[{"taxonomy":"category","embeddable":true,"href":"https:\/\/www.hashtag.al\/index.php\/wp-json\/wp\/v2\/categories?post=298685"},{"taxonomy":"post_tag","embeddable":true,"href":"https:\/\/www.hashtag.al\/index.php\/wp-json\/wp\/v2\/tags?post=298685"}],"curies":[{"name":"wp","href":"https:\/\/api.w.org\/{rel}","templated":true}]}}