{"id":298475,"date":"2019-05-21T22:05:03","date_gmt":"2019-05-21T20:05:03","guid":{"rendered":"https:\/\/hashtag.al\/?p=298475"},"modified":"2019-05-21T22:05:03","modified_gmt":"2019-05-21T20:05:03","slug":"ke-akuzon-hungarine-per-trajtimin-e-azilkerkuesve","status":"publish","type":"post","link":"https:\/\/www.hashtag.al\/index.php\/2019\/05\/21\/ke-akuzon-hungarine-per-trajtimin-e-azilkerkuesve\/","title":{"rendered":"KE akuzon Hungarin\u00eb p\u00ebr trajtimin e azilk\u00ebrkuesve","gt_translate_keys":[{"key":"rendered","format":"text"}]},"content":{"rendered":"<p><img loading=\"lazy\" decoding=\"async\" class=\"size-full wp-image-298476\" src=\"https:\/\/hashtag.al\/wp-content\/uploads\/2019\/05\/GettyImages-576700492-1160x742.jpg\" alt=\"\" width=\"1160\" height=\"742\" srcset=\"https:\/\/www.hashtag.al\/wp-content\/uploads\/2019\/05\/GettyImages-576700492-1160x742.jpg 1160w, https:\/\/www.hashtag.al\/wp-content\/uploads\/2019\/05\/GettyImages-576700492-1160x742-300x192.jpg 300w, https:\/\/www.hashtag.al\/wp-content\/uploads\/2019\/05\/GettyImages-576700492-1160x742-768x491.jpg 768w, https:\/\/www.hashtag.al\/wp-content\/uploads\/2019\/05\/GettyImages-576700492-1160x742-1024x655.jpg 1024w\" sizes=\"auto, (max-width: 1160px) 100vw, 1160px\" \/><\/p>\n<p><span style=\"color: #000000;\">K\u00ebshilli i Evrop\u00ebs kritikon Hungarin\u00eb p\u00ebr q\u00ebndrimet e saj ndaj emigran\u00ebve.<\/span><\/p>\n<p><span style=\"color: #000000;\">Ai e akuzon qeverin\u00eb hungareze p\u00ebr shkelje t\u00eb t\u00eb drejtave t\u00eb njeriut dhe p\u00ebrdorim t\u00eb retorik\u00ebs antiemigrant\u00ebve q\u00eb nxit q\u00ebndrimet ksenofobe, frik\u00ebn dhe urrejtjen. Raporti i ashp\u00ebr i komisioneres evropiane t\u00eb t\u00eb drejtave t\u00eb njeriut, Dunja Mijatovic, del n\u00eb p\u00ebrfundimin se \u201cshkelja e k\u00ebtyre t\u00eb drejtave\u201d n\u00eb Hungari ka pasur nj\u00eb efekt negativ mbi t\u00eb gjith\u00eb \u201csistemin e mbrojtjes dhe sundimin e ligjit\u201d dhe se \u201cduhet trajtuar me shum\u00eb urgjenc\u00eb\u201d.<\/span><\/p>\n<p><span style=\"color: #000000;\">Komisionerja, raporti i s\u00eb cil\u00ebs bazohet n\u00eb takimet me ministra e grupe t\u00eb shoq\u00ebris\u00eb civile gjat\u00eb vizit\u00ebs 5-ditore n\u00eb Hungari n\u00eb muajin shkurt, l\u00ebshoi nj\u00eb bresh\u00ebri kritikash d\u00ebrrmuese p\u00ebr sistemin hungarez t\u00eb azilit, i cili ka rezultuar sipas saj n\u00eb nj\u00eb sistem q\u00eb refuzon n\u00eb m\u00ebnyr\u00eb sistematike aplikimet e azilit.<\/span><\/p>\n<p><span style=\"color: #000000;\">Mijatovic jep alarmin edhe p\u00ebr p\u00ebrdorimin e dhun\u00ebs s\u00eb tepruar t\u00eb policis\u00eb n\u00eb largimin e shtetasve t\u00eb huaj e kritikon dhe politik\u00ebn e refuzimit t\u00eb ushqimit p\u00ebr personat t\u00eb cil\u00ebve u \u00ebsht\u00eb hedhur posht\u00eb k\u00ebrkesa p\u00ebr azil.<\/span><\/p>\n<p><span style=\"color: #000000;\">Raporti publikohet n\u00eb mesin e nj\u00eb ng\u00ebr\u00e7i n\u00eb Bruksel p\u00ebr ta sanksionuar ose jo Hungarin\u00eb p\u00ebr shkelje t\u00eb sundimit t\u00eb ligjit.<\/span><\/p>\n","protected":false,"gt_translate_keys":[{"key":"rendered","format":"html"}]},"excerpt":{"rendered":"<p>K\u00ebshilli i Evrop\u00ebs kritikon Hungarin\u00eb p\u00ebr q\u00ebndrimet e saj ndaj emigran\u00ebve. Ai e akuzon qeverin\u00eb hungareze p\u00ebr shkelje t\u00eb t\u00eb drejtave t\u00eb njeriut dhe p\u00ebrdorim t\u00eb retorik\u00ebs antiemigrant\u00ebve q\u00eb nxit q\u00ebndrimet ksenofobe, frik\u00ebn dhe urrejtjen. Raporti i ashp\u00ebr i komisioneres evropiane t\u00eb t\u00eb drejtave t\u00eb njeriut, Dunja Mijatovic, del n\u00eb p\u00ebrfundimin se \u201cshkelja e k\u00ebtyre [&hellip;]<\/p>\n","protected":false,"gt_translate_keys":[{"key":"rendered","format":"html"}]},"author":32,"featured_media":298476,"comment_status":"open","ping_status":"open","sticky":false,"template":"","format":"standard","meta":{"footnotes":""},"categories":[6,13],"tags":[],"class_list":["post-298475","post","type-post","status-publish","format-standard","has-post-thumbnail","hentry","category-nderkombetare","category-te-fundit"],"gt_translate_keys":[{"key":"link","format":"url"}],"_links":{"self":[{"href":"https:\/\/www.hashtag.al\/index.php\/wp-json\/wp\/v2\/posts\/298475","targetHints":{"allow":["GET"]}}],"collection":[{"href":"https:\/\/www.hashtag.al\/index.php\/wp-json\/wp\/v2\/posts"}],"about":[{"href":"https:\/\/www.hashtag.al\/index.php\/wp-json\/wp\/v2\/types\/post"}],"author":[{"embeddable":true,"href":"https:\/\/www.hashtag.al\/index.php\/wp-json\/wp\/v2\/users\/32"}],"replies":[{"embeddable":true,"href":"https:\/\/www.hashtag.al\/index.php\/wp-json\/wp\/v2\/comments?post=298475"}],"version-history":[{"count":0,"href":"https:\/\/www.hashtag.al\/index.php\/wp-json\/wp\/v2\/posts\/298475\/revisions"}],"wp:featuredmedia":[{"embeddable":true,"href":"https:\/\/www.hashtag.al\/index.php\/wp-json\/wp\/v2\/media\/298476"}],"wp:attachment":[{"href":"https:\/\/www.hashtag.al\/index.php\/wp-json\/wp\/v2\/media?parent=298475"}],"wp:term":[{"taxonomy":"category","embeddable":true,"href":"https:\/\/www.hashtag.al\/index.php\/wp-json\/wp\/v2\/categories?post=298475"},{"taxonomy":"post_tag","embeddable":true,"href":"https:\/\/www.hashtag.al\/index.php\/wp-json\/wp\/v2\/tags?post=298475"}],"curies":[{"name":"wp","href":"https:\/\/api.w.org\/{rel}","templated":true}]}}