{"id":298366,"date":"2019-05-21T12:36:56","date_gmt":"2019-05-21T10:36:56","guid":{"rendered":"https:\/\/hashtag.al\/?p=298366"},"modified":"2019-05-21T12:39:24","modified_gmt":"2019-05-21T10:39:24","slug":"hahn-kerkon-hapjen-e-negociatave-me-maqedonine-per-shqiperine-asnje-fjale","status":"publish","type":"post","link":"https:\/\/www.hashtag.al\/index.php\/2019\/05\/21\/hahn-kerkon-hapjen-e-negociatave-me-maqedonine-per-shqiperine-asnje-fjale\/","title":{"rendered":"Hahn k\u00ebrkon hapjen e negociatave me Maqedonin\u00eb, p\u00ebr Shqip\u00ebrin\u00eb asnj\u00eb fjal\u00eb","gt_translate_keys":[{"key":"rendered","format":"text"}]},"content":{"rendered":"<p><img loading=\"lazy\" decoding=\"async\" class=\"aligncenter size-full wp-image-242091\" src=\"https:\/\/hashtag.al\/wp-content\/uploads\/2018\/10\/johannes-hahn.jpg\" alt=\"\" width=\"800\" height=\"450\" srcset=\"https:\/\/www.hashtag.al\/wp-content\/uploads\/2018\/10\/johannes-hahn.jpg 800w, https:\/\/www.hashtag.al\/wp-content\/uploads\/2018\/10\/johannes-hahn-300x169.jpg 300w, https:\/\/www.hashtag.al\/wp-content\/uploads\/2018\/10\/johannes-hahn-768x432.jpg 768w\" sizes=\"auto, (max-width: 800px) 100vw, 800px\" \/><\/p>\n<p><span style=\"color: #000000;\">Komisioneri i Zgjerimit t\u00eb BE-s\u00eb Johanes Hahn, prej disa dit\u00ebsh ka mb\u00ebshtetur hapjen e negociatave t\u00eb Bashkimit Europian me Maqedonin\u00eb e Veriut.<\/span><\/p>\n<p><span style=\"color: #000000;\">N\u00eb nj\u00eb konferenc\u00eb ekonomike n\u00eb Vjen\u00eb, Hahn tha se Shkupi duhet t\u00eb shp\u00ebrblehet p\u00ebr marr\u00ebveshjen historike t\u00eb Presp\u00ebs.<\/span><\/p>\n<p><span style=\"color: #000000;\"><em>&#8220;Ne duhet t\u00eb p\u00ebrmbushim angazhimet tona, ashtu si\u00e7 po i p\u00ebrmbush Maqedonia e Veriut p\u00ebr reformat q\u00eb kemi k\u00ebrkuar. \u00cbsht\u00eb n\u00eb interesin ton\u00eb t\u00eb p\u00ebrbashk\u00ebt&#8221;<\/em>, \u00ebsht\u00eb shprehur Hahn.<\/span><\/p>\n<p><span style=\"color: #000000;\">M\u00eb tej Hahn vazhdoi: <em>&#8220;Qeveria ka nd\u00ebrmarr\u00eb hapa t\u00eb m\u00ebdhenj p\u00ebr t\u00eb p\u00ebrparuar n\u00eb rrug\u00ebn e saj euroatlantike. Greqia ishte vendi i par\u00eb q\u00eb n\u00ebnshkroi protokollin e pranimit n\u00eb NATO, gj\u00eb q\u00eb \u00e7oi n\u00eb hyrjen n\u00eb fuqi t\u00eb marr\u00ebveshjes s\u00eb Presp\u00ebs. Procesi i an\u00ebtar\u00ebsimit n\u00eb NATO \u00ebsht\u00eb n\u00eb vazhdim dhe e ankoron vendin si nj\u00eb partner i besuesh\u00ebm n\u00eb forcimin e siguris\u00eb, stabilitetit dhe prosperitetit t\u00eb rajonit dhe m\u00eb gjer\u00eb&#8221;.<\/em><\/span><\/p>\n<p><span style=\"color: #000000;\">Jo m\u00eb larg se dje, Komisioneri i Zgjerimit t\u00eb BE-s\u00eb shprehu mb\u00ebshtetjen e tij p\u00ebr Maqedonin\u00eb edhe p\u00ebrmes &#8220;Twitter&#8221;-it ku shkruan: <em>&#8220;Maqedonia e Veriut ka b\u00ebr\u00eb p\u00ebrpjekje t\u00eb m\u00ebdha p\u00ebr t\u00eb kthyer faqen: me reforma konkrete, me marr\u00ebveshjen historike t\u00eb Presp\u00ebs, Traktatin e Miq\u00ebsis\u00eb me Bulgarin\u00eb. Dy t\u00eb fundit jan\u00eb nj\u00eb sinjal i r\u00ebnd\u00ebsish\u00ebm p\u00ebr t\u00eb gjith\u00eb rajonin se pajtimi \u00ebsht\u00eb i mundur n\u00eb Ballkanin Per\u00ebndimor&#8221;.<\/em><\/span><\/p>\n<p><img loading=\"lazy\" decoding=\"async\" class=\"aligncenter size-full wp-image-298368\" src=\"https:\/\/hashtag.al\/wp-content\/uploads\/2019\/05\/hahn.jpg\" alt=\"\" width=\"595\" height=\"163\" srcset=\"https:\/\/www.hashtag.al\/wp-content\/uploads\/2019\/05\/hahn.jpg 595w, https:\/\/www.hashtag.al\/wp-content\/uploads\/2019\/05\/hahn-300x82.jpg 300w\" sizes=\"auto, (max-width: 595px) 100vw, 595px\" \/><\/p>\n<p><span style=\"color: #000000;\">Por p\u00ebr Shqip\u00ebrin\u00eb nuk ka th\u00ebn\u00eb asnj\u00eb fjal\u00eb.<\/span><\/p>\n","protected":false,"gt_translate_keys":[{"key":"rendered","format":"html"}]},"excerpt":{"rendered":"<p>Komisioneri i Zgjerimit t\u00eb BE-s\u00eb Johanes Hahn, prej disa dit\u00ebsh ka mb\u00ebshtetur hapjen e negociatave t\u00eb Bashkimit Europian me Maqedonin\u00eb e Veriut. N\u00eb nj\u00eb konferenc\u00eb ekonomike n\u00eb Vjen\u00eb, Hahn tha se Shkupi duhet t\u00eb shp\u00ebrblehet p\u00ebr marr\u00ebveshjen historike t\u00eb Presp\u00ebs. &#8220;Ne duhet t\u00eb p\u00ebrmbushim angazhimet tona, ashtu si\u00e7 po i p\u00ebrmbush Maqedonia e Veriut p\u00ebr [&hellip;]<\/p>\n","protected":false,"gt_translate_keys":[{"key":"rendered","format":"html"}]},"author":30,"featured_media":266415,"comment_status":"open","ping_status":"open","sticky":false,"template":"","format":"standard","meta":{"footnotes":""},"categories":[149,65],"tags":[],"class_list":["post-298366","post","type-post","status-publish","format-standard","has-post-thumbnail","hentry","category-kosoverajon","category-lajme"],"gt_translate_keys":[{"key":"link","format":"url"}],"_links":{"self":[{"href":"https:\/\/www.hashtag.al\/index.php\/wp-json\/wp\/v2\/posts\/298366","targetHints":{"allow":["GET"]}}],"collection":[{"href":"https:\/\/www.hashtag.al\/index.php\/wp-json\/wp\/v2\/posts"}],"about":[{"href":"https:\/\/www.hashtag.al\/index.php\/wp-json\/wp\/v2\/types\/post"}],"author":[{"embeddable":true,"href":"https:\/\/www.hashtag.al\/index.php\/wp-json\/wp\/v2\/users\/30"}],"replies":[{"embeddable":true,"href":"https:\/\/www.hashtag.al\/index.php\/wp-json\/wp\/v2\/comments?post=298366"}],"version-history":[{"count":0,"href":"https:\/\/www.hashtag.al\/index.php\/wp-json\/wp\/v2\/posts\/298366\/revisions"}],"wp:featuredmedia":[{"embeddable":true,"href":"https:\/\/www.hashtag.al\/index.php\/wp-json\/wp\/v2\/media\/266415"}],"wp:attachment":[{"href":"https:\/\/www.hashtag.al\/index.php\/wp-json\/wp\/v2\/media?parent=298366"}],"wp:term":[{"taxonomy":"category","embeddable":true,"href":"https:\/\/www.hashtag.al\/index.php\/wp-json\/wp\/v2\/categories?post=298366"},{"taxonomy":"post_tag","embeddable":true,"href":"https:\/\/www.hashtag.al\/index.php\/wp-json\/wp\/v2\/tags?post=298366"}],"curies":[{"name":"wp","href":"https:\/\/api.w.org\/{rel}","templated":true}]}}