{"id":298307,"date":"2019-05-21T10:05:14","date_gmt":"2019-05-21T08:05:14","guid":{"rendered":"https:\/\/hashtag.al\/?p=298307"},"modified":"2019-05-21T10:07:25","modified_gmt":"2019-05-21T08:07:25","slug":"emigrantet-protestojne-brenda-aeroportit-te-parisit-franca-seshte-e-francezeve-foto-video","status":"publish","type":"post","link":"https:\/\/www.hashtag.al\/index.php\/2019\/05\/21\/emigrantet-protestojne-brenda-aeroportit-te-parisit-franca-seshte-e-francezeve-foto-video\/","title":{"rendered":"Emigrant\u00ebt protestojn\u00eb brenda aeroportit t\u00eb Parisit: Franca s&#8217;\u00ebsht\u00eb e francez\u00ebve! (FOTO\/VIDEO)","gt_translate_keys":[{"key":"rendered","format":"text"}]},"content":{"rendered":"<p><img loading=\"lazy\" decoding=\"async\" class=\"aligncenter size-full wp-image-298308\" src=\"https:\/\/hashtag.al\/wp-content\/uploads\/2019\/05\/paris.png\" alt=\"\" width=\"506\" height=\"647\" srcset=\"https:\/\/www.hashtag.al\/wp-content\/uploads\/2019\/05\/paris.png 506w, https:\/\/www.hashtag.al\/wp-content\/uploads\/2019\/05\/paris-235x300.png 235w\" sizes=\"auto, (max-width: 506px) 100vw, 506px\" \/><\/p>\n<p><span style=\"color: #000000;\">Qindra protestues emigrant\u00eb t\u00eb quajtur &#8216;Jelek\u00ebt e Zinj&#8217; kan\u00eb bllokuar t\u00eb djel\u00ebn aeroportin Charles de Gaulle n\u00eb Paris. Sikurse shkruan &#8220;<span style=\"color: #0000ff;\"><a style=\"color: #0000ff;\" href=\"https:\/\/www.rt.com\/news\/459822-migrant-protest-paris-airport\/\">RT<\/a><\/span>&#8220;,<\/span><span style=\"color: #000000;\"> n\u00eb demonstrat\u00ebn kund\u00ebr deportimeve dhe n\u00eb favor t\u00eb dokumenteve ligjore p\u00ebr t\u00eb gjith\u00eb, protestuesit k\u00ebrkuan nj\u00eb takim me kryeministrin Edouard Philippe,<\/span><\/p>\n<p><span style=\"color: #000000;\">Grupi i protestuesve, q\u00eb llogaritet t\u00eb jen\u00eb rreth 500 njer\u00ebz, u mblodh\u00ebn n\u00eb terminalin 2 t\u00eb aeroportit, nd\u00ebrsa oficer\u00ebt e policis\u00eb q\u00ebndronin n\u00eb k\u00ebmb\u00ebt e shkall\u00ebve l\u00ebviz\u00ebse duke monitoruar aktivitetin e tyre.<\/span><\/p>\n<p><span style=\"color: #000000;\"><em>&#8220;Franca nuk i p\u00ebrket francez\u00ebve! Gjithkush ka t\u00eb drejt\u00eb t\u00eb jet\u00eb k\u00ebtu!&#8221;<\/em>, b\u00ebrtiti me altoparlant nj\u00eb nga demonstruesit.<\/span><\/p>\n<p><iframe loading=\"lazy\" style=\"border: none; overflow: hidden;\" src=\"https:\/\/www.facebook.com\/plugins\/video.php?href=https%3A%2F%2Fwww.facebook.com%2FCollectifLaChapelleDebout%2Fvideos%2F572841076538259%2F&amp;show_text=0&amp;width=267\" width=\"267\" height=\"476\" frameborder=\"0\" scrolling=\"no\" allowfullscreen=\"allowfullscreen\"><\/iframe><\/p>\n<p><span style=\"color: #000000;\">Protesta u organizua nga grupi mb\u00ebshtet\u00ebs i emigrant\u00ebve &#8220;La Chapelle Debout&#8221;. Ky grup tha se an\u00ebtar\u00ebt e saj e quanin veten &#8220;Jelek\u00ebt e Zinj&#8221;, t\u00eb frym\u00ebzuar nga protestat e &#8220;Jelek\u00ebve t\u00eb Verdh\u00eb&#8221; q\u00eb protestojn\u00eb prej m\u00eb shum\u00eb se 6 muajsh.<\/span><\/p>\n<p><span style=\"color: #000000;\">Protestuesit b\u00ebn\u00eb thirrje p\u00ebr &#8220;letra p\u00ebr t\u00eb gjith\u00eb&#8221;. Ata k\u00ebrkuan nj\u00eb takim me Philippe p\u00ebr t\u00eb diskutuar politikat e azilit si dhe nj\u00eb takim me udh\u00ebheq\u00ebsit e Air France p\u00ebr t&#8217;i k\u00ebrkuar t\u00eb ndalonin deportimet.<\/span><\/p>\n<p><span style=\"color: #000000;\">Autoritetet e aeroportit than\u00eb se asnj\u00eb fluturim nuk u pengua apo vonua nga protesta.<\/span><\/p>\n<p><img loading=\"lazy\" decoding=\"async\" class=\"aligncenter size-full wp-image-298309\" src=\"https:\/\/hashtag.al\/wp-content\/uploads\/2019\/05\/aeroport.jpg\" alt=\"\" width=\"960\" height=\"720\" srcset=\"https:\/\/www.hashtag.al\/wp-content\/uploads\/2019\/05\/aeroport.jpg 960w, https:\/\/www.hashtag.al\/wp-content\/uploads\/2019\/05\/aeroport-300x225.jpg 300w, https:\/\/www.hashtag.al\/wp-content\/uploads\/2019\/05\/aeroport-768x576.jpg 768w\" sizes=\"auto, (max-width: 960px) 100vw, 960px\" \/> <img loading=\"lazy\" decoding=\"async\" class=\"aligncenter size-full wp-image-298310\" src=\"https:\/\/hashtag.al\/wp-content\/uploads\/2019\/05\/france-1.jpg\" alt=\"\" width=\"980\" height=\"551\" srcset=\"https:\/\/www.hashtag.al\/wp-content\/uploads\/2019\/05\/france-1.jpg 980w, https:\/\/www.hashtag.al\/wp-content\/uploads\/2019\/05\/france-1-300x169.jpg 300w, https:\/\/www.hashtag.al\/wp-content\/uploads\/2019\/05\/france-1-768x432.jpg 768w\" sizes=\"auto, (max-width: 980px) 100vw, 980px\" \/><\/p>\n","protected":false,"gt_translate_keys":[{"key":"rendered","format":"html"}]},"excerpt":{"rendered":"<p>Qindra protestues emigrant\u00eb t\u00eb quajtur &#8216;Jelek\u00ebt e Zinj&#8217; kan\u00eb bllokuar t\u00eb djel\u00ebn aeroportin Charles de Gaulle n\u00eb Paris. Sikurse shkruan &#8220;RT&#8220;, n\u00eb demonstrat\u00ebn kund\u00ebr deportimeve dhe n\u00eb favor t\u00eb dokumenteve ligjore p\u00ebr t\u00eb gjith\u00eb, protestuesit k\u00ebrkuan nj\u00eb takim me kryeministrin Edouard Philippe, Grupi i protestuesve, q\u00eb llogaritet t\u00eb jen\u00eb rreth 500 njer\u00ebz, u mblodh\u00ebn n\u00eb [&hellip;]<\/p>\n","protected":false,"gt_translate_keys":[{"key":"rendered","format":"html"}]},"author":30,"featured_media":298310,"comment_status":"open","ping_status":"open","sticky":false,"template":"","format":"standard","meta":{"footnotes":""},"categories":[6],"tags":[],"class_list":["post-298307","post","type-post","status-publish","format-standard","has-post-thumbnail","hentry","category-nderkombetare"],"gt_translate_keys":[{"key":"link","format":"url"}],"_links":{"self":[{"href":"https:\/\/www.hashtag.al\/index.php\/wp-json\/wp\/v2\/posts\/298307","targetHints":{"allow":["GET"]}}],"collection":[{"href":"https:\/\/www.hashtag.al\/index.php\/wp-json\/wp\/v2\/posts"}],"about":[{"href":"https:\/\/www.hashtag.al\/index.php\/wp-json\/wp\/v2\/types\/post"}],"author":[{"embeddable":true,"href":"https:\/\/www.hashtag.al\/index.php\/wp-json\/wp\/v2\/users\/30"}],"replies":[{"embeddable":true,"href":"https:\/\/www.hashtag.al\/index.php\/wp-json\/wp\/v2\/comments?post=298307"}],"version-history":[{"count":0,"href":"https:\/\/www.hashtag.al\/index.php\/wp-json\/wp\/v2\/posts\/298307\/revisions"}],"wp:featuredmedia":[{"embeddable":true,"href":"https:\/\/www.hashtag.al\/index.php\/wp-json\/wp\/v2\/media\/298310"}],"wp:attachment":[{"href":"https:\/\/www.hashtag.al\/index.php\/wp-json\/wp\/v2\/media?parent=298307"}],"wp:term":[{"taxonomy":"category","embeddable":true,"href":"https:\/\/www.hashtag.al\/index.php\/wp-json\/wp\/v2\/categories?post=298307"},{"taxonomy":"post_tag","embeddable":true,"href":"https:\/\/www.hashtag.al\/index.php\/wp-json\/wp\/v2\/tags?post=298307"}],"curies":[{"name":"wp","href":"https:\/\/api.w.org\/{rel}","templated":true}]}}