{"id":298299,"date":"2019-05-21T09:39:54","date_gmt":"2019-05-21T07:39:54","guid":{"rendered":"https:\/\/hashtag.al\/?p=298299"},"modified":"2019-05-21T11:20:17","modified_gmt":"2019-05-21T09:20:17","slug":"lejuan-ndertimet-pa-leje-ne-velipoje-dy-police-mes-5-te-arrestuarve","status":"publish","type":"post","link":"https:\/\/www.hashtag.al\/index.php\/2019\/05\/21\/lejuan-ndertimet-pa-leje-ne-velipoje-dy-police-mes-5-te-arrestuarve\/","title":{"rendered":"Lejuan nd\u00ebrtimet pa leje n\u00eb Velipoj\u00eb, dy polic\u00eb mes 5 t\u00eb arrestuarve","gt_translate_keys":[{"key":"rendered","format":"text"}]},"content":{"rendered":"<p><img loading=\"lazy\" decoding=\"async\" class=\"aligncenter size-full wp-image-298342\" src=\"https:\/\/hashtag.al\/wp-content\/uploads\/2019\/05\/ndertim-pa-leje-velipoje.jpg\" alt=\"\" width=\"967\" height=\"680\" srcset=\"https:\/\/www.hashtag.al\/wp-content\/uploads\/2019\/05\/ndertim-pa-leje-velipoje.jpg 967w, https:\/\/www.hashtag.al\/wp-content\/uploads\/2019\/05\/ndertim-pa-leje-velipoje-300x211.jpg 300w, https:\/\/www.hashtag.al\/wp-content\/uploads\/2019\/05\/ndertim-pa-leje-velipoje-768x540.jpg 768w\" sizes=\"auto, (max-width: 967px) 100vw, 967px\" \/><\/p>\n<p><span style=\"color: #000000;\">Pes\u00eb persona jan\u00eb arrestuar n\u00eb Velipoj\u00eb, pasi akuzohen p\u00ebr nd\u00ebrtime pa leje n\u00eb zon\u00eb. Mes t\u00eb\u00a0 arrestuarve jan\u00eb edhe dy punonj\u00ebs policie.<\/span><\/p>\n<p><span style=\"color: #000000;\">Sipas informacioneve paraprake, dy polic\u00ebt n\u00eb bashk\u00ebpunim me nj\u00ebri-tjetrin, duke keqp\u00ebrdorur atributet q\u00eb u jepte detyra, kan\u00eb lejuar q\u00eb n\u00eb zon\u00ebn e Velipoj\u00ebs, t\u00eb klasifikuar si \u201cZon\u00eb e mbrojtur\u201d, t\u00eb kryhen nd\u00ebrtime pa leje n\u00eb mas\u00eb.<\/span><\/p>\n<p><span style=\"color: #000000;\">Mes t\u00eb arrestuarve \u00ebsht\u00eb dhe nj\u00eb punonj\u00ebs i IMT-s\u00eb dhe dy qytetar\u00eb.<\/span><\/p>\n<p><strong><span style=\"color: #000000;\">DETAJET E POLICIS\u00cb:\u00a0<\/span><\/strong><\/p>\n<p><span style=\"color: #000000;\">Velipoj\u00eb \u2013 SH\u00c7BA arreston 5 shtetas, q\u00eb dyshohet se kan\u00eb lejuar nd\u00ebrtime pa leje, mes tyre 2 punonj\u00ebs policie. Sh\u00ebrbimi p\u00ebr \u00c7\u00ebshtjet e Brendshme dhe Ankesat (SH\u00c7BA) n\u00eb Ministrin\u00eb e Brendshme, n\u00eb bashk\u00ebpunim me Prokurorin\u00eb e Shkodr\u00ebs, pas nj\u00eb hetimi disa mujor me metoda pro-aktive ka goditur disa zyrtar\u00eb e shtetas, q\u00eb dyshohet se favorizonin nd\u00ebrtimet pa leje kundrejt shp\u00ebrblimit financiar. Kjo n\u00eb zona t\u00eb shpallura t\u00eb mbrojtura n\u00eb Velipoj\u00eb, Shkod\u00ebr.<\/span><\/p>\n<p><span style=\"color: #000000;\">SH\u00c7BA ka arrestuar 5 persona p\u00ebr veprat penale t\u00eb \u201cShp\u00ebrdorimit t\u00eb detyr\u00ebs\u201d dhe \u201cKorrupsionit pasiv nga persona q\u00eb ushtrojn\u00eb funksione publike\u201d, mes tyre 2 punonj\u00ebs policie. N\u00eb zbatim t\u00eb vendimit t\u00eb Gjykat\u00ebs, e cila ka caktuar mas\u00ebn \u2018Arrest n\u00eb burg\u201d jan\u00eb arrestuar:<\/span><\/p>\n<p><span style=\"color: #000000;\">\u2013 P.Z., me detyr\u00eb Specialist n\u00eb Hetimin e Krimeve, n\u00eb Stacionin e Policis\u00eb Velipoj\u00eb;<\/span><\/p>\n<p><span style=\"color: #000000;\">\u2013 R.B., me detyr\u00eb SPZ, n\u00eb Stacionin e Policis\u00eb Velipoj\u00eb;<\/span><\/p>\n<p><span style=\"color: #000000;\">\u2013 R.K., me detyr\u00eb Inspektor i Policis\u00eb Nd\u00ebrtimore n\u00eb Bashkin\u00eb Shkod\u00ebr.<\/span><\/p>\n<p><span style=\"color: #000000;\">Gjithashtu jan\u00eb ndaluar edhe 2 shtetasit:<\/span><\/p>\n<p><span style=\"color: #000000;\">\u2013 N.K., 45 vje\u00e7, nga Mali Jushit, Shkod\u00ebr;<\/span><\/p>\n<p><span style=\"color: #000000;\">\u2013 B.N., 37 vje\u00e7, nga Velipoja.<\/span><\/p>\n<p><span style=\"color: #000000;\">N\u00eb bashk\u00ebpunim me nj\u00ebri-tjetrin, duke keqp\u00ebrdorur atributet q\u00eb u jepte detyra, punonj\u00ebsit e Policis\u00eb dhe ai i IMT-s\u00eb, dyshohet se kan\u00eb lejuar q\u00eb n\u00eb zon\u00ebn e Velipoj\u00ebs (e klasifikuar si \u201cZon\u00eb e mbrojtur\u201d) t\u00eb kryhen nd\u00ebrtime pa leje n\u00eb mas\u00eb. Nga veprimet hetimore t\u00eb kryera, \u00ebsht\u00eb dokumentuar me prova ligjore veprimtaria e kundraligjshme p\u00ebr funksionar\u00ebt publik dhe dy shtetasit.<\/span><\/p>\n<p><span style=\"color: #000000;\">SH\u00c7BA fal\u00ebnderon dhe nxit qytetar\u00ebt t\u00eb denoncojn\u00eb \u00e7do rast abuzimi me detyr\u00ebn t\u00eb punonj\u00ebsve t\u00eb policis\u00eb, duke telefonuar n\u00eb numrin falas 0800 90 90, duke garantuar reagim t\u00eb shpejt\u00eb dhe t\u00eb ashp\u00ebr ligjor.<\/span><\/p>\n<p><img loading=\"lazy\" decoding=\"async\" class=\"aligncenter size-full wp-image-298341\" src=\"https:\/\/hashtag.al\/wp-content\/uploads\/2019\/05\/ndertim-velipoje.jpg\" alt=\"\" width=\"1075\" height=\"709\" srcset=\"https:\/\/www.hashtag.al\/wp-content\/uploads\/2019\/05\/ndertim-velipoje.jpg 1075w, https:\/\/www.hashtag.al\/wp-content\/uploads\/2019\/05\/ndertim-velipoje-300x198.jpg 300w, https:\/\/www.hashtag.al\/wp-content\/uploads\/2019\/05\/ndertim-velipoje-768x507.jpg 768w, https:\/\/www.hashtag.al\/wp-content\/uploads\/2019\/05\/ndertim-velipoje-1024x675.jpg 1024w\" sizes=\"auto, (max-width: 1075px) 100vw, 1075px\" \/> <img loading=\"lazy\" decoding=\"async\" class=\"aligncenter size-full wp-image-298340\" src=\"https:\/\/hashtag.al\/wp-content\/uploads\/2019\/05\/pa-leje-velipoje.jpg\" alt=\"\" width=\"1080\" height=\"621\" srcset=\"https:\/\/www.hashtag.al\/wp-content\/uploads\/2019\/05\/pa-leje-velipoje.jpg 1080w, https:\/\/www.hashtag.al\/wp-content\/uploads\/2019\/05\/pa-leje-velipoje-300x173.jpg 300w, https:\/\/www.hashtag.al\/wp-content\/uploads\/2019\/05\/pa-leje-velipoje-768x442.jpg 768w, https:\/\/www.hashtag.al\/wp-content\/uploads\/2019\/05\/pa-leje-velipoje-1024x589.jpg 1024w\" sizes=\"auto, (max-width: 1080px) 100vw, 1080px\" \/><\/p>\n<p>&nbsp;<\/p>\n","protected":false,"gt_translate_keys":[{"key":"rendered","format":"html"}]},"excerpt":{"rendered":"<p>Pes\u00eb persona jan\u00eb arrestuar n\u00eb Velipoj\u00eb, pasi akuzohen p\u00ebr nd\u00ebrtime pa leje n\u00eb zon\u00eb. Mes t\u00eb\u00a0 arrestuarve jan\u00eb edhe dy punonj\u00ebs policie. Sipas informacioneve paraprake, dy polic\u00ebt n\u00eb bashk\u00ebpunim me nj\u00ebri-tjetrin, duke keqp\u00ebrdorur atributet q\u00eb u jepte detyra, kan\u00eb lejuar q\u00eb n\u00eb zon\u00ebn e Velipoj\u00ebs, t\u00eb klasifikuar si \u201cZon\u00eb e mbrojtur\u201d, t\u00eb kryhen nd\u00ebrtime pa [&hellip;]<\/p>\n","protected":false,"gt_translate_keys":[{"key":"rendered","format":"html"}]},"author":30,"featured_media":298340,"comment_status":"open","ping_status":"open","sticky":false,"template":"","format":"standard","meta":{"footnotes":""},"categories":[65,13],"tags":[],"class_list":["post-298299","post","type-post","status-publish","format-standard","has-post-thumbnail","hentry","category-lajme","category-te-fundit"],"gt_translate_keys":[{"key":"link","format":"url"}],"_links":{"self":[{"href":"https:\/\/www.hashtag.al\/index.php\/wp-json\/wp\/v2\/posts\/298299","targetHints":{"allow":["GET"]}}],"collection":[{"href":"https:\/\/www.hashtag.al\/index.php\/wp-json\/wp\/v2\/posts"}],"about":[{"href":"https:\/\/www.hashtag.al\/index.php\/wp-json\/wp\/v2\/types\/post"}],"author":[{"embeddable":true,"href":"https:\/\/www.hashtag.al\/index.php\/wp-json\/wp\/v2\/users\/30"}],"replies":[{"embeddable":true,"href":"https:\/\/www.hashtag.al\/index.php\/wp-json\/wp\/v2\/comments?post=298299"}],"version-history":[{"count":0,"href":"https:\/\/www.hashtag.al\/index.php\/wp-json\/wp\/v2\/posts\/298299\/revisions"}],"wp:featuredmedia":[{"embeddable":true,"href":"https:\/\/www.hashtag.al\/index.php\/wp-json\/wp\/v2\/media\/298340"}],"wp:attachment":[{"href":"https:\/\/www.hashtag.al\/index.php\/wp-json\/wp\/v2\/media?parent=298299"}],"wp:term":[{"taxonomy":"category","embeddable":true,"href":"https:\/\/www.hashtag.al\/index.php\/wp-json\/wp\/v2\/categories?post=298299"},{"taxonomy":"post_tag","embeddable":true,"href":"https:\/\/www.hashtag.al\/index.php\/wp-json\/wp\/v2\/tags?post=298299"}],"curies":[{"name":"wp","href":"https:\/\/api.w.org\/{rel}","templated":true}]}}