{"id":298293,"date":"2019-05-21T09:31:54","date_gmt":"2019-05-21T07:31:54","guid":{"rendered":"https:\/\/hashtag.al\/?p=298293"},"modified":"2019-05-21T09:35:36","modified_gmt":"2019-05-21T07:35:36","slug":"ne-sbehemi-bashkepunetore-italianet-refuzojne-te-ngarkojne-anijen-saudite-me-arme-video","status":"publish","type":"post","link":"https:\/\/www.hashtag.al\/index.php\/2019\/05\/21\/ne-sbehemi-bashkepunetore-italianet-refuzojne-te-ngarkojne-anijen-saudite-me-arme-video\/","title":{"rendered":"&#8220;Ne s&#8217;b\u00ebhemi bashk\u00ebpun\u00ebtor\u00eb&#8221;, italian\u00ebt refuzojn\u00eb t\u00eb ngarkojn\u00eb anijen saudite me arm\u00eb (VIDEO)","gt_translate_keys":[{"key":"rendered","format":"text"}]},"content":{"rendered":"<p><img loading=\"lazy\" decoding=\"async\" class=\"aligncenter size-full wp-image-298294\" src=\"https:\/\/hashtag.al\/wp-content\/uploads\/2019\/05\/anije.jpg\" alt=\"\" width=\"980\" height=\"551\" srcset=\"https:\/\/www.hashtag.al\/wp-content\/uploads\/2019\/05\/anije.jpg 980w, https:\/\/www.hashtag.al\/wp-content\/uploads\/2019\/05\/anije-300x169.jpg 300w, https:\/\/www.hashtag.al\/wp-content\/uploads\/2019\/05\/anije-768x432.jpg 768w\" sizes=\"auto, (max-width: 980px) 100vw, 980px\" \/><\/p>\n<p><span style=\"color: #000000;\">Sindikatat italiane kan\u00eb protestuar p\u00ebr ngarkes\u00ebn me arm\u00eb n\u00eb nj\u00eb anije saudite. N\u00eb shenj\u00eb proteste ndaj luft\u00ebs s\u00eb Rijadit n\u00eb Jemen, punonj\u00ebsit e ankorimit kan\u00eb nisur nj\u00eb grev\u00eb, duke refuzuar t\u00eb punojn\u00eb derisa anija t\u00eb l\u00ebr\u00eb portin n\u00eb Genoa.<\/span><\/p>\n<p><span style=\"color: #000000;\">Punonj\u00ebsit u bashkuan me aktivist\u00ebt e t\u00eb drejtave t\u00eb njeriut, t\u00eb cil\u00ebt kund\u00ebrshtojn\u00eb grumbullimin e anijes mbi frik\u00ebn se furnizimet me arm\u00eb do t\u00eb p\u00ebrdoren kund\u00ebr popullat\u00ebs civile n\u00eb Jemen. Demonstruesit mbanin shenja q\u00eb kund\u00ebrshtonin luft\u00ebn dhe trafikun e arm\u00ebve.\u00a0\u00a0<\/span><\/p>\n<p><span style=\"color: #000000;\"><em>&#8220;Ne nuk do t\u00eb jemi pjes\u00ebmarr\u00ebs n\u00eb at\u00eb q\u00eb po ndodh n\u00eb Jemen&#8221;,<\/em> than\u00eb udh\u00ebheq\u00ebsit e sindikatave n\u00eb nj\u00eb deklarat\u00eb p\u00ebr mediat.<\/span><\/p>\n<p><span style=\"color: #000000;\">Zyrtar\u00ebt e portit kan\u00eb pranuar se protestuesit kan\u00eb frik\u00eb se arm\u00ebt mund t\u00eb p\u00ebrdoren p\u00ebr q\u00ebllime ushtarake dhe ato jan\u00eb bllokuar nga d\u00ebrgimi n\u00eb bord t\u00eb anijes, por thon\u00eb se disa mallra ende t\u00eb pakritikuara do t\u00eb ngarkohen.<\/span><\/p>\n<p><span style=\"color: #000000;\">&#8220;<span style=\"color: #0000ff;\"><a style=\"color: #0000ff;\" href=\"https:\/\/www.rt.com\/news\/459806-saudi-arms-ship-blocked-italian-port\/\">RT<\/a><\/span>&#8221; shkruan se anija ishte ngarkuar me arm\u00eb n\u00eb Belgjik\u00eb, por me sukses u ndalua marrja e arm\u00ebve shtes\u00eb n\u00eb nj\u00eb port francez, si rezultat i nj\u00eb proteste t\u00eb ngjashme.<\/span><\/p>\n<p><span style=\"color: #000000;\">OKB e p\u00ebrshkruan luft\u00ebn kat\u00ebrvje\u00e7are n\u00eb Jemen si fatkeq\u00ebsia m\u00eb e madhe humanitare n\u00eb bot\u00eb sot, me numrin e t\u00eb vdekurve q\u00eb pritet t\u00eb arrij\u00eb deri n\u00eb 230,000 deri n\u00eb fund t\u00eb k\u00ebtij viti.<\/span><\/p>\n<div style=\"width: 854px;\" class=\"wp-video\"><video class=\"wp-video-shortcode\" id=\"video-298293-1\" width=\"854\" height=\"480\" preload=\"metadata\" controls=\"controls\"><source type=\"video\/mp4\" src=\"https:\/\/hashtag.al\/wp-content\/uploads\/2019\/05\/5ce2a8c4dda4c87a6f8b45e7.mp4?_=1\" \/><a href=\"https:\/\/hashtag.al\/wp-content\/uploads\/2019\/05\/5ce2a8c4dda4c87a6f8b45e7.mp4\">https:\/\/hashtag.al\/wp-content\/uploads\/2019\/05\/5ce2a8c4dda4c87a6f8b45e7.mp4<\/a><\/video><\/div>\n","protected":false,"gt_translate_keys":[{"key":"rendered","format":"html"}]},"excerpt":{"rendered":"<p>Sindikatat italiane kan\u00eb protestuar p\u00ebr ngarkes\u00ebn me arm\u00eb n\u00eb nj\u00eb anije saudite. N\u00eb shenj\u00eb proteste ndaj luft\u00ebs s\u00eb Rijadit n\u00eb Jemen, punonj\u00ebsit e ankorimit kan\u00eb nisur nj\u00eb grev\u00eb, duke refuzuar t\u00eb punojn\u00eb derisa anija t\u00eb l\u00ebr\u00eb portin n\u00eb Genoa. Punonj\u00ebsit u bashkuan me aktivist\u00ebt e t\u00eb drejtave t\u00eb njeriut, t\u00eb cil\u00ebt kund\u00ebrshtojn\u00eb grumbullimin e anijes [&hellip;]<\/p>\n","protected":false,"gt_translate_keys":[{"key":"rendered","format":"html"}]},"author":30,"featured_media":298294,"comment_status":"open","ping_status":"open","sticky":false,"template":"","format":"standard","meta":{"footnotes":""},"categories":[65,13],"tags":[],"class_list":["post-298293","post","type-post","status-publish","format-standard","has-post-thumbnail","hentry","category-lajme","category-te-fundit"],"gt_translate_keys":[{"key":"link","format":"url"}],"_links":{"self":[{"href":"https:\/\/www.hashtag.al\/index.php\/wp-json\/wp\/v2\/posts\/298293","targetHints":{"allow":["GET"]}}],"collection":[{"href":"https:\/\/www.hashtag.al\/index.php\/wp-json\/wp\/v2\/posts"}],"about":[{"href":"https:\/\/www.hashtag.al\/index.php\/wp-json\/wp\/v2\/types\/post"}],"author":[{"embeddable":true,"href":"https:\/\/www.hashtag.al\/index.php\/wp-json\/wp\/v2\/users\/30"}],"replies":[{"embeddable":true,"href":"https:\/\/www.hashtag.al\/index.php\/wp-json\/wp\/v2\/comments?post=298293"}],"version-history":[{"count":0,"href":"https:\/\/www.hashtag.al\/index.php\/wp-json\/wp\/v2\/posts\/298293\/revisions"}],"wp:featuredmedia":[{"embeddable":true,"href":"https:\/\/www.hashtag.al\/index.php\/wp-json\/wp\/v2\/media\/298294"}],"wp:attachment":[{"href":"https:\/\/www.hashtag.al\/index.php\/wp-json\/wp\/v2\/media?parent=298293"}],"wp:term":[{"taxonomy":"category","embeddable":true,"href":"https:\/\/www.hashtag.al\/index.php\/wp-json\/wp\/v2\/categories?post=298293"},{"taxonomy":"post_tag","embeddable":true,"href":"https:\/\/www.hashtag.al\/index.php\/wp-json\/wp\/v2\/tags?post=298293"}],"curies":[{"name":"wp","href":"https:\/\/api.w.org\/{rel}","templated":true}]}}