{"id":298289,"date":"2019-05-21T09:17:31","date_gmt":"2019-05-21T07:17:31","guid":{"rendered":"https:\/\/hashtag.al\/?p=298289"},"modified":"2019-05-21T09:18:12","modified_gmt":"2019-05-21T07:18:12","slug":"ndalohet-36-vjecari-ne-durres-i-kerkuar-per-trafik-droge","status":"publish","type":"post","link":"https:\/\/www.hashtag.al\/index.php\/2019\/05\/21\/ndalohet-36-vjecari-ne-durres-i-kerkuar-per-trafik-droge\/","title":{"rendered":"Ndalohet 36-vje\u00e7ari n\u00eb Durr\u00ebs, i k\u00ebrkuar p\u00ebr trafik droge","gt_translate_keys":[{"key":"rendered","format":"text"}]},"content":{"rendered":"<p><img loading=\"lazy\" decoding=\"async\" class=\"aligncenter size-full wp-image-298290\" src=\"https:\/\/hashtag.al\/wp-content\/uploads\/2019\/05\/volvo.jpg\" alt=\"\" width=\"1312\" height=\"665\" srcset=\"https:\/\/www.hashtag.al\/wp-content\/uploads\/2019\/05\/volvo.jpg 1312w, https:\/\/www.hashtag.al\/wp-content\/uploads\/2019\/05\/volvo-300x152.jpg 300w, https:\/\/www.hashtag.al\/wp-content\/uploads\/2019\/05\/volvo-768x389.jpg 768w, https:\/\/www.hashtag.al\/wp-content\/uploads\/2019\/05\/volvo-1024x519.jpg 1024w\" sizes=\"auto, (max-width: 1312px) 100vw, 1312px\" \/><\/p>\n<p><span style=\"color: #000000;\">Ndalohet nj\u00eb person i shpallur n\u00eb k\u00ebrkim n\u00eb Durr\u00ebs. Personi n\u00eb fjal\u00eb, me inicialet M.Z.,36 vje\u00e7 \u00ebsht\u00eb ndaluar n\u00eb kuad\u00ebr t\u00eb operacionit &#8220;Vol-Vo-4&#8221;.<\/span><\/p>\n<p><span style=\"color: #000000;\">Ai akuzohet p\u00ebr veprat penale si \u201cTrafikim i narkotik\u00ebve\u201d, \u201cGrup i strukturuar kriminal\u201d si dhe p\u00ebr \u201cPastrim t\u00eb produkteve t\u00eb vepr\u00ebs penale\u201d.<\/span><\/p>\n<p><strong><span style=\"color: #000000;\">Detajet e policis\u00eb<\/span><\/strong><\/p>\n<p><span style=\"color: #000000;\">Vijon Operacioni policor i koduar &#8220;Vol-Vo 4&#8221; .<\/span><\/p>\n<p><span style=\"color: #000000;\">Ndalohet nj\u00eb tjet\u00ebr person i shpallur n\u00eb k\u00ebrkim n\u00eb kuad\u00ebr t\u00eb k\u00ebtij operacioni.<\/span><\/p>\n<p><span style=\"color: #000000;\">Specialist\u00ebt p\u00ebr Hetimin e Narkotik\u00ebve n\u00eb Drejtorin\u00eb Vendore t\u00eb Policis\u00eb Durr\u00ebs, n\u00eb bashk\u00ebpunim me Forcat e posa\u00e7me Operacionale n\u00eb DVP Durr\u00ebs, pas informacioneve t\u00eb marra dhe nj\u00eb pune t\u00eb mir\u00eb organizuar, b\u00ebn\u00eb kapjen dhe ndalimin e shtetasit t\u00eb shpallur n\u00eb k\u00ebrkim m\u00eb dat\u00eb 22.10.2018, n\u00eb kuad\u00ebr t\u00eb operacionit policor t\u00eb koduar &#8220;Vol-Vo 4&#8221; dhe konkretisht shtetasin:<\/span><\/p>\n<ul>\n<li><span style=\"color: #000000;\">M.Z.,36 vje\u00e7, banues n\u00eb lagjen Kod\u00ebr, Sukth, Durr\u00ebs.<\/span><\/li>\n<\/ul>\n<p><span style=\"color: #000000;\">Shtetasi M.Z., ishte i shpallur n\u00eb k\u00ebrkim, pasi Gjykata e Shkall\u00ebs s\u00eb Par\u00eb p\u00ebr Krimet e R\u00ebnda, Tiran\u00eb, n\u00eb dat\u00eb 22.10.2018 ,ka vendosur ndaj tij mas\u00ebn e sigurimit &#8220;Arrest me burg&#8221; p\u00ebr veprat penale \u201cProdhim dhe shitja e narkotik\u00ebve&#8221;, &#8220;Trafikim i narkotik\u00ebve&#8221;, &#8220;Grup i strukturuar kriminal&#8221; si dhe &#8220;Pastrimi i produkteve t\u00eb vepr\u00ebs penale&#8221;.<\/span><\/p>\n<p><span style=\"color: #000000;\">Materialet hetimore i kaluan Prokuroris\u00eb Pran\u00eb Gjykat\u00ebs s\u00eb Shkall\u00ebs s\u00eb Par\u00eb Durr\u00ebs p\u00ebr veprime t\u00eb m\u00ebtejshme.<\/span><\/p>\n<p>&nbsp;<\/p>\n<p><img loading=\"lazy\" decoding=\"async\" class=\"aligncenter size-full wp-image-298290\" src=\"https:\/\/hashtag.al\/wp-content\/uploads\/2019\/05\/volvo.jpg\" alt=\"\" width=\"1312\" height=\"665\" srcset=\"https:\/\/www.hashtag.al\/wp-content\/uploads\/2019\/05\/volvo.jpg 1312w, https:\/\/www.hashtag.al\/wp-content\/uploads\/2019\/05\/volvo-300x152.jpg 300w, https:\/\/www.hashtag.al\/wp-content\/uploads\/2019\/05\/volvo-768x389.jpg 768w, https:\/\/www.hashtag.al\/wp-content\/uploads\/2019\/05\/volvo-1024x519.jpg 1024w\" sizes=\"auto, (max-width: 1312px) 100vw, 1312px\" \/><\/p>\n","protected":false,"gt_translate_keys":[{"key":"rendered","format":"html"}]},"excerpt":{"rendered":"<p>Ndalohet nj\u00eb person i shpallur n\u00eb k\u00ebrkim n\u00eb Durr\u00ebs. Personi n\u00eb fjal\u00eb, me inicialet M.Z.,36 vje\u00e7 \u00ebsht\u00eb ndaluar n\u00eb kuad\u00ebr t\u00eb operacionit &#8220;Vol-Vo-4&#8221;. Ai akuzohet p\u00ebr veprat penale si \u201cTrafikim i narkotik\u00ebve\u201d, \u201cGrup i strukturuar kriminal\u201d si dhe p\u00ebr \u201cPastrim t\u00eb produkteve t\u00eb vepr\u00ebs penale\u201d. Detajet e policis\u00eb Vijon Operacioni policor i koduar &#8220;Vol-Vo 4&#8221; [&hellip;]<\/p>\n","protected":false,"gt_translate_keys":[{"key":"rendered","format":"html"}]},"author":30,"featured_media":298290,"comment_status":"open","ping_status":"open","sticky":false,"template":"","format":"standard","meta":{"footnotes":""},"categories":[65,13],"tags":[],"class_list":["post-298289","post","type-post","status-publish","format-standard","has-post-thumbnail","hentry","category-lajme","category-te-fundit"],"gt_translate_keys":[{"key":"link","format":"url"}],"_links":{"self":[{"href":"https:\/\/www.hashtag.al\/index.php\/wp-json\/wp\/v2\/posts\/298289","targetHints":{"allow":["GET"]}}],"collection":[{"href":"https:\/\/www.hashtag.al\/index.php\/wp-json\/wp\/v2\/posts"}],"about":[{"href":"https:\/\/www.hashtag.al\/index.php\/wp-json\/wp\/v2\/types\/post"}],"author":[{"embeddable":true,"href":"https:\/\/www.hashtag.al\/index.php\/wp-json\/wp\/v2\/users\/30"}],"replies":[{"embeddable":true,"href":"https:\/\/www.hashtag.al\/index.php\/wp-json\/wp\/v2\/comments?post=298289"}],"version-history":[{"count":0,"href":"https:\/\/www.hashtag.al\/index.php\/wp-json\/wp\/v2\/posts\/298289\/revisions"}],"wp:featuredmedia":[{"embeddable":true,"href":"https:\/\/www.hashtag.al\/index.php\/wp-json\/wp\/v2\/media\/298290"}],"wp:attachment":[{"href":"https:\/\/www.hashtag.al\/index.php\/wp-json\/wp\/v2\/media?parent=298289"}],"wp:term":[{"taxonomy":"category","embeddable":true,"href":"https:\/\/www.hashtag.al\/index.php\/wp-json\/wp\/v2\/categories?post=298289"},{"taxonomy":"post_tag","embeddable":true,"href":"https:\/\/www.hashtag.al\/index.php\/wp-json\/wp\/v2\/tags?post=298289"}],"curies":[{"name":"wp","href":"https:\/\/api.w.org\/{rel}","templated":true}]}}