{"id":298166,"date":"2019-05-20T16:43:22","date_gmt":"2019-05-20T14:43:22","guid":{"rendered":"https:\/\/hashtag.al\/?p=298166"},"modified":"2019-05-20T16:44:04","modified_gmt":"2019-05-20T14:44:04","slug":"anulohen-fluturimet-e-neserme-drejt-italise-shkak-greva-24-oreshe-ne-vendin-fqinj","status":"publish","type":"post","link":"https:\/\/www.hashtag.al\/index.php\/2019\/05\/20\/anulohen-fluturimet-e-neserme-drejt-italise-shkak-greva-24-oreshe-ne-vendin-fqinj\/","title":{"rendered":"Anulohen fluturimet e nes\u00ebrme drejt Italis\u00eb, shkak greva 24 or\u00ebshe n\u00eb vendin fqinj","gt_translate_keys":[{"key":"rendered","format":"text"}]},"content":{"rendered":"<p><img loading=\"lazy\" decoding=\"async\" class=\"aligncenter size-full wp-image-298168\" src=\"https:\/\/hashtag.al\/wp-content\/uploads\/2019\/05\/blue.jpg\" alt=\"\" width=\"1200\" height=\"675\" srcset=\"https:\/\/www.hashtag.al\/wp-content\/uploads\/2019\/05\/blue.jpg 1200w, https:\/\/www.hashtag.al\/wp-content\/uploads\/2019\/05\/blue-300x169.jpg 300w, https:\/\/www.hashtag.al\/wp-content\/uploads\/2019\/05\/blue-768x432.jpg 768w, https:\/\/www.hashtag.al\/wp-content\/uploads\/2019\/05\/blue-1024x576.jpg 1024w\" sizes=\"auto, (max-width: 1200px) 100vw, 1200px\" \/><\/p>\n<p><span style=\"color: #000000;\">T\u00eb gjith\u00eb udh\u00ebtar\u00ebt q\u00eb kan\u00eb planifikuar t\u00eb udh\u00ebtojn\u00eb dit\u00ebn e nes\u00ebrme drejt Italis\u00eb n\u00ebp\u00ebrmjet aeroportit t\u00eb Rinasit duhet ta shtyjn\u00eb fluturimin. <\/span><\/p>\n<p><span style=\"color: #000000;\">Sipas njoftimit t\u00eb Autoritetit Civil Shqiptar, shkak p\u00ebr k\u00ebt\u00eb \u00ebsht\u00eb nj\u00eb grev\u00eb 24 or\u00ebshe t\u00eb pilot\u00ebve, asistent\u00ebve dhe teknik\u00ebve t\u00eb kompanive Alitalia, Blue Panorama dhe Blue Air.<\/span><\/p>\n<p><span style=\"color: #000000;\"><strong>Njoftim p\u00ebr gjith\u00eb pasagjer\u00ebt q\u00eb do udh\u00ebtojn\u00eb drejt Italis\u00eb<\/strong><\/span><\/p>\n<p><span style=\"color: #000000;\"><em>Autoriteti i Aviacionit Civil shqiptar, i b\u00ebn apel gjith\u00eb pasagjer\u00ebve q\u00eb do t\u00eb udh\u00ebtojn\u00eb dit\u00ebn e nes\u00ebrme, e Mart\u00eb 21 Maj nga Tirana drejt Italis\u00eb dhe anasjelltas, se p\u00ebr shkak t\u00eb nj\u00eb greve q\u00eb pritet t\u00eb jet\u00eb 24 or\u00ebshe, do t\u00eb ket\u00eb anullime dhe vonesa t\u00eb fluturimeve.<\/em><\/span><\/p>\n<p><span style=\"color: #000000;\"><em>Vonesat dhe anullimet e m\u00eb shum\u00eb se gjysm\u00ebs s\u00eb fluturimeve vijn\u00eb si pasoj\u00eb e nj\u00eb greve t\u00eb pilot\u00ebve, teknik\u00ebve dhe asistent\u00ebve t\u00eb fluturimit t\u00eb kompanis\u00eb Alitalia, Blue Panorama dhe Blue Air.<\/em><\/span><\/p>\n<p><span style=\"color: #000000;\"><em>P\u00ebr t\u00eb shmangur pritjet e gjata, k\u00ebshillojm\u00eb t\u00eb gjith\u00eb personat q\u00eb kan\u00eb parashikuar t\u00eb udh\u00ebtojn\u00eb nga dhe drejt Italis\u00eb dit\u00ebn e mart\u00eb, q\u00eb t\u00eb kontrollojn\u00eb dhe t\u00eb komunikojn\u00eb me kompanit\u00eb ku kan\u00eb rezervuar biletat e udh\u00ebtimin, p\u00ebr tu njohur me statusin e fluturimit.<\/em><\/span><\/p>\n<p><img loading=\"lazy\" decoding=\"async\" class=\"aligncenter size-full wp-image-298169\" src=\"https:\/\/hashtag.al\/wp-content\/uploads\/2019\/05\/rinas-2.jpg\" alt=\"\" width=\"1185\" height=\"720\" srcset=\"https:\/\/www.hashtag.al\/wp-content\/uploads\/2019\/05\/rinas-2.jpg 1185w, https:\/\/www.hashtag.al\/wp-content\/uploads\/2019\/05\/rinas-2-300x182.jpg 300w, https:\/\/www.hashtag.al\/wp-content\/uploads\/2019\/05\/rinas-2-768x467.jpg 768w, https:\/\/www.hashtag.al\/wp-content\/uploads\/2019\/05\/rinas-2-1024x622.jpg 1024w\" sizes=\"auto, (max-width: 1185px) 100vw, 1185px\" \/><\/p>\n","protected":false,"gt_translate_keys":[{"key":"rendered","format":"html"}]},"excerpt":{"rendered":"<p>T\u00eb gjith\u00eb udh\u00ebtar\u00ebt q\u00eb kan\u00eb planifikuar t\u00eb udh\u00ebtojn\u00eb dit\u00ebn e nes\u00ebrme drejt Italis\u00eb n\u00ebp\u00ebrmjet aeroportit t\u00eb Rinasit duhet ta shtyjn\u00eb fluturimin. Sipas njoftimit t\u00eb Autoritetit Civil Shqiptar, shkak p\u00ebr k\u00ebt\u00eb \u00ebsht\u00eb nj\u00eb grev\u00eb 24 or\u00ebshe t\u00eb pilot\u00ebve, asistent\u00ebve dhe teknik\u00ebve t\u00eb kompanive Alitalia, Blue Panorama dhe Blue Air. Njoftim p\u00ebr gjith\u00eb pasagjer\u00ebt q\u00eb do udh\u00ebtojn\u00eb [&hellip;]<\/p>\n","protected":false,"gt_translate_keys":[{"key":"rendered","format":"html"}]},"author":51,"featured_media":298170,"comment_status":"open","ping_status":"open","sticky":false,"template":"","format":"standard","meta":{"footnotes":""},"categories":[65,13],"tags":[],"class_list":["post-298166","post","type-post","status-publish","format-standard","has-post-thumbnail","hentry","category-lajme","category-te-fundit"],"gt_translate_keys":[{"key":"link","format":"url"}],"_links":{"self":[{"href":"https:\/\/www.hashtag.al\/index.php\/wp-json\/wp\/v2\/posts\/298166","targetHints":{"allow":["GET"]}}],"collection":[{"href":"https:\/\/www.hashtag.al\/index.php\/wp-json\/wp\/v2\/posts"}],"about":[{"href":"https:\/\/www.hashtag.al\/index.php\/wp-json\/wp\/v2\/types\/post"}],"author":[{"embeddable":true,"href":"https:\/\/www.hashtag.al\/index.php\/wp-json\/wp\/v2\/users\/51"}],"replies":[{"embeddable":true,"href":"https:\/\/www.hashtag.al\/index.php\/wp-json\/wp\/v2\/comments?post=298166"}],"version-history":[{"count":0,"href":"https:\/\/www.hashtag.al\/index.php\/wp-json\/wp\/v2\/posts\/298166\/revisions"}],"wp:featuredmedia":[{"embeddable":true,"href":"https:\/\/www.hashtag.al\/index.php\/wp-json\/wp\/v2\/media\/298170"}],"wp:attachment":[{"href":"https:\/\/www.hashtag.al\/index.php\/wp-json\/wp\/v2\/media?parent=298166"}],"wp:term":[{"taxonomy":"category","embeddable":true,"href":"https:\/\/www.hashtag.al\/index.php\/wp-json\/wp\/v2\/categories?post=298166"},{"taxonomy":"post_tag","embeddable":true,"href":"https:\/\/www.hashtag.al\/index.php\/wp-json\/wp\/v2\/tags?post=298166"}],"curies":[{"name":"wp","href":"https:\/\/api.w.org\/{rel}","templated":true}]}}