{"id":298147,"date":"2019-05-20T15:24:11","date_gmt":"2019-05-20T13:24:11","guid":{"rendered":"https:\/\/hashtag.al\/?p=298147"},"modified":"2019-05-20T15:43:45","modified_gmt":"2019-05-20T13:43:45","slug":"rusia-do-i-mbroje-interesat-tona-dacic-therret-ne-ndihme-mosken","status":"publish","type":"post","link":"https:\/\/www.hashtag.al\/index.php\/2019\/05\/20\/rusia-do-i-mbroje-interesat-tona-dacic-therret-ne-ndihme-mosken\/","title":{"rendered":"&#8220;Rusia do i mbroj\u00eb interesat tona&#8221; &#8211; Da\u00e7i\u00e7 th\u00ebrret n\u00eb ndihm\u00eb Mosk\u00ebn","gt_translate_keys":[{"key":"rendered","format":"text"}]},"content":{"rendered":"<p><img loading=\"lazy\" decoding=\"async\" class=\"aligncenter size-full wp-image-298148\" src=\"https:\/\/hashtag.al\/wp-content\/uploads\/2019\/05\/ivi.jpg\" alt=\"\" width=\"1024\" height=\"578\" srcset=\"https:\/\/www.hashtag.al\/wp-content\/uploads\/2019\/05\/ivi.jpg 1024w, https:\/\/www.hashtag.al\/wp-content\/uploads\/2019\/05\/ivi-300x169.jpg 300w, https:\/\/www.hashtag.al\/wp-content\/uploads\/2019\/05\/ivi-768x434.jpg 768w\" sizes=\"auto, (max-width: 1024px) 100vw, 1024px\" \/><\/p>\n<p><span style=\"color: #000000;\">Shefi i diplomacis\u00eb serbe, Ivica Da\u00e7i\u00e7, ka deklaruar p\u00ebr portalin serb \u201cKurir\u201d se Serbia ka p\u00ebrkrahjen e Rusis\u00eb p\u00ebr sa i p\u00ebrket mbrojtjes s\u00eb interesave t\u00eb saj, raporton Koha.net.<\/span><\/p>\n<p><span style=\"color: #000000;\"><em>\u201cN\u00eb shum\u00eb takime zyrtare e jozyrtare \u00ebsht\u00eb konfirmuar kjo p\u00ebrkrahje. Madje ka pasur edhe hapa konkret\u00eb t\u00eb Mosk\u00ebs zyrtare q\u00eb kan\u00eb ndihmuar q\u00eb serb\u00ebt t\u00eb q\u00ebndrojn\u00eb n\u00eb Kosov\u00eb\u201d<\/em> , citohet t\u00eb ket\u00eb th\u00ebn\u00eb Da\u00e7i\u00e7.<\/span><\/p>\n<p><span style=\"color: #000000;\">\u201cMua disa her\u00eb gjat\u00eb bisedave m\u00eb kan\u00eb bindur se Rusia nuk do t\u00eb lejoj\u00eb q\u00eb Serbis\u00eb t\u2019i b\u00ebhet d\u00ebm e presidenti Vu\u00e7i\u00e7 k\u00ebt\u00eb disa her\u00eb e ka d\u00ebgjuar nga vet\u00eb presidenti Putin\u201d ka th\u00ebn\u00eb nd\u00ebr t\u00eb tjera Da\u00e7i\u00e7.<\/span><\/p>\n","protected":false,"gt_translate_keys":[{"key":"rendered","format":"html"}]},"excerpt":{"rendered":"<p>Shefi i diplomacis\u00eb serbe, Ivica Da\u00e7i\u00e7, ka deklaruar p\u00ebr portalin serb \u201cKurir\u201d se Serbia ka p\u00ebrkrahjen e Rusis\u00eb p\u00ebr sa i p\u00ebrket mbrojtjes s\u00eb interesave t\u00eb saj, raporton Koha.net. \u201cN\u00eb shum\u00eb takime zyrtare e jozyrtare \u00ebsht\u00eb konfirmuar kjo p\u00ebrkrahje. Madje ka pasur edhe hapa konkret\u00eb t\u00eb Mosk\u00ebs zyrtare q\u00eb kan\u00eb ndihmuar q\u00eb serb\u00ebt t\u00eb q\u00ebndrojn\u00eb [&hellip;]<\/p>\n","protected":false,"gt_translate_keys":[{"key":"rendered","format":"html"}]},"author":51,"featured_media":298148,"comment_status":"open","ping_status":"open","sticky":false,"template":"","format":"standard","meta":{"footnotes":""},"categories":[149,6],"tags":[],"class_list":["post-298147","post","type-post","status-publish","format-standard","has-post-thumbnail","hentry","category-kosoverajon","category-nderkombetare"],"gt_translate_keys":[{"key":"link","format":"url"}],"_links":{"self":[{"href":"https:\/\/www.hashtag.al\/index.php\/wp-json\/wp\/v2\/posts\/298147","targetHints":{"allow":["GET"]}}],"collection":[{"href":"https:\/\/www.hashtag.al\/index.php\/wp-json\/wp\/v2\/posts"}],"about":[{"href":"https:\/\/www.hashtag.al\/index.php\/wp-json\/wp\/v2\/types\/post"}],"author":[{"embeddable":true,"href":"https:\/\/www.hashtag.al\/index.php\/wp-json\/wp\/v2\/users\/51"}],"replies":[{"embeddable":true,"href":"https:\/\/www.hashtag.al\/index.php\/wp-json\/wp\/v2\/comments?post=298147"}],"version-history":[{"count":0,"href":"https:\/\/www.hashtag.al\/index.php\/wp-json\/wp\/v2\/posts\/298147\/revisions"}],"wp:featuredmedia":[{"embeddable":true,"href":"https:\/\/www.hashtag.al\/index.php\/wp-json\/wp\/v2\/media\/298148"}],"wp:attachment":[{"href":"https:\/\/www.hashtag.al\/index.php\/wp-json\/wp\/v2\/media?parent=298147"}],"wp:term":[{"taxonomy":"category","embeddable":true,"href":"https:\/\/www.hashtag.al\/index.php\/wp-json\/wp\/v2\/categories?post=298147"},{"taxonomy":"post_tag","embeddable":true,"href":"https:\/\/www.hashtag.al\/index.php\/wp-json\/wp\/v2\/tags?post=298147"}],"curies":[{"name":"wp","href":"https:\/\/api.w.org\/{rel}","templated":true}]}}