{"id":298127,"date":"2019-05-20T14:14:16","date_gmt":"2019-05-20T12:14:16","guid":{"rendered":"https:\/\/hashtag.al\/?p=298127"},"modified":"2019-05-20T14:15:08","modified_gmt":"2019-05-20T12:15:08","slug":"skema-qe-po-perdorin-rama-e-shahini-per-te-djegur-maturantet-denoncimi-i-vokshit","status":"publish","type":"post","link":"https:\/\/www.hashtag.al\/index.php\/2019\/05\/20\/skema-qe-po-perdorin-rama-e-shahini-per-te-djegur-maturantet-denoncimi-i-vokshit\/","title":{"rendered":"&#8220;Skema q\u00eb po p\u00ebrdorin Rama e Shahini p\u00ebr t\u00eb djegur maturant\u00ebt&#8221; &#8211; Denoncimi i Vokshit","gt_translate_keys":[{"key":"rendered","format":"text"}]},"content":{"rendered":"<p><img loading=\"lazy\" decoding=\"async\" class=\"aligncenter size-full wp-image-298130\" src=\"https:\/\/hashtag.al\/wp-content\/uploads\/2019\/05\/vokshi20maj.jpg\" alt=\"\" width=\"2000\" height=\"1175\" srcset=\"https:\/\/www.hashtag.al\/wp-content\/uploads\/2019\/05\/vokshi20maj.jpg 2000w, https:\/\/www.hashtag.al\/wp-content\/uploads\/2019\/05\/vokshi20maj-300x176.jpg 300w, https:\/\/www.hashtag.al\/wp-content\/uploads\/2019\/05\/vokshi20maj-768x451.jpg 768w, https:\/\/www.hashtag.al\/wp-content\/uploads\/2019\/05\/vokshi20maj-1024x602.jpg 1024w\" sizes=\"auto, (max-width: 2000px) 100vw, 2000px\" \/><\/p>\n<p><span style=\"color: #000000;\">Ish-deputetja e PD-s\u00eb, Vokshi, ka denoncuar rritjen e not\u00ebs mesatare p\u00ebr maturant\u00ebt q\u00eb k\u00ebrkojn\u00eb t\u00eb ndjekin universitetin. <\/span><\/p>\n<p><span style=\"color: #000000;\">N\u00eb nj\u00eb reagim t\u00eb sajon n\u00eb Facebok, Vokshi theksoin se ky vendim i qeveris\u00eb \u00ebsht\u00eb kufizim i liris\u00eb p\u00ebr arsim t\u00eb lart\u00eb.<\/span><\/p>\n<p><span style=\"color: #000000;\">Ajo thekson se ky veprim i marr\u00eb nga dyshja Rama-Shahini tregon se ata nuk e kan\u00eb aspak prioritet arsimin p\u00ebr m\u00eb tep\u00ebr q\u00eb vjen vet\u00ebm pak muaj para fillimit t\u00eb sezonit t\u00eb rregullt n\u00eb universitete, duke mos u dh\u00ebn\u00eb mund\u00ebsin\u00eb maturant\u00ebve q\u00eb t\u00eb p\u00ebrmir\u00ebsojn\u00eb not\u00ebn mesatare.<\/span><\/p>\n<p><span style=\"color: #000000;\">Ajo shkruan gjithashtu se duke mos ju dh\u00ebn\u00eb mund\u00ebsin\u00eb p\u00ebr arsim t\u00eb rinjve po i detyron ata t\u00eb largohen jasht\u00eb vendit.<\/span><\/p>\n<p><span style=\"color: #000000;\"><em>\u201c Rritja e not\u00ebs mesatare p\u00ebr maturant\u00ebt q\u00eb duan t\u00eb ndjekin universitetin \u00ebsht\u00eb kufizim i #liris\u00eb p\u00ebr #arsim. K\u00ebto dit\u00eb, kam marr\u00eb shum\u00eb mesazhe shqet\u00ebsimi nga prind\u00ebr t\u00eb nx\u00ebn\u00ebsve maturant\u00eb, por edhe m\u00ebsues gjimnazesh t\u00eb ndryshme n\u00eb vend, n\u00eb lidhje me vendimin e marr\u00eb s\u00eb fundmi nga K\u00ebshilli i Ministrave p\u00ebr rritjen e not\u00ebs mesatare p\u00ebr pranimet n\u00eb Universitete. K\u00ebshtu p\u00ebr vitin akademik 2019-2020: <\/em><\/span><\/p>\n<p><span style=\"color: #000000;\"><em>&#8211; Nota mesatare rritet nga 7 n\u00eb 7.5 &#8211; p\u00ebr maturant\u00ebt q\u00eb aplikojn\u00eb p\u00ebr t\u2019u pranuar n\u00eb programet e studimit t\u00eb fush\u00ebs s\u00eb m\u00ebsuesis\u00eb;<\/em><\/span><\/p>\n<p><span style=\"color: #000000;\"><em>&#8211; Nota mesatare rritet nga 6 n\u00eb 6.5 &#8211; p\u00ebr t\u00eb gjith\u00eb maturant\u00ebt q\u00eb duan t\u00eb ndjekin programet e tjera t\u00eb studimit t\u00eb ciklit t\u00eb par\u00eb dhe n\u00eb programet e integruara t\u00eb studimeve t\u00eb ciklit t\u00eb dyt\u00eb.<\/em><\/span><\/p>\n<p><span style=\"color: #000000;\"><em>Ky vendim keqdash\u00ebs, abuziv, antikushtetues, i marr\u00eb vet\u00ebm pak dit\u00eb para p\u00ebrfundimit t\u00eb matur\u00ebs, tregon qart\u00ebsisht q\u00eb Rama-Shahini nuk e kan\u00eb Arsimin prioritet.<\/em><\/span><\/p>\n<p><span style=\"color: #000000;\"><em>Ky vendim ndryshon rregullat e pranimit n\u00eb Universitete, duke mos i dh\u00ebn\u00eb mund\u00ebsi asnj\u00eb maturanti t\u00eb mund t\u00eb p\u00ebrmir\u00ebsoj\u00eb not\u00ebn mesatare, e duke p\u00ebrjashtuar shum\u00eb prej tyre nga mund\u00ebsia p\u00ebr arsimim.<\/em><\/span><\/p>\n<p><span style=\"color: #000000;\"><em>Duke ju mohuar t\u00eb drejt\u00ebn p\u00ebr arsimin, Rama po k\u00ebrkon t\u00eb largoj\u00eb nga Shqip\u00ebria pjes\u00ebn m\u00eb vitale, m\u00eb t\u00eb talentuar t\u00eb shoq\u00ebris\u00eb.<\/em><\/span><\/p>\n<p><span style=\"color: #000000;\"><em>N\u00eb k\u00ebto kushte, maturant\u00ebt kan\u00eb t\u00eb gjith\u00eb t\u00eb drejt\u00ebn t\u00eb #bojkotojn\u00eb #provimet e #matur\u00ebs.<\/em><\/span><\/p>\n<p><span style=\"color: #000000;\"><em>Maturant\u00ebt t\u00eb #protestojn\u00eb p\u00ebr t\u00eb drejtat e tyre kushtetuese e p\u00ebr t\u00eb ardhmen e tyre n\u00eb Shqip\u00ebri.\u201d<\/em> \u2013 shkruan Vokshi.<\/span><\/p>\n<p><img loading=\"lazy\" decoding=\"async\" class=\"aligncenter size-full wp-image-298132\" src=\"https:\/\/hashtag.al\/wp-content\/uploads\/2019\/05\/Albana-Vokshit.jpg\" alt=\"\" width=\"1296\" height=\"677\" srcset=\"https:\/\/www.hashtag.al\/wp-content\/uploads\/2019\/05\/Albana-Vokshit.jpg 1296w, https:\/\/www.hashtag.al\/wp-content\/uploads\/2019\/05\/Albana-Vokshit-300x157.jpg 300w, https:\/\/www.hashtag.al\/wp-content\/uploads\/2019\/05\/Albana-Vokshit-768x401.jpg 768w, https:\/\/www.hashtag.al\/wp-content\/uploads\/2019\/05\/Albana-Vokshit-1024x535.jpg 1024w\" sizes=\"auto, (max-width: 1296px) 100vw, 1296px\" \/><\/p>\n","protected":false,"gt_translate_keys":[{"key":"rendered","format":"html"}]},"excerpt":{"rendered":"<p>Ish-deputetja e PD-s\u00eb, Vokshi, ka denoncuar rritjen e not\u00ebs mesatare p\u00ebr maturant\u00ebt q\u00eb k\u00ebrkojn\u00eb t\u00eb ndjekin universitetin. N\u00eb nj\u00eb reagim t\u00eb sajon n\u00eb Facebok, Vokshi theksoin se ky vendim i qeveris\u00eb \u00ebsht\u00eb kufizim i liris\u00eb p\u00ebr arsim t\u00eb lart\u00eb. Ajo thekson se ky veprim i marr\u00eb nga dyshja Rama-Shahini tregon se ata nuk e kan\u00eb [&hellip;]<\/p>\n","protected":false,"gt_translate_keys":[{"key":"rendered","format":"html"}]},"author":51,"featured_media":298131,"comment_status":"open","ping_status":"open","sticky":false,"template":"","format":"standard","meta":{"footnotes":""},"categories":[65,13],"tags":[],"class_list":["post-298127","post","type-post","status-publish","format-standard","has-post-thumbnail","hentry","category-lajme","category-te-fundit"],"gt_translate_keys":[{"key":"link","format":"url"}],"_links":{"self":[{"href":"https:\/\/www.hashtag.al\/index.php\/wp-json\/wp\/v2\/posts\/298127","targetHints":{"allow":["GET"]}}],"collection":[{"href":"https:\/\/www.hashtag.al\/index.php\/wp-json\/wp\/v2\/posts"}],"about":[{"href":"https:\/\/www.hashtag.al\/index.php\/wp-json\/wp\/v2\/types\/post"}],"author":[{"embeddable":true,"href":"https:\/\/www.hashtag.al\/index.php\/wp-json\/wp\/v2\/users\/51"}],"replies":[{"embeddable":true,"href":"https:\/\/www.hashtag.al\/index.php\/wp-json\/wp\/v2\/comments?post=298127"}],"version-history":[{"count":0,"href":"https:\/\/www.hashtag.al\/index.php\/wp-json\/wp\/v2\/posts\/298127\/revisions"}],"wp:featuredmedia":[{"embeddable":true,"href":"https:\/\/www.hashtag.al\/index.php\/wp-json\/wp\/v2\/media\/298131"}],"wp:attachment":[{"href":"https:\/\/www.hashtag.al\/index.php\/wp-json\/wp\/v2\/media?parent=298127"}],"wp:term":[{"taxonomy":"category","embeddable":true,"href":"https:\/\/www.hashtag.al\/index.php\/wp-json\/wp\/v2\/categories?post=298127"},{"taxonomy":"post_tag","embeddable":true,"href":"https:\/\/www.hashtag.al\/index.php\/wp-json\/wp\/v2\/tags?post=298127"}],"curies":[{"name":"wp","href":"https:\/\/api.w.org\/{rel}","templated":true}]}}