{"id":297793,"date":"2019-05-18T20:01:24","date_gmt":"2019-05-18T18:01:24","guid":{"rendered":"https:\/\/hashtag.al\/?p=297793"},"modified":"2019-05-18T20:01:24","modified_gmt":"2019-05-18T18:01:24","slug":"vangjush-dako-merret-ne-pyetje-ne-prokurori-per-dosjen-339","status":"publish","type":"post","link":"https:\/\/www.hashtag.al\/index.php\/2019\/05\/18\/vangjush-dako-merret-ne-pyetje-ne-prokurori-per-dosjen-339\/","title":{"rendered":"Vangjush Dako merret n\u00eb pyetje n\u00eb prokurori p\u00ebr dosjen 339","gt_translate_keys":[{"key":"rendered","format":"text"}]},"content":{"rendered":"<p><img loading=\"lazy\" decoding=\"async\" class=\"aligncenter size-full wp-image-287940\" src=\"https:\/\/hashtag.al\/wp-content\/uploads\/2019\/04\/vangjush-dako-4.jpg\" alt=\"\" width=\"1024\" height=\"784\" srcset=\"https:\/\/www.hashtag.al\/wp-content\/uploads\/2019\/04\/vangjush-dako-4.jpg 1024w, https:\/\/www.hashtag.al\/wp-content\/uploads\/2019\/04\/vangjush-dako-4-300x230.jpg 300w, https:\/\/www.hashtag.al\/wp-content\/uploads\/2019\/04\/vangjush-dako-4-768x588.jpg 768w\" sizes=\"auto, (max-width: 1024px) 100vw, 1024px\" \/><\/p>\n<p><span style=\"color: #000000;\">Kryetari i Bashkis\u00eb s\u00eb Durr\u00ebsit, Vangjush Dako \u00ebsht\u00eb thirrur n\u00eb Prokurorin\u00eb e Krimeve t\u00eb R\u00ebnda, ku \u00ebsht\u00eb pyetur n\u00eb lidhje me at\u00eb q\u00eb quhet \u201cDosja 339\u201d, me p\u00ebrgjimet p\u00ebr dyshime p\u00ebr shitblerjen e vot\u00ebs n\u00eb zgjedhjet e qershorit t\u00eb vitit 2017, raporton Top Channel.<\/span><\/p>\n<p><span style=\"color: #000000;\">Sipas gazetares Anila Hoxha, kryetari i Bashkisw wshtw marrw nw pyetje nga prokurorwt Vladimir Me\u00e7e dhe Dritan Prem\u00e7i dit\u00ebn e enjte nga ora 15 deri nw orwn 20:00.<\/span><\/p>\n<p><span style=\"color: #000000;\">\u201cJan\u00eb marr\u00eb n\u00eb pyetje edhe drejtues t\u00eb tjer\u00eb lokal\u00eb. P\u00ebr shum\u00eb persona jan\u00eb zbardhur mjaft p\u00ebrgjime, p\u00ebr sa koh\u00eb q\u00eb si\u00e7 tha Arta Marku jan\u00eb 700 CD t\u00eb pazbardhura\u201d-deklaron m\u00eb tej gazetarja Hoxha.<\/span><\/p>\n","protected":false,"gt_translate_keys":[{"key":"rendered","format":"html"}]},"excerpt":{"rendered":"<p>Kryetari i Bashkis\u00eb s\u00eb Durr\u00ebsit, Vangjush Dako \u00ebsht\u00eb thirrur n\u00eb Prokurorin\u00eb e Krimeve t\u00eb R\u00ebnda, ku \u00ebsht\u00eb pyetur n\u00eb lidhje me at\u00eb q\u00eb quhet \u201cDosja 339\u201d, me p\u00ebrgjimet p\u00ebr dyshime p\u00ebr shitblerjen e vot\u00ebs n\u00eb zgjedhjet e qershorit t\u00eb vitit 2017, raporton Top Channel. Sipas gazetares Anila Hoxha, kryetari i Bashkisw wshtw marrw nw pyetje [&hellip;]<\/p>\n","protected":false,"gt_translate_keys":[{"key":"rendered","format":"html"}]},"author":32,"featured_media":270464,"comment_status":"open","ping_status":"open","sticky":false,"template":"","format":"standard","meta":{"footnotes":""},"categories":[65,13],"tags":[],"class_list":["post-297793","post","type-post","status-publish","format-standard","has-post-thumbnail","hentry","category-lajme","category-te-fundit"],"gt_translate_keys":[{"key":"link","format":"url"}],"_links":{"self":[{"href":"https:\/\/www.hashtag.al\/index.php\/wp-json\/wp\/v2\/posts\/297793","targetHints":{"allow":["GET"]}}],"collection":[{"href":"https:\/\/www.hashtag.al\/index.php\/wp-json\/wp\/v2\/posts"}],"about":[{"href":"https:\/\/www.hashtag.al\/index.php\/wp-json\/wp\/v2\/types\/post"}],"author":[{"embeddable":true,"href":"https:\/\/www.hashtag.al\/index.php\/wp-json\/wp\/v2\/users\/32"}],"replies":[{"embeddable":true,"href":"https:\/\/www.hashtag.al\/index.php\/wp-json\/wp\/v2\/comments?post=297793"}],"version-history":[{"count":0,"href":"https:\/\/www.hashtag.al\/index.php\/wp-json\/wp\/v2\/posts\/297793\/revisions"}],"wp:featuredmedia":[{"embeddable":true,"href":"https:\/\/www.hashtag.al\/index.php\/wp-json\/wp\/v2\/media\/270464"}],"wp:attachment":[{"href":"https:\/\/www.hashtag.al\/index.php\/wp-json\/wp\/v2\/media?parent=297793"}],"wp:term":[{"taxonomy":"category","embeddable":true,"href":"https:\/\/www.hashtag.al\/index.php\/wp-json\/wp\/v2\/categories?post=297793"},{"taxonomy":"post_tag","embeddable":true,"href":"https:\/\/www.hashtag.al\/index.php\/wp-json\/wp\/v2\/tags?post=297793"}],"curies":[{"name":"wp","href":"https:\/\/api.w.org\/{rel}","templated":true}]}}