{"id":296985,"date":"2019-05-15T07:29:35","date_gmt":"2019-05-15T05:29:35","guid":{"rendered":"https:\/\/hashtag.al\/?p=296985"},"modified":"2019-05-15T07:39:05","modified_gmt":"2019-05-15T05:39:05","slug":"shkon-ne-tre-numri-i-viktimave-ne-kavaje","status":"publish","type":"post","link":"https:\/\/www.hashtag.al\/index.php\/2019\/05\/15\/shkon-ne-tre-numri-i-viktimave-ne-kavaje\/","title":{"rendered":"Shkon n\u00eb tre numri i viktimave n\u00eb Kavaj\u00eb","gt_translate_keys":[{"key":"rendered","format":"text"}]},"content":{"rendered":"<p><span style=\"color: #000000;\"><img loading=\"lazy\" decoding=\"async\" class=\"aligncenter size-full wp-image-296986\" src=\"https:\/\/hashtag.al\/wp-content\/uploads\/2019\/05\/kavaje.jpeg\" alt=\"\" width=\"780\" height=\"405\" srcset=\"https:\/\/www.hashtag.al\/wp-content\/uploads\/2019\/05\/kavaje.jpeg 780w, https:\/\/www.hashtag.al\/wp-content\/uploads\/2019\/05\/kavaje-300x156.jpeg 300w, https:\/\/www.hashtag.al\/wp-content\/uploads\/2019\/05\/kavaje-768x399.jpeg 768w\" sizes=\"auto, (max-width: 780px) 100vw, 780px\" \/><\/span><\/p>\n<p><span style=\"color: #000000;\">Ka shkuar n\u00eb tre numri i viktimave nga aksidenti i r\u00ebnd\u00eb q\u00eb ndodhi mbr\u00ebmjen e kaluar n\u00eb qytetin e Kavaj\u00ebs.<\/span><\/p>\n<p><span style=\"color: #000000;\">Mbr\u00ebm\u00eb u raportua p\u00ebr vdekjen e n\u00ebn\u00ebs s\u00eb dy vajzave Lumturie Demrozi 46 vje\u00e7 dhe 23-vje\u00e7arit Gentjan\u00a0Belba.<\/span><\/p>\n<p><span style=\"color: #000000;\">Fatkeq\u00ebsisht, sot ka humbur jet\u00ebn dhe drejtuesi i mjetit, Vilson Cara i cili sot do t\u00eb duhej t\u00eb festonte dit\u00eblindjen. Djemt\u00eb kishin dal\u00eb t\u00eb festonin pik\u00ebrisht p\u00ebr k\u00ebt\u00eb rast. N\u00eb makin\u00eb me ta ndodhej dhe nj\u00eb tjet\u00ebr i ri.<\/span><\/p>\n<p><span style=\"color: #000000;\">Drejtuesi i mjetit tip \u2018Benz\u2019\u00a0 me targ\u00eb AA 615 VO, ka humbur kontrollin n\u00eb tentativ\u00ebn p\u00ebr t\u00eb shmangur disa k\u00ebmb\u00ebsor\u00eb q\u00eb tentonin t\u00eb kalonin nga nj\u00ebri krah i rrug\u00ebs n\u00eb krahun tjet\u00ebr.<\/span><\/p>\n<p><span style=\"color: #000000;\">Si pasoj\u00eb edhe e lag\u00ebshtir\u00ebs, mjeti \u00ebsht\u00eb p\u00ebrplasur me tabel\u00ebn e nj\u00eb karburanti duke sjell\u00eb vdekjen e tij si dhe t\u00eb dy personave t\u00eb tjer\u00eb.<\/span><\/p>\n<p><span style=\"color: #000000;\">Vajza e viktim\u00ebs Lumturie Demrozi,\u00a0 Xh.D. 21 vje\u00e7e ndodhet n\u00eb spital jasht\u00eb rrezikut p\u00ebr jet\u00ebn.<\/span><\/p>\n<p><em><span style=\"color: #000000;\">&#8220;Rreth or\u00ebs 22.30 n\u00eb dalje t\u00eb qyteti t\u00eb Kavaj\u00ebs, drejtuesi i mjetit tip Benz ( marr\u00eb me qera), me targe AA 615 VO, shtetasi V.C, 24 vje\u00e7 p\u00ebr t\u00eb shmangur disa k\u00ebmb\u00ebsor\u00eb q\u00eb tentonin t\u00eb kalonin nga nj\u00ebri krah i rrug\u00ebs n\u00eb krahun tjet\u00ebr ka humbur kontrollin mbi mjet, edhe si pasoj\u00eb edhe e lag\u00ebshtir\u00ebs mjeti \u00easht\u00eb p\u00ebrplasur me tabel\u00ebn e nj\u00eb karburanti.<\/span><\/em><\/p>\n<p><em><span style=\"color: #000000;\">P\u00ebr pasoj\u00eb mjeti ka goditur k\u00ebmb\u00ebsoret,, ku shtetasja L.D rreth 46 vje\u00e7e ka humbur jet\u00ebn, nd\u00ebrsa vajza e saj shtetasja Xh.D 21 vje\u00e7e ndodhet n\u00eb spital jashte rrezikut p\u00ebr jet\u00ebn.<\/span><\/em><\/p>\n<p><em><span style=\"color: #000000;\">Gjithashtu ka humbur jet\u00ebn edhe pasagjeri q\u00eb udh\u00ebtonte me k\u00ebt\u00eb mjet shtetasi G.B, rreth 23 vje\u00e7.<\/span><\/em><\/p>\n<p><span style=\"color: #000000;\"><em>Drejtuesi i mjetit \u00ebsht\u00eb plagosur dhe ndodhet n\u00eb spital n\u00ebn kujdesin e mjek\u00ebve. Grupi hetimor po punon p\u00ebr sqarimin e plot\u00eb t\u00eb rrethanave t\u00eb ngjarjes.&#8221;,<\/em> thuhet n\u00eb njoftimin e policis\u00eb mbi aksidentin.<\/span><\/p>\n<div id=\"attachment_296991\" style=\"width: 601px\" class=\"wp-caption aligncenter\"><img loading=\"lazy\" decoding=\"async\" aria-describedby=\"caption-attachment-296991\" class=\"wp-image-296991 size-full\" src=\"https:\/\/hashtag.al\/wp-content\/uploads\/2019\/05\/Belba.jpg\" alt=\"\" width=\"591\" height=\"597\" srcset=\"https:\/\/www.hashtag.al\/wp-content\/uploads\/2019\/05\/Belba.jpg 591w, https:\/\/www.hashtag.al\/wp-content\/uploads\/2019\/05\/Belba-297x300.jpg 297w, https:\/\/www.hashtag.al\/wp-content\/uploads\/2019\/05\/Belba-120x120.jpg 120w\" sizes=\"auto, (max-width: 591px) 100vw, 591px\" \/><p id=\"caption-attachment-296991\" class=\"wp-caption-text\"><\/span> <span style=\"color: #000000;\"><strong><em>Gentjan Belba<\/em><\/strong><\/span><\/p><\/div>\n<div id=\"attachment_296987\" style=\"width: 729px\" class=\"wp-caption aligncenter\"><img loading=\"lazy\" decoding=\"async\" aria-describedby=\"caption-attachment-296987\" class=\"wp-image-296987 size-full\" src=\"https:\/\/hashtag.al\/wp-content\/uploads\/2019\/05\/Cara.jpg\" alt=\"\" width=\"719\" height=\"719\" srcset=\"https:\/\/www.hashtag.al\/wp-content\/uploads\/2019\/05\/Cara.jpg 719w, https:\/\/www.hashtag.al\/wp-content\/uploads\/2019\/05\/Cara-150x150.jpg 150w, https:\/\/www.hashtag.al\/wp-content\/uploads\/2019\/05\/Cara-300x300.jpg 300w, https:\/\/www.hashtag.al\/wp-content\/uploads\/2019\/05\/Cara-120x120.jpg 120w\" sizes=\"auto, (max-width: 719px) 100vw, 719px\" \/><p id=\"caption-attachment-296987\" class=\"wp-caption-text\"><\/span> <span style=\"color: #000000;\"><strong><em>Vilson Cara<\/em><\/strong><\/span><\/p><\/div>\n","protected":false,"gt_translate_keys":[{"key":"rendered","format":"html"}]},"excerpt":{"rendered":"<p>Ka shkuar n\u00eb tre numri i viktimave nga aksidenti i r\u00ebnd\u00eb q\u00eb ndodhi mbr\u00ebmjen e kaluar n\u00eb qytetin e Kavaj\u00ebs. Mbr\u00ebm\u00eb u raportua p\u00ebr vdekjen e n\u00ebn\u00ebs s\u00eb dy vajzave Lumturie Demrozi 46 vje\u00e7 dhe 23-vje\u00e7arit Gentjan\u00a0Belba. Fatkeq\u00ebsisht, sot ka humbur jet\u00ebn dhe drejtuesi i mjetit, Vilson Cara i cili sot do t\u00eb duhej t\u00eb [&hellip;]<\/p>\n","protected":false,"gt_translate_keys":[{"key":"rendered","format":"html"}]},"author":30,"featured_media":296986,"comment_status":"open","ping_status":"open","sticky":false,"template":"","format":"standard","meta":{"footnotes":""},"categories":[22,65,13],"tags":[],"class_list":["post-296985","post","type-post","status-publish","format-standard","has-post-thumbnail","hentry","category-ballina","category-lajme","category-te-fundit"],"gt_translate_keys":[{"key":"link","format":"url"}],"_links":{"self":[{"href":"https:\/\/www.hashtag.al\/index.php\/wp-json\/wp\/v2\/posts\/296985","targetHints":{"allow":["GET"]}}],"collection":[{"href":"https:\/\/www.hashtag.al\/index.php\/wp-json\/wp\/v2\/posts"}],"about":[{"href":"https:\/\/www.hashtag.al\/index.php\/wp-json\/wp\/v2\/types\/post"}],"author":[{"embeddable":true,"href":"https:\/\/www.hashtag.al\/index.php\/wp-json\/wp\/v2\/users\/30"}],"replies":[{"embeddable":true,"href":"https:\/\/www.hashtag.al\/index.php\/wp-json\/wp\/v2\/comments?post=296985"}],"version-history":[{"count":0,"href":"https:\/\/www.hashtag.al\/index.php\/wp-json\/wp\/v2\/posts\/296985\/revisions"}],"wp:featuredmedia":[{"embeddable":true,"href":"https:\/\/www.hashtag.al\/index.php\/wp-json\/wp\/v2\/media\/296986"}],"wp:attachment":[{"href":"https:\/\/www.hashtag.al\/index.php\/wp-json\/wp\/v2\/media?parent=296985"}],"wp:term":[{"taxonomy":"category","embeddable":true,"href":"https:\/\/www.hashtag.al\/index.php\/wp-json\/wp\/v2\/categories?post=296985"},{"taxonomy":"post_tag","embeddable":true,"href":"https:\/\/www.hashtag.al\/index.php\/wp-json\/wp\/v2\/tags?post=296985"}],"curies":[{"name":"wp","href":"https:\/\/api.w.org\/{rel}","templated":true}]}}