{"id":296964,"date":"2019-05-14T23:11:37","date_gmt":"2019-05-14T21:11:37","guid":{"rendered":"https:\/\/hashtag.al\/?p=296964"},"modified":"2019-05-14T23:21:24","modified_gmt":"2019-05-14T21:21:24","slug":"aksidenti-ne-kavaje-humbin-jeten-2-persona-dhe-plagosen-dy-te-tjera","status":"publish","type":"post","link":"https:\/\/www.hashtag.al\/index.php\/2019\/05\/14\/aksidenti-ne-kavaje-humbin-jeten-2-persona-dhe-plagosen-dy-te-tjera\/","title":{"rendered":"Aksidenti n\u00eb Kavaj\u00eb, humbin jet\u00ebn 2 persona dhe plagosen dy t\u00eb tjera","gt_translate_keys":[{"key":"rendered","format":"text"}]},"content":{"rendered":"<p><img loading=\"lazy\" decoding=\"async\" class=\"aligncenter size-full wp-image-292938\" src=\"https:\/\/hashtag.al\/wp-content\/uploads\/2019\/04\/aksident-naten-policia-naten.jpeg\" alt=\"\" width=\"1032\" height=\"581\" srcset=\"https:\/\/www.hashtag.al\/wp-content\/uploads\/2019\/04\/aksident-naten-policia-naten.jpeg 1032w, https:\/\/www.hashtag.al\/wp-content\/uploads\/2019\/04\/aksident-naten-policia-naten-300x169.jpeg 300w, https:\/\/www.hashtag.al\/wp-content\/uploads\/2019\/04\/aksident-naten-policia-naten-768x432.jpeg 768w, https:\/\/www.hashtag.al\/wp-content\/uploads\/2019\/04\/aksident-naten-policia-naten-1024x576.jpeg 1024w\" sizes=\"auto, (max-width: 1032px) 100vw, 1032px\" \/><\/p>\n<p><span style=\"color: #000000;\">Nj\u00eb aksident i r\u00ebnd\u00eb ka ndodhur mbr\u00ebmjen e sotme n\u00eb Kavaj\u00eb, ku raportohet se ka edhe viktima. Sipas t\u00eb dh\u00ebnave t\u00eb para, nj\u00eb automjet tip \u2018Benz\u2019 me targa AA615VO ka hipur n\u00eb trotuar duke marr\u00eb para nj\u00eb n\u00ebn\u00eb me dy vajzat e saj q\u00eb po ecnin n\u00eb trotuar por edhe kalimtar\u00eb t\u00eb tjer\u00eb.<\/span><\/p>\n<p><span style=\"color: #000000;\">P\u00ebr shkak t\u00eb plag\u00ebve t\u00eb marra ka humbur jet\u00ebn n\u00ebna dhe nj\u00eb person q\u00eb ndodhej n\u00eb automjet.<\/span><\/p>\n<p><span style=\"color: #000000;\">Po k\u00ebshtu ka edhe persona t\u00eb plagosur, t\u00eb cil\u00ebt jan\u00eb transportuat n\u00eb spital me makina t\u00eb rastit. Aktualisht n\u00eb spitalin e Durr\u00ebsit jan\u00eb nj\u00eb djal\u00eb dhe nj\u00eb vajz\u00eb, q\u00eb ndodhen n\u00eb gjendje r\u00ebnd\u00eb, raporton Balkan Web.\u00a0<\/span><\/p>\n<p><img loading=\"lazy\" decoding=\"async\" class=\"aligncenter size-full wp-image-296966\" src=\"https:\/\/hashtag.al\/wp-content\/uploads\/2019\/05\/auto_m31557868246.jpg\" alt=\"\" width=\"900\" height=\"714\" srcset=\"https:\/\/www.hashtag.al\/wp-content\/uploads\/2019\/05\/auto_m31557868246.jpg 900w, https:\/\/www.hashtag.al\/wp-content\/uploads\/2019\/05\/auto_m31557868246-300x238.jpg 300w, https:\/\/www.hashtag.al\/wp-content\/uploads\/2019\/05\/auto_m31557868246-768x609.jpg 768w\" sizes=\"auto, (max-width: 900px) 100vw, 900px\" \/> <img loading=\"lazy\" decoding=\"async\" class=\"aligncenter size-full wp-image-296967\" src=\"https:\/\/hashtag.al\/wp-content\/uploads\/2019\/05\/auto_m11557868215.jpg\" alt=\"\" width=\"900\" height=\"1200\" srcset=\"https:\/\/www.hashtag.al\/wp-content\/uploads\/2019\/05\/auto_m11557868215.jpg 900w, https:\/\/www.hashtag.al\/wp-content\/uploads\/2019\/05\/auto_m11557868215-225x300.jpg 225w, https:\/\/www.hashtag.al\/wp-content\/uploads\/2019\/05\/auto_m11557868215-768x1024.jpg 768w\" sizes=\"auto, (max-width: 900px) 100vw, 900px\" \/><\/p>\n<p>&nbsp;<\/p>\n","protected":false,"gt_translate_keys":[{"key":"rendered","format":"html"}]},"excerpt":{"rendered":"<p>Nj\u00eb aksident i r\u00ebnd\u00eb ka ndodhur mbr\u00ebmjen e sotme n\u00eb Kavaj\u00eb, ku raportohet se ka edhe viktima. Sipas t\u00eb dh\u00ebnave t\u00eb para, nj\u00eb automjet tip \u2018Benz\u2019 me targa AA615VO ka hipur n\u00eb trotuar duke marr\u00eb para nj\u00eb n\u00ebn\u00eb me dy vajzat e saj q\u00eb po ecnin n\u00eb trotuar por edhe kalimtar\u00eb t\u00eb tjer\u00eb. P\u00ebr shkak [&hellip;]<\/p>\n","protected":false,"gt_translate_keys":[{"key":"rendered","format":"html"}]},"author":32,"featured_media":292939,"comment_status":"open","ping_status":"open","sticky":false,"template":"","format":"standard","meta":{"footnotes":""},"categories":[65,13],"tags":[],"class_list":["post-296964","post","type-post","status-publish","format-standard","has-post-thumbnail","hentry","category-lajme","category-te-fundit"],"gt_translate_keys":[{"key":"link","format":"url"}],"_links":{"self":[{"href":"https:\/\/www.hashtag.al\/index.php\/wp-json\/wp\/v2\/posts\/296964","targetHints":{"allow":["GET"]}}],"collection":[{"href":"https:\/\/www.hashtag.al\/index.php\/wp-json\/wp\/v2\/posts"}],"about":[{"href":"https:\/\/www.hashtag.al\/index.php\/wp-json\/wp\/v2\/types\/post"}],"author":[{"embeddable":true,"href":"https:\/\/www.hashtag.al\/index.php\/wp-json\/wp\/v2\/users\/32"}],"replies":[{"embeddable":true,"href":"https:\/\/www.hashtag.al\/index.php\/wp-json\/wp\/v2\/comments?post=296964"}],"version-history":[{"count":0,"href":"https:\/\/www.hashtag.al\/index.php\/wp-json\/wp\/v2\/posts\/296964\/revisions"}],"wp:featuredmedia":[{"embeddable":true,"href":"https:\/\/www.hashtag.al\/index.php\/wp-json\/wp\/v2\/media\/292939"}],"wp:attachment":[{"href":"https:\/\/www.hashtag.al\/index.php\/wp-json\/wp\/v2\/media?parent=296964"}],"wp:term":[{"taxonomy":"category","embeddable":true,"href":"https:\/\/www.hashtag.al\/index.php\/wp-json\/wp\/v2\/categories?post=296964"},{"taxonomy":"post_tag","embeddable":true,"href":"https:\/\/www.hashtag.al\/index.php\/wp-json\/wp\/v2\/tags?post=296964"}],"curies":[{"name":"wp","href":"https:\/\/api.w.org\/{rel}","templated":true}]}}