{"id":296940,"date":"2019-05-14T19:40:48","date_gmt":"2019-05-14T17:40:48","guid":{"rendered":"https:\/\/hashtag.al\/?p=296940"},"modified":"2019-05-14T19:40:48","modified_gmt":"2019-05-14T17:40:48","slug":"gazeta-gjermane-bild-shkruan-per-telefonaten-e-rames-ne-dosjen-184","status":"publish","type":"post","link":"https:\/\/www.hashtag.al\/index.php\/2019\/05\/14\/gazeta-gjermane-bild-shkruan-per-telefonaten-e-rames-ne-dosjen-184\/","title":{"rendered":"Gazeta gjermane Bild shkruan p\u00ebr telefonat\u00ebn e Ram\u00ebs n\u00eb dosjen 184","gt_translate_keys":[{"key":"rendered","format":"text"}]},"content":{"rendered":"<p><img loading=\"lazy\" decoding=\"async\" class=\"aligncenter size-full wp-image-296941\" src=\"https:\/\/hashtag.al\/wp-content\/uploads\/2019\/05\/1w993qhighc0.bild_.jpg\" alt=\"\" width=\"993\" height=\"559\" srcset=\"https:\/\/www.hashtag.al\/wp-content\/uploads\/2019\/05\/1w993qhighc0.bild_.jpg 993w, https:\/\/www.hashtag.al\/wp-content\/uploads\/2019\/05\/1w993qhighc0.bild_-300x169.jpg 300w, https:\/\/www.hashtag.al\/wp-content\/uploads\/2019\/05\/1w993qhighc0.bild_-768x432.jpg 768w\" sizes=\"auto, (max-width: 993px) 100vw, 993px\" \/><\/p>\n<p><span style=\"color: #000000;\">Gazeta gjermane <a href=\"https:\/\/www.bild.de\/politik\/ausland\/politik-ausland\/aufstand-in-albanien-warum-brennt-der-balkan-61894994.bild.html?fbclid=IwAR0d7dR8-DSdYERTExuMpDr-kos1q7CuLVBot7fpr10ENVwb_ZISkCfwrUI\"><strong>Bild<\/strong> <\/a>n\u00eb nj\u00eb artikull p\u00ebr Shqip\u00ebrin\u00eb ka folur p\u00ebr situat\u00ebn ku ndodhet vendi si edhe lidhjet e politik\u00ebs me krimin.<\/span><\/p>\n<p><span style=\"color: #000000;\">Gjithashtu Bild shkruan se telefonata n\u00eb dosjen 184 e Ram\u00ebs me nj\u00eb komisioner lokal zgjedhor e p\u00ebrfshin at\u00eb n\u00eb ndryshimin e rezultatit t\u00eb zgjedhjeve<\/span><\/p>\n<p><span style=\"color: #000000;\"><strong>Artikulli:<\/strong><\/span><\/p>\n<p><span style=\"color: #000000;\">Shqip\u00ebria \u00ebsht\u00eb shembulli kryesor i nj\u00eb vendi kaotik n\u00eb duar gangster\u00ebsh: P\u00ebr m\u00eb pak se nj\u00eb vit, opozita \u00ebsht\u00eb t\u00ebrhequr nga parlamenti- n\u00eb protest\u00eb kund\u00ebr korrupsionit dhe blerjes s\u00eb votave nga qeveria. Prej dy vitesh, vendi nuk ka nj\u00eb Gjykat\u00eb Kushtetuese- Kushtetuta e vjet\u00ebr \u00ebsht\u00eb shfuqizuar, e reja nuk \u00ebsht\u00eb akoma n\u00eb zbatim.<\/span><\/p>\n<p><span style=\"color: #000000;\">Kryeministri Rama u desh t\u00eb shkarkoj\u00eb gjat\u00eb viteve t\u00eb shkuara dy ministra t\u00eb Brendsh\u00ebm: Fatmir Xhafaj dyshohej fort si pjes\u00eb e mafias s\u00eb drog\u00ebs, q\u00eb ka n\u00eb dor\u00eb vendin dhe gjysm\u00ebn e Europ\u00ebs Per\u00ebndimore! Saimir Tahiri \u00ebsht\u00eb aktualisht n\u00ebn akuz\u00eb- vet\u00ebm politika mund t\u00eb parandaloj\u00eb nj\u00eb shqyrtim gjyq\u00ebsor.<\/span><\/p>\n<p><span style=\"color: #000000;\">Po Rama vet\u00eb? Emri i tij lidhet shpesh me drog\u00ebn. K\u00ebshtu, opozita e akuzon at\u00eb p\u00ebr blerjen e votave me parat\u00eb e drog\u00ebs. Regjistrimi i nj\u00eb telefonate duhet ta provoj\u00eb k\u00ebt\u00eb.<\/span><\/p>\n<p><span style=\"color: #000000;\">M\u00eb 11 shtator t\u00eb vitit 2016, Rama i telefonoi kreut t\u00eb nj\u00eb komisioni zgjedhor rajonal p\u00ebr t\u00eb pyetur n\u00ebse zgjedhjet kishin shkuar ashtu si\u00e7 ishte diskutuar. P\u00ebrgjigja e drejtuesit t\u00eb zgjedhjeve: Po, shef, gjith\u00e7ka si\u00e7 e kemi diskutuar. Rasti \u00ebsht\u00eb i njohur n\u00eb Shqip\u00ebri si \u2018Dosja 184\u2019.<\/span><\/p>\n<p><span style=\"color: #000000;\">Akuzat p\u00ebr blerjen e votave i ngre edhe ish-ministri i Drejt\u00ebsis\u00eb i Ram\u00ebs, Ylli Manjani, Manjani, nj\u00eb profesor i respektuar i ligjit, thot\u00eb p\u00ebr BILD: \u201cOrganizata t\u00eb ndryshme nd\u00ebrkomb\u00ebtare kan\u00eb konfirmuar se ka pasur blerje t\u00eb votave n\u00eb mas\u00eb\u201d.<\/span><\/p>\n<p><span style=\"color: #000000;\">Manjani sheh pas k\u00ebsaj nj\u00eb projekt t\u00eb p\u00ebrbashk\u00ebt t\u00eb Ram\u00ebs dhe mafias: \u201cQeveria mbron mafien dhe lejon biznesin e tyre t\u00eb drog\u00ebs. N\u00eb k\u00ebmbim, bandat dhe klanet blejn\u00eb vota p\u00ebr qeverin\u00eb\u201d.<\/span><\/p>\n","protected":false,"gt_translate_keys":[{"key":"rendered","format":"html"}]},"excerpt":{"rendered":"<p>Gazeta gjermane Bild n\u00eb nj\u00eb artikull p\u00ebr Shqip\u00ebrin\u00eb ka folur p\u00ebr situat\u00ebn ku ndodhet vendi si edhe lidhjet e politik\u00ebs me krimin. Gjithashtu Bild shkruan se telefonata n\u00eb dosjen 184 e Ram\u00ebs me nj\u00eb komisioner lokal zgjedhor e p\u00ebrfshin at\u00eb n\u00eb ndryshimin e rezultatit t\u00eb zgjedhjeve Artikulli: Shqip\u00ebria \u00ebsht\u00eb shembulli kryesor i nj\u00eb vendi kaotik [&hellip;]<\/p>\n","protected":false,"gt_translate_keys":[{"key":"rendered","format":"html"}]},"author":32,"featured_media":296941,"comment_status":"open","ping_status":"open","sticky":false,"template":"","format":"standard","meta":{"footnotes":""},"categories":[65,13],"tags":[],"class_list":["post-296940","post","type-post","status-publish","format-standard","has-post-thumbnail","hentry","category-lajme","category-te-fundit"],"gt_translate_keys":[{"key":"link","format":"url"}],"_links":{"self":[{"href":"https:\/\/www.hashtag.al\/index.php\/wp-json\/wp\/v2\/posts\/296940","targetHints":{"allow":["GET"]}}],"collection":[{"href":"https:\/\/www.hashtag.al\/index.php\/wp-json\/wp\/v2\/posts"}],"about":[{"href":"https:\/\/www.hashtag.al\/index.php\/wp-json\/wp\/v2\/types\/post"}],"author":[{"embeddable":true,"href":"https:\/\/www.hashtag.al\/index.php\/wp-json\/wp\/v2\/users\/32"}],"replies":[{"embeddable":true,"href":"https:\/\/www.hashtag.al\/index.php\/wp-json\/wp\/v2\/comments?post=296940"}],"version-history":[{"count":0,"href":"https:\/\/www.hashtag.al\/index.php\/wp-json\/wp\/v2\/posts\/296940\/revisions"}],"wp:featuredmedia":[{"embeddable":true,"href":"https:\/\/www.hashtag.al\/index.php\/wp-json\/wp\/v2\/media\/296941"}],"wp:attachment":[{"href":"https:\/\/www.hashtag.al\/index.php\/wp-json\/wp\/v2\/media?parent=296940"}],"wp:term":[{"taxonomy":"category","embeddable":true,"href":"https:\/\/www.hashtag.al\/index.php\/wp-json\/wp\/v2\/categories?post=296940"},{"taxonomy":"post_tag","embeddable":true,"href":"https:\/\/www.hashtag.al\/index.php\/wp-json\/wp\/v2\/tags?post=296940"}],"curies":[{"name":"wp","href":"https:\/\/api.w.org\/{rel}","templated":true}]}}