{"id":296937,"date":"2019-05-14T19:18:02","date_gmt":"2019-05-14T17:18:02","guid":{"rendered":"https:\/\/hashtag.al\/?p=296937"},"modified":"2019-05-14T19:18:02","modified_gmt":"2019-05-14T17:18:02","slug":"koreja-e-veriut-kerkon-rikthimin-e-anijes-se-konfiskuar-nga-shba","status":"publish","type":"post","link":"https:\/\/www.hashtag.al\/index.php\/2019\/05\/14\/koreja-e-veriut-kerkon-rikthimin-e-anijes-se-konfiskuar-nga-shba\/","title":{"rendered":"Koreja e Veriut k\u00ebrkon rikthimin e anijes s\u00eb konfiskuar nga SHBA","gt_translate_keys":[{"key":"rendered","format":"text"}]},"content":{"rendered":"<p><img loading=\"lazy\" decoding=\"async\" class=\"aligncenter size-full wp-image-296938\" src=\"https:\/\/hashtag.al\/wp-content\/uploads\/2019\/05\/Koreja-600x360.jpg\" alt=\"\" width=\"600\" height=\"360\" srcset=\"https:\/\/www.hashtag.al\/wp-content\/uploads\/2019\/05\/Koreja-600x360.jpg 600w, https:\/\/www.hashtag.al\/wp-content\/uploads\/2019\/05\/Koreja-600x360-300x180.jpg 300w\" sizes=\"auto, (max-width: 600px) 100vw, 600px\" \/><\/p>\n<p><span style=\"color: #000000;\">Autoritetet e Kores\u00eb Veriore kan\u00eb k\u00ebrkuar t\u00eb mart\u00ebn kthimin e anijes s\u00eb konfiskuar nga Shtetet e Bashkuara p\u00ebr shkelje t\u00eb sanksioneve nd\u00ebrkomb\u00ebtare. Shteti komunist ka th\u00ebn\u00eb se kjo vep\u00ebr ishte rast flagrant i rr\u00ebmbimit q\u00eb shkel marr\u00ebveshjen e arritur vitin e kaluar mes udh\u00ebheq\u00ebsve t\u00eb t\u00eb dyja shteteve.<\/span><\/p>\n<p><span style=\"color: #000000;\">Prokuror\u00ebt amerikan\u00eb kan\u00eb th\u00ebn\u00eb se kjo anije \u00ebsht\u00eb p\u00ebrdorur p\u00ebr t\u00eb eksportuar th\u00ebngjill dhe p\u00ebr t\u00eb importuar makineri t\u00eb r\u00ebnda n\u00eb kund\u00ebrshtim me sanksionet e vendosura ndaj Kores\u00eb Veriore p\u00ebr shkak t\u00eb programit t\u00eb saj p\u00ebr arm\u00ebt b\u00ebrthamore. Anija ishte konfiskuar n\u00eb uj\u00ebrat e Indonezis\u00eb n\u00eb prill t\u00eb vitit t\u00eb kaluar dhe m\u00eb pas u d\u00ebrgua n\u00eb Samoan Amerikane.<\/span><\/p>\n<p><span style=\"color: #000000;\">\u201cVeprimi i Shteteve t\u00eb Bashkuara \u00ebsht\u00eb vazhdim\u00ebsi e llogaritjeve t\u00eb tyre p\u00ebr t\u00eb mbizot\u00ebruar ndaj nesh me t\u00eb ashtuquajturin presion maksimal. Ata duhet ta kthejn\u00eb anijen ton\u00eb menj\u00ebher\u00eb\u201d, thuhet n\u00eb deklarat\u00ebn e ministris\u00eb s\u00eb jashtme koreane.<\/span><\/p>\n<p><span style=\"color: #000000;\">Koreja Veriore po p\u00ebrpiqet t\u2019i largoj\u00eb sanksionet e vendosura nga K\u00ebshilli i Sigurimit i Kombeve t\u00eb Bashkuara m\u00eb 2016 dhe 2017. Ndryshe nga sanksionet e kaluara, t\u00eb cilat i shenjt\u00ebronin udh\u00ebheq\u00ebsit n\u00eb pushtet, k\u00ebto nd\u00ebshkime u fut\u00ebn n\u00eb fuqi p\u00ebr ta goditur ekonomin\u00eb e k\u00ebtij shteti.<\/span><\/p>\n<p><span style=\"color: #000000;\">Lideri i Kores\u00eb Veriore, Kim Jong-un ka th\u00ebn\u00eb se do ta braktis\u00eb angazhimin diplomatik me Shtetet e Bashkuara dhe se do ta gjej\u00eb nj\u00eb rrug\u00eb t\u00eb re p\u00ebr t\u2019i mbrojtur interesat komb\u00ebtare t\u00eb vendit t\u00eb tij, n\u00ebse Shtetet e Bashkuara nuk e ndryshojn\u00eb q\u00ebndrimin, shkruan \u201cNew York Times\u201d.<\/span><\/p>\n","protected":false,"gt_translate_keys":[{"key":"rendered","format":"html"}]},"excerpt":{"rendered":"<p>Autoritetet e Kores\u00eb Veriore kan\u00eb k\u00ebrkuar t\u00eb mart\u00ebn kthimin e anijes s\u00eb konfiskuar nga Shtetet e Bashkuara p\u00ebr shkelje t\u00eb sanksioneve nd\u00ebrkomb\u00ebtare. Shteti komunist ka th\u00ebn\u00eb se kjo vep\u00ebr ishte rast flagrant i rr\u00ebmbimit q\u00eb shkel marr\u00ebveshjen e arritur vitin e kaluar mes udh\u00ebheq\u00ebsve t\u00eb t\u00eb dyja shteteve. Prokuror\u00ebt amerikan\u00eb kan\u00eb th\u00ebn\u00eb se kjo anije [&hellip;]<\/p>\n","protected":false,"gt_translate_keys":[{"key":"rendered","format":"html"}]},"author":32,"featured_media":296938,"comment_status":"open","ping_status":"open","sticky":false,"template":"","format":"standard","meta":{"footnotes":""},"categories":[6,13],"tags":[],"class_list":["post-296937","post","type-post","status-publish","format-standard","has-post-thumbnail","hentry","category-nderkombetare","category-te-fundit"],"gt_translate_keys":[{"key":"link","format":"url"}],"_links":{"self":[{"href":"https:\/\/www.hashtag.al\/index.php\/wp-json\/wp\/v2\/posts\/296937","targetHints":{"allow":["GET"]}}],"collection":[{"href":"https:\/\/www.hashtag.al\/index.php\/wp-json\/wp\/v2\/posts"}],"about":[{"href":"https:\/\/www.hashtag.al\/index.php\/wp-json\/wp\/v2\/types\/post"}],"author":[{"embeddable":true,"href":"https:\/\/www.hashtag.al\/index.php\/wp-json\/wp\/v2\/users\/32"}],"replies":[{"embeddable":true,"href":"https:\/\/www.hashtag.al\/index.php\/wp-json\/wp\/v2\/comments?post=296937"}],"version-history":[{"count":0,"href":"https:\/\/www.hashtag.al\/index.php\/wp-json\/wp\/v2\/posts\/296937\/revisions"}],"wp:featuredmedia":[{"embeddable":true,"href":"https:\/\/www.hashtag.al\/index.php\/wp-json\/wp\/v2\/media\/296938"}],"wp:attachment":[{"href":"https:\/\/www.hashtag.al\/index.php\/wp-json\/wp\/v2\/media?parent=296937"}],"wp:term":[{"taxonomy":"category","embeddable":true,"href":"https:\/\/www.hashtag.al\/index.php\/wp-json\/wp\/v2\/categories?post=296937"},{"taxonomy":"post_tag","embeddable":true,"href":"https:\/\/www.hashtag.al\/index.php\/wp-json\/wp\/v2\/tags?post=296937"}],"curies":[{"name":"wp","href":"https:\/\/api.w.org\/{rel}","templated":true}]}}