{"id":296902,"date":"2019-05-14T16:51:53","date_gmt":"2019-05-14T14:51:53","guid":{"rendered":"https:\/\/hashtag.al\/?p=296902"},"modified":"2019-05-14T17:55:31","modified_gmt":"2019-05-14T15:55:31","slug":"presidenti-i-ppe-se-thirrje-te-forte-paleve-per-dialog","status":"publish","type":"post","link":"https:\/\/www.hashtag.al\/index.php\/2019\/05\/14\/presidenti-i-ppe-se-thirrje-te-forte-paleve-per-dialog\/","title":{"rendered":"Presidenti i PPE-s\u00eb thirrje t\u00eb fort\u00eb pal\u00ebve p\u00ebr dialog","gt_translate_keys":[{"key":"rendered","format":"text"}]},"content":{"rendered":"<p><img loading=\"lazy\" decoding=\"async\" class=\"aligncenter size-full wp-image-296903\" src=\"https:\/\/hashtag.al\/wp-content\/uploads\/2019\/05\/daul-1-e1557845465140.jpg\" alt=\"\" width=\"2556\" height=\"1869\" srcset=\"https:\/\/www.hashtag.al\/wp-content\/uploads\/2019\/05\/daul-1-e1557845465140.jpg 2556w, https:\/\/www.hashtag.al\/wp-content\/uploads\/2019\/05\/daul-1-e1557845465140-300x219.jpg 300w, https:\/\/www.hashtag.al\/wp-content\/uploads\/2019\/05\/daul-1-e1557845465140-768x562.jpg 768w, https:\/\/www.hashtag.al\/wp-content\/uploads\/2019\/05\/daul-1-e1557845465140-1024x749.jpg 1024w\" sizes=\"auto, (max-width: 2556px) 100vw, 2556px\" \/><\/p>\n<p><span style=\"color: #000000;\">Presidenti i Partive Popullore Europiane, Joseph Daul, u ka k\u00ebrkuar pal\u00ebve n\u00eb Shqip\u00ebri q\u00eb t\u00eb ulen n\u00eb nj\u00eb dialog t\u00eb ndersh\u00ebm p\u00ebr t\u2019i dh\u00ebn\u00eb fund ng\u00ebr\u00e7it politik. <\/span><\/p>\n<p><span style=\"color: #000000;\">N\u00eb nj\u00eb postim n\u00eb llogarin\u00eb e tij n\u00eb Twitter, kreu i PPE-s\u00eb, Daul, d\u00ebnon dhun\u00ebn e p\u00ebrdorur n\u00eb protesta si dhe u b\u00ebn thirrje t\u00eb fort\u00eb mazhoranc\u00ebs dhe opozit\u00ebs q\u00eb t\u00eb gjejn\u00eb m\u00ebnyr\u00ebn p\u00ebr t\u00eb adresuar problemet p\u00ebr t\u00eb gjetur zgjidhjen e duhur.<\/span><\/p>\n<p><span style=\"color: #000000;\"><em>\u201cD\u00ebnoj fuqimisht p\u00ebrdorimin e dhun\u00ebs gjat\u00eb demonstratave t\u00eb fundit n\u00eb Shqip\u00ebri. T\u00eb gjitha pal\u00ebt e p\u00ebrfshira duhet t\u00eb kthehen n\u00eb nj\u00eb dialog t\u00eb ndersh\u00ebm politik, t\u00eb adresojn\u00eb shqet\u00ebsimet dhe shkaqet rr\u00ebnj\u00ebsore, t\u00eb \u00e7\u2019tensionojn\u00eb retorik\u00ebn dhe t\u00eb ndalojn\u00eb nga \u00e7do dhun\u00eb\u201d<\/em>, shkruan ai.<\/span><\/p>\n<p><img loading=\"lazy\" decoding=\"async\" class=\"aligncenter size-full wp-image-296904\" src=\"https:\/\/hashtag.al\/wp-content\/uploads\/2019\/05\/daul.png\" alt=\"\" width=\"601\" height=\"322\" srcset=\"https:\/\/www.hashtag.al\/wp-content\/uploads\/2019\/05\/daul.png 601w, https:\/\/www.hashtag.al\/wp-content\/uploads\/2019\/05\/daul-300x160.png 300w\" sizes=\"auto, (max-width: 601px) 100vw, 601px\" \/><\/p>\n","protected":false,"gt_translate_keys":[{"key":"rendered","format":"html"}]},"excerpt":{"rendered":"<p>Presidenti i Partive Popullore Europiane, Joseph Daul, u ka k\u00ebrkuar pal\u00ebve n\u00eb Shqip\u00ebri q\u00eb t\u00eb ulen n\u00eb nj\u00eb dialog t\u00eb ndersh\u00ebm p\u00ebr t\u2019i dh\u00ebn\u00eb fund ng\u00ebr\u00e7it politik. N\u00eb nj\u00eb postim n\u00eb llogarin\u00eb e tij n\u00eb Twitter, kreu i PPE-s\u00eb, Daul, d\u00ebnon dhun\u00ebn e p\u00ebrdorur n\u00eb protesta si dhe u b\u00ebn thirrje t\u00eb fort\u00eb mazhoranc\u00ebs dhe [&hellip;]<\/p>\n","protected":false,"gt_translate_keys":[{"key":"rendered","format":"html"}]},"author":51,"featured_media":296903,"comment_status":"open","ping_status":"open","sticky":false,"template":"","format":"standard","meta":{"footnotes":""},"categories":[65,13],"tags":[],"class_list":["post-296902","post","type-post","status-publish","format-standard","has-post-thumbnail","hentry","category-lajme","category-te-fundit"],"gt_translate_keys":[{"key":"link","format":"url"}],"_links":{"self":[{"href":"https:\/\/www.hashtag.al\/index.php\/wp-json\/wp\/v2\/posts\/296902","targetHints":{"allow":["GET"]}}],"collection":[{"href":"https:\/\/www.hashtag.al\/index.php\/wp-json\/wp\/v2\/posts"}],"about":[{"href":"https:\/\/www.hashtag.al\/index.php\/wp-json\/wp\/v2\/types\/post"}],"author":[{"embeddable":true,"href":"https:\/\/www.hashtag.al\/index.php\/wp-json\/wp\/v2\/users\/51"}],"replies":[{"embeddable":true,"href":"https:\/\/www.hashtag.al\/index.php\/wp-json\/wp\/v2\/comments?post=296902"}],"version-history":[{"count":0,"href":"https:\/\/www.hashtag.al\/index.php\/wp-json\/wp\/v2\/posts\/296902\/revisions"}],"wp:featuredmedia":[{"embeddable":true,"href":"https:\/\/www.hashtag.al\/index.php\/wp-json\/wp\/v2\/media\/296903"}],"wp:attachment":[{"href":"https:\/\/www.hashtag.al\/index.php\/wp-json\/wp\/v2\/media?parent=296902"}],"wp:term":[{"taxonomy":"category","embeddable":true,"href":"https:\/\/www.hashtag.al\/index.php\/wp-json\/wp\/v2\/categories?post=296902"},{"taxonomy":"post_tag","embeddable":true,"href":"https:\/\/www.hashtag.al\/index.php\/wp-json\/wp\/v2\/tags?post=296902"}],"curies":[{"name":"wp","href":"https:\/\/api.w.org\/{rel}","templated":true}]}}