{"id":296780,"date":"2019-05-14T08:29:26","date_gmt":"2019-05-14T06:29:26","guid":{"rendered":"https:\/\/hashtag.al\/?p=296780"},"modified":"2019-05-14T08:31:39","modified_gmt":"2019-05-14T06:31:39","slug":"analisti-britanik-merkel-i-dha-fund-idese-per-korrigjim-kufijsh-mes-kosoves-dhe-serbise","status":"publish","type":"post","link":"https:\/\/www.hashtag.al\/index.php\/2019\/05\/14\/analisti-britanik-merkel-i-dha-fund-idese-per-korrigjim-kufijsh-mes-kosoves-dhe-serbise\/","title":{"rendered":"Analisti britanik: Merkel i dha fund ides\u00eb p\u00ebr korrigjim kufijsh mes Kosov\u00ebs dhe Serbis\u00eb","gt_translate_keys":[{"key":"rendered","format":"text"}]},"content":{"rendered":"<p><img loading=\"lazy\" decoding=\"async\" class=\"aligncenter size-full wp-image-296781\" src=\"https:\/\/hashtag.al\/wp-content\/uploads\/2019\/05\/judah.jpg\" alt=\"\" width=\"940\" height=\"529\" srcset=\"https:\/\/www.hashtag.al\/wp-content\/uploads\/2019\/05\/judah.jpg 940w, https:\/\/www.hashtag.al\/wp-content\/uploads\/2019\/05\/judah-300x169.jpg 300w, https:\/\/www.hashtag.al\/wp-content\/uploads\/2019\/05\/judah-768x432.jpg 768w\" sizes=\"auto, (max-width: 940px) 100vw, 940px\" \/><\/p>\n<p><span style=\"color: #000000;\">Sipas publicistit dhe analistit britanik, Tim Judah, ideja p\u00ebr ndryshimin e kufijve mes Kosov\u00ebs dhe Serbis\u00eb \u00a0nuk \u00ebsht\u00eb m\u00eb n\u00eb tavolin\u00eb, sepse u stopua n\u00eb Berlin nga kancelarja gjermane Angela Merkel.<\/span><\/p>\n<p><span style=\"color: #000000;\">K\u00ebshtu u shpreh ai n\u00eb nj\u00eb intervist\u00eb p\u00ebr <span style=\"color: #0000ff;\"><a style=\"color: #0000ff;\" href=\"http:\/\/ba.n1info.com\/Vijesti\/a344096\/Tim-Judah-za-N1-Lideri-u-BiH-mogu-napraviti-stvari-ali-nemaju-politicke-volje.html\">TV N1<\/a><\/span>: <em>\u201cKjo nuk do t\u00eb thot\u00eb se tema e ndryshimit t\u00eb kufijve nuk do t\u00eb kthehet nj\u00eb dit\u00eb, sepse ajo \u00ebsht\u00eb p\u00ebrmendur p\u00ebrgjat\u00eb 30 viteve t\u00eb kaluara. Por, mendoj se aktualisht ajo \u00ebsht\u00eb stopuar&#8221;.<\/em><\/span><\/p>\n<p><span style=\"color: #000000;\">Judah tha se shumica e njer\u00ebzve q\u00eb njeh jan\u00eb t\u00eb ndar\u00eb rreth k\u00ebsaj \u00e7\u00ebshtjeje, por sipas tij, ndryshimi i kufijve do t\u00eb kishte pasoja negative p\u00ebr t\u00ebr\u00eb rajonin.<\/span><\/p>\n<p><span style=\"color: #000000;\"><em>\u201cMendoj se nuk ia vlen t\u00eb preken kufijt\u00eb, sepse ky \u00ebsht\u00eb nj\u00eb rrezik i madh. Dhe, aktualisht kjo m\u00eb nuk \u00ebsht\u00eb n\u00eb opsion\u201d<\/em>, tha\u00a0Judah.<\/span><\/p>\n","protected":false,"gt_translate_keys":[{"key":"rendered","format":"html"}]},"excerpt":{"rendered":"<p>Sipas publicistit dhe analistit britanik, Tim Judah, ideja p\u00ebr ndryshimin e kufijve mes Kosov\u00ebs dhe Serbis\u00eb \u00a0nuk \u00ebsht\u00eb m\u00eb n\u00eb tavolin\u00eb, sepse u stopua n\u00eb Berlin nga kancelarja gjermane Angela Merkel. K\u00ebshtu u shpreh ai n\u00eb nj\u00eb intervist\u00eb p\u00ebr TV N1: \u201cKjo nuk do t\u00eb thot\u00eb se tema e ndryshimit t\u00eb kufijve nuk do t\u00eb [&hellip;]<\/p>\n","protected":false,"gt_translate_keys":[{"key":"rendered","format":"html"}]},"author":30,"featured_media":296781,"comment_status":"open","ping_status":"open","sticky":false,"template":"","format":"standard","meta":{"footnotes":""},"categories":[149],"tags":[],"class_list":["post-296780","post","type-post","status-publish","format-standard","has-post-thumbnail","hentry","category-kosoverajon"],"gt_translate_keys":[{"key":"link","format":"url"}],"_links":{"self":[{"href":"https:\/\/www.hashtag.al\/index.php\/wp-json\/wp\/v2\/posts\/296780","targetHints":{"allow":["GET"]}}],"collection":[{"href":"https:\/\/www.hashtag.al\/index.php\/wp-json\/wp\/v2\/posts"}],"about":[{"href":"https:\/\/www.hashtag.al\/index.php\/wp-json\/wp\/v2\/types\/post"}],"author":[{"embeddable":true,"href":"https:\/\/www.hashtag.al\/index.php\/wp-json\/wp\/v2\/users\/30"}],"replies":[{"embeddable":true,"href":"https:\/\/www.hashtag.al\/index.php\/wp-json\/wp\/v2\/comments?post=296780"}],"version-history":[{"count":0,"href":"https:\/\/www.hashtag.al\/index.php\/wp-json\/wp\/v2\/posts\/296780\/revisions"}],"wp:featuredmedia":[{"embeddable":true,"href":"https:\/\/www.hashtag.al\/index.php\/wp-json\/wp\/v2\/media\/296781"}],"wp:attachment":[{"href":"https:\/\/www.hashtag.al\/index.php\/wp-json\/wp\/v2\/media?parent=296780"}],"wp:term":[{"taxonomy":"category","embeddable":true,"href":"https:\/\/www.hashtag.al\/index.php\/wp-json\/wp\/v2\/categories?post=296780"},{"taxonomy":"post_tag","embeddable":true,"href":"https:\/\/www.hashtag.al\/index.php\/wp-json\/wp\/v2\/tags?post=296780"}],"curies":[{"name":"wp","href":"https:\/\/api.w.org\/{rel}","templated":true}]}}