{"id":296720,"date":"2019-05-13T19:56:05","date_gmt":"2019-05-13T17:56:05","guid":{"rendered":"https:\/\/hashtag.al\/?p=296720"},"modified":"2019-05-13T19:56:05","modified_gmt":"2019-05-13T17:56:05","slug":"osbe-denon-dhunen-ben-thirrje-per-dialog-gjitheperfshires","status":"publish","type":"post","link":"https:\/\/www.hashtag.al\/index.php\/2019\/05\/13\/osbe-denon-dhunen-ben-thirrje-per-dialog-gjitheperfshires\/","title":{"rendered":"OSBE d\u00ebnon dhun\u00ebn, b\u00ebn thirrje p\u00ebr dialog gjith\u00ebp\u00ebrfshir\u00ebs","gt_translate_keys":[{"key":"rendered","format":"text"}]},"content":{"rendered":"<p><img loading=\"lazy\" decoding=\"async\" class=\"aligncenter size-full wp-image-296721\" src=\"https:\/\/hashtag.al\/wp-content\/uploads\/2019\/05\/OSCE_Viena.jpg\" alt=\"\" width=\"800\" height=\"600\" srcset=\"https:\/\/www.hashtag.al\/wp-content\/uploads\/2019\/05\/OSCE_Viena.jpg 800w, https:\/\/www.hashtag.al\/wp-content\/uploads\/2019\/05\/OSCE_Viena-300x225.jpg 300w, https:\/\/www.hashtag.al\/wp-content\/uploads\/2019\/05\/OSCE_Viena-768x576.jpg 768w\" sizes=\"auto, (max-width: 800px) 100vw, 800px\" \/><\/p>\n<p><span style=\"color: #000000;\">OSBE-ja ka d\u00ebnuar dhun\u00ebn n\u00eb protest\u00ebn e fundjav\u00ebs t\u00eb opozit\u00ebs s\u00eb bashkuar dhe p\u00ebrpjekjeve p\u00ebr frik\u00ebsimin e ambasadorit t\u00eb saj n\u00eb Tiran\u00eb.<\/span><\/p>\n<p><span style=\"color: #000000;\">Gjithashtu, OSBE-ja ka theksuar nevoj\u00ebn p\u00ebr dialog t\u00eb brendsh\u00ebm me p\u00ebrfshirjen e t\u00eb gjith\u00eb aktor\u00ebve t\u00eb brendsh\u00ebm p\u00ebr t\u00eb arritur nj\u00eb zgjidhje.<\/span><\/p>\n<p><span style=\"color: #000000;\">N\u00eb deklarat\u00ebn e saj zyrtare nga zyra qendrore n\u00eb Vjen\u00eb, OSBE n\u00ebnvizon q\u00eb kjo kriz\u00eb nuk i sh\u00ebrben prosperitetit t\u00eb Shqip\u00ebris\u00eb.<\/span><\/p>\n<p><span style=\"color: #000000;\"><strong>Deklarata e plot\u00eb:<\/strong><\/span><\/p>\n<p><span style=\"color: #000000;\">Kryetari i OSBE-s\u00eb n\u00eb detyr\u00eb dhe Ministri i Pun\u00ebve t\u00eb Jashtme dhe Evropiane i Sllovakis\u00eb Miroslav Laj\u00e7\u00e1k, Sekretari i P\u00ebrgjithsh\u00ebm i OSBE-s\u00eb Tomas Greminger, Kryetari i Asambles\u00eb Parlamentare t\u00eb OSBE-s\u00eb (OSBE PA) George Tsereteli dhe Sekretari i P\u00ebrgjithsh\u00ebm i Pal\u00ebs s\u00eb OSBE-s\u00eb Roberto Montella sot d\u00ebnuan ashp\u00ebr p\u00ebrdorimin e dhun\u00ebs nga protestuesit n\u00eb fundjav\u00ebs n\u00eb kryeqytetin e Shqip\u00ebris\u00eb Tiran\u00ebs, si dhe k\u00ebrc\u00ebnimet dhe p\u00ebrpjekjet p\u00ebr frik\u00ebsimin drejtuar Shefit t\u00eb Prezenc\u00ebs s\u00eb OSBE-s\u00eb n\u00eb Shqip\u00ebri dhe Organizat\u00ebs n\u00eb p\u00ebrgjith\u00ebsi. Ata gjithashtu i b\u00ebn\u00eb thirrje zyrtar\u00ebve t\u00eb zbatimit t\u00eb ligjit q\u00eb t\u00eb tregojn\u00eb p\u00ebrmbajtje.<\/span><\/p>\n<p><span style=\"color: #000000;\">Kryesuesi n\u00eb detyr\u00eb, Presidenti i AP OSBE dhe Sekretari i P\u00ebrgjithsh\u00ebm i OSBE theksuan se e drejta p\u00ebr t\u00eb mbledhur dhe protestuar n\u00eb m\u00ebnyr\u00eb paq\u00ebsore \u00ebsht\u00eb nj\u00eb parakusht themelor i nj\u00eb shteti demokratik. Por institucionet e forta vendase &#8211; p\u00ebrfshir\u00eb, n\u00eb m\u00ebnyr\u00eb kritike, nj\u00eb parlament efektiv &#8211; jan\u00eb gur\u00ebt themeli i demokracis\u00eb dhe thelb\u00ebsore p\u00ebr stabilitetin politik dhe sundimin e ligjit. Dhuna dhe frik\u00ebsimi i zyrtar\u00ebve t\u00eb organizatave nd\u00ebrkomb\u00ebtare jan\u00eb t\u00eb papranueshme.<\/span><\/p>\n<p><span style=\"color: #000000;\">Ata fal\u00ebnderuan autoritetet shqiptare p\u00ebr mbrojtjen e shpejt\u00eb t\u00eb rezidenc\u00ebs t\u00eb shefit t\u00eb Prezenc\u00ebs s\u00eb OSBE-s\u00eb dhe inkurajuan t\u00eb gjitha pal\u00ebt t\u00eb tregonin moderim gjat\u00eb protestave t\u00eb sotme. &#8220;Trazirat nuk jan\u00eb z\u00ebvend\u00ebsuese p\u00ebr angazhimin politik demokratik. Ata nd\u00ebrpren\u00eb \u00e7do shans p\u00ebr dialog &#8211; dhe p\u00ebr k\u00ebt\u00eb arsye \u00e7do shans p\u00ebr t\u00eb gjetur nj\u00eb baz\u00eb t\u00eb p\u00ebrbashk\u00ebt. Ne u b\u00ebjm\u00eb thirrje t\u00eb gjith\u00eb lider\u00ebve politik\u00eb dhe qytetar\u00ebve t\u00eb Shqip\u00ebris\u00eb q\u00eb t\u00eb tregojn\u00eb p\u00ebrgjegj\u00ebsi, t\u00eb demonstrojn\u00eb n\u00eb m\u00ebnyr\u00eb paq\u00ebsore dhe t\u00eb veprojn\u00eb me p\u00ebrmbajtje. OSBE do t\u00eb vazhdoj\u00eb t\u00eb mb\u00ebshtes\u00eb procesin demokratik n\u00eb Shqip\u00ebri &#8220;.<\/span><\/p>\n<p><span style=\"color: #000000;\">&#8220;Nj\u00eb zgjatje e kriz\u00ebs n\u00eb m\u00ebnyr\u00eb t\u00eb pashmangshme do t\u00eb pengonte p\u00ebrpar\u00ebsit\u00eb strategjike t\u00eb brendshme dhe t\u00eb jashtme t\u00eb Shqip\u00ebris\u00eb. Ka ardhur koha p\u00ebr t\u00eb hartuar nj\u00eb platform\u00eb t\u00eb brendshme p\u00ebr dialog, e cila p\u00ebrfshin t\u00eb gjith\u00eb aktor\u00ebt relevant\u00eb, duke p\u00ebrfshir\u00eb t\u00eb gjitha pal\u00ebt, shoq\u00ebrin\u00eb civile dhe akademin\u00eb, p\u00ebr t\u00eb kap\u00ebrcyer dallimet dhe p\u00ebr t\u00eb punuar s\u00eb bashku n\u00eb interesin m\u00eb t\u00eb mir\u00eb t\u00eb Shqip\u00ebris\u00eb &#8220;.<\/span><\/p>\n","protected":false,"gt_translate_keys":[{"key":"rendered","format":"html"}]},"excerpt":{"rendered":"<p>OSBE-ja ka d\u00ebnuar dhun\u00ebn n\u00eb protest\u00ebn e fundjav\u00ebs t\u00eb opozit\u00ebs s\u00eb bashkuar dhe p\u00ebrpjekjeve p\u00ebr frik\u00ebsimin e ambasadorit t\u00eb saj n\u00eb Tiran\u00eb. Gjithashtu, OSBE-ja ka theksuar nevoj\u00ebn p\u00ebr dialog t\u00eb brendsh\u00ebm me p\u00ebrfshirjen e t\u00eb gjith\u00eb aktor\u00ebve t\u00eb brendsh\u00ebm p\u00ebr t\u00eb arritur nj\u00eb zgjidhje. N\u00eb deklarat\u00ebn e saj zyrtare nga zyra qendrore n\u00eb Vjen\u00eb, OSBE [&hellip;]<\/p>\n","protected":false,"gt_translate_keys":[{"key":"rendered","format":"html"}]},"author":32,"featured_media":296704,"comment_status":"open","ping_status":"open","sticky":false,"template":"","format":"standard","meta":{"footnotes":""},"categories":[65,13],"tags":[],"class_list":["post-296720","post","type-post","status-publish","format-standard","has-post-thumbnail","hentry","category-lajme","category-te-fundit"],"gt_translate_keys":[{"key":"link","format":"url"}],"_links":{"self":[{"href":"https:\/\/www.hashtag.al\/index.php\/wp-json\/wp\/v2\/posts\/296720","targetHints":{"allow":["GET"]}}],"collection":[{"href":"https:\/\/www.hashtag.al\/index.php\/wp-json\/wp\/v2\/posts"}],"about":[{"href":"https:\/\/www.hashtag.al\/index.php\/wp-json\/wp\/v2\/types\/post"}],"author":[{"embeddable":true,"href":"https:\/\/www.hashtag.al\/index.php\/wp-json\/wp\/v2\/users\/32"}],"replies":[{"embeddable":true,"href":"https:\/\/www.hashtag.al\/index.php\/wp-json\/wp\/v2\/comments?post=296720"}],"version-history":[{"count":0,"href":"https:\/\/www.hashtag.al\/index.php\/wp-json\/wp\/v2\/posts\/296720\/revisions"}],"wp:featuredmedia":[{"embeddable":true,"href":"https:\/\/www.hashtag.al\/index.php\/wp-json\/wp\/v2\/media\/296704"}],"wp:attachment":[{"href":"https:\/\/www.hashtag.al\/index.php\/wp-json\/wp\/v2\/media?parent=296720"}],"wp:term":[{"taxonomy":"category","embeddable":true,"href":"https:\/\/www.hashtag.al\/index.php\/wp-json\/wp\/v2\/categories?post=296720"},{"taxonomy":"post_tag","embeddable":true,"href":"https:\/\/www.hashtag.al\/index.php\/wp-json\/wp\/v2\/tags?post=296720"}],"curies":[{"name":"wp","href":"https:\/\/api.w.org\/{rel}","templated":true}]}}