{"id":296665,"date":"2019-05-13T16:08:40","date_gmt":"2019-05-13T14:08:40","guid":{"rendered":"https:\/\/hashtag.al\/?p=296665"},"modified":"2019-05-13T16:09:32","modified_gmt":"2019-05-13T14:09:32","slug":"gazi-e-dhuna-ndaj-protestuesve-pd-kerkon-hetimin-e-lleshit-dhe-3-drejtuesve-te-larte-te-policise","status":"publish","type":"post","link":"https:\/\/www.hashtag.al\/index.php\/2019\/05\/13\/gazi-e-dhuna-ndaj-protestuesve-pd-kerkon-hetimin-e-lleshit-dhe-3-drejtuesve-te-larte-te-policise\/","title":{"rendered":"Gazi e dhuna ndaj protestuesve, PD k\u00ebrkon hetimin e Lleshit dhe 3 drejtuesve t\u00eb lart\u00eb t\u00eb policis\u00eb","gt_translate_keys":[{"key":"rendered","format":"text"}]},"content":{"rendered":"<p><img loading=\"lazy\" decoding=\"async\" class=\"aligncenter size-full wp-image-296666\" src=\"https:\/\/hashtag.al\/wp-content\/uploads\/2019\/05\/dollapi-2.jpg\" alt=\"\" width=\"770\" height=\"411\" srcset=\"https:\/\/www.hashtag.al\/wp-content\/uploads\/2019\/05\/dollapi-2.jpg 770w, https:\/\/www.hashtag.al\/wp-content\/uploads\/2019\/05\/dollapi-2-300x160.jpg 300w, https:\/\/www.hashtag.al\/wp-content\/uploads\/2019\/05\/dollapi-2-768x410.jpg 768w, https:\/\/www.hashtag.al\/wp-content\/uploads\/2019\/05\/dollapi-2-620x330.jpg 620w\" sizes=\"auto, (max-width: 770px) 100vw, 770px\" \/><\/p>\n<p><span style=\"color: #000000;\">Partia Demokratike ka d\u00ebnuar me forc\u00eb dhun\u00ebn ndaj Sekretarit Organizativ t\u00eb k\u00ebsaj force politike, Sahit Dollapi. <\/span><\/p>\n<p><span style=\"color: #000000;\">N\u00eb nj\u00eb deklarat\u00eb p\u00ebr mediat nga ish-deputeti Alibeaj, tha se ministri i Brendsh\u00ebm Lleshaj, do mbaj\u00eb p\u00ebrgjegj\u00ebsi personale p\u00ebr urdhrat q\u00eb i ka dh\u00ebn\u00eb policis\u00eb p\u00ebr goditjen me gaz helmues dhe dhun\u00ebn fizike ndaj protestuesve paq\u00ebsor\u00eb. <\/span><\/p>\n<p><span style=\"color: #000000;\">Nd\u00ebrsa i k\u00ebrkoi prokuroris\u00eb t\u00eb nis\u00eb hetimet ndaj ministrit Lleshaj, drejtorit t\u00eb Policis\u00eb s\u00eb Shtetit, Veliu, atij t\u00eb Tiran\u00ebs, Jaupi dhe shefit t\u00eb FNSH-s\u00eb, Baro.<\/span><\/p>\n<p><span style=\"color: #000000;\">\u200b<strong>Deklarata e Alibeajt<\/strong><\/span><\/p>\n<p><span style=\"color: #000000;\">Partia Demokratike d\u00ebnon me ashp\u00ebrsi dhun\u00ebn kriminale t\u00eb policis\u00eb kund\u00ebr protestuesve t\u00eb shtun\u00ebn dhe kund\u00ebr sekretarit organizativ Sahit Dollapi.<\/span><\/p>\n<p><span style=\"color: #000000;\">Sand\u00ebr Lleshaj, ky mbeturin\u00eb tranzicionit shqiptar do t\u00eb mbaj\u00eb p\u00ebrgjegj\u00ebsi personale p\u00ebr urdhrat e paligjsh\u00ebm q\u00eb i ka dh\u00ebn\u00eb policis\u00eb p\u00ebr goditjen e qytetar\u00ebve me gaz helmues luftarak dhe p\u00ebr p\u00ebrdorimin e dhun\u00ebs fizike kund\u00ebr protestuesve paqsor\u00eb.<\/span><\/p>\n<p><span style=\"color: #000000;\">Partia Demokratike disponon t\u00eb dh\u00ebna t\u00eb mjaftueshme p\u00ebr ta \u00e7uar sadistin Sand\u00ebr Lleshajn para drejt\u00ebsis\u00eb p\u00ebr shkelje flagrante t\u00eb ligjit t\u00eb policis\u00eb s\u00eb shtetit!<\/span><\/p>\n<p><span style=\"color: #000000;\">Prokuroria duhet t\u00eb nis\u00eb hetimet e menj\u00ebhershme p\u00ebr t\u00eb provuar se urdhri p\u00ebr dhun\u00ebn shtazarake kund\u00ebr qytetar\u00ebve \u00ebsht\u00eb dh\u00ebn\u00eb nga Sand\u00ebr Lleshaj me porosi t\u00eb Edi Ram\u00ebs.\u00a0 Sand\u00ebr Lleshaj, Drejtori i P\u00ebrgjithsh\u00ebm i Policis\u00eb Ardi Veliu, Drejtori i Policis\u00eb s\u00eb Tiran\u00ebs, Rebani Jaupi dhe krimineli tjet\u00ebr me uniform\u00eb Arben Baro duhet t\u00eb shkarkohen nga detyra dhe t\u00eb hetohen menj\u00ebher\u00eb.<\/span><\/p>\n<p><span style=\"color: #000000;\">Ka prova filmike se Sand\u00ebr Lleshaj, i cili n\u00eb shkelje t\u00eb ligjit komandon operacionet e policis\u00eb kund\u00ebr opozit\u00ebs, \u00ebsht\u00eb duke u larguar si hajdut nga dera dyt\u00ebsore e Drejtoris\u00eb s\u00eb P\u00ebrgjithshme t\u00eb Policis\u00eb s\u00eb Shtetit, pasi njoftohet t\u00eb shtun\u00ebn n\u00eb mbr\u00ebmje p\u00ebr zhvendosjen e protest\u00ebs s\u00eb opozit\u00ebs.<\/span><\/p>\n<p><span style=\"color: #000000;\">Bashkimi yn\u00eb n\u00eb marshimin e protest\u00ebs sot ne oren 18:30, p\u00ebr zgjedhje t\u00eb lira e t\u00eb ndershme t\u00eb garantuara nga nj\u00eb qeveri e p\u00ebrkohshme pa kryehajdutin Edi Rama, \u00ebsht\u00eb beteja e v\u00ebrtet\u00eb europiane, q\u00eb e nxjerr Shqip\u00ebrin\u00eb nga udh\u00ebkryqi i rreziksh\u00ebm dhe siguron stabilitet afatgjat\u00eb p\u00ebr vendin.<\/span><\/p>\n<p><span style=\"color: #000000;\">Ne jemi sot ne krah t\u00eb popullit p\u00ebr t\u2019i th\u00ebn\u00eb Edi Ram\u00ebs dhe kujtdo tjet\u00ebr q\u00eb ka vendosur t\u00eb ndjek\u00eb rrug\u00ebn e dhun\u00ebs dhe t\u00eb destabilitetit, se shqiptar\u00ebt e bashkuar dhe opozita nuk gjunj\u00ebzohen p\u00ebrpara dhun\u00ebs shtazarake t\u00eb nj\u00eb qeverie q\u00eb ka ardhur n\u00eb pushtet me votat e blera me krimin e organizuar.<\/span><\/p>\n<p><img loading=\"lazy\" decoding=\"async\" class=\"aligncenter size-full wp-image-296668\" src=\"https:\/\/hashtag.al\/wp-content\/uploads\/2019\/05\/dollaileshi.jpg\" alt=\"\" width=\"2000\" height=\"990\" srcset=\"https:\/\/www.hashtag.al\/wp-content\/uploads\/2019\/05\/dollaileshi.jpg 2000w, https:\/\/www.hashtag.al\/wp-content\/uploads\/2019\/05\/dollaileshi-300x149.jpg 300w, https:\/\/www.hashtag.al\/wp-content\/uploads\/2019\/05\/dollaileshi-768x380.jpg 768w, https:\/\/www.hashtag.al\/wp-content\/uploads\/2019\/05\/dollaileshi-1024x507.jpg 1024w\" sizes=\"auto, (max-width: 2000px) 100vw, 2000px\" \/><\/p>\n","protected":false,"gt_translate_keys":[{"key":"rendered","format":"html"}]},"excerpt":{"rendered":"<p>Partia Demokratike ka d\u00ebnuar me forc\u00eb dhun\u00ebn ndaj Sekretarit Organizativ t\u00eb k\u00ebsaj force politike, Sahit Dollapi. N\u00eb nj\u00eb deklarat\u00eb p\u00ebr mediat nga ish-deputeti Alibeaj, tha se ministri i Brendsh\u00ebm Lleshaj, do mbaj\u00eb p\u00ebrgjegj\u00ebsi personale p\u00ebr urdhrat q\u00eb i ka dh\u00ebn\u00eb policis\u00eb p\u00ebr goditjen me gaz helmues dhe dhun\u00ebn fizike ndaj protestuesve paq\u00ebsor\u00eb. Nd\u00ebrsa i k\u00ebrkoi [&hellip;]<\/p>\n","protected":false,"gt_translate_keys":[{"key":"rendered","format":"html"}]},"author":51,"featured_media":296669,"comment_status":"open","ping_status":"open","sticky":false,"template":"","format":"standard","meta":{"footnotes":""},"categories":[65,13],"tags":[],"class_list":["post-296665","post","type-post","status-publish","format-standard","has-post-thumbnail","hentry","category-lajme","category-te-fundit"],"gt_translate_keys":[{"key":"link","format":"url"}],"_links":{"self":[{"href":"https:\/\/www.hashtag.al\/index.php\/wp-json\/wp\/v2\/posts\/296665","targetHints":{"allow":["GET"]}}],"collection":[{"href":"https:\/\/www.hashtag.al\/index.php\/wp-json\/wp\/v2\/posts"}],"about":[{"href":"https:\/\/www.hashtag.al\/index.php\/wp-json\/wp\/v2\/types\/post"}],"author":[{"embeddable":true,"href":"https:\/\/www.hashtag.al\/index.php\/wp-json\/wp\/v2\/users\/51"}],"replies":[{"embeddable":true,"href":"https:\/\/www.hashtag.al\/index.php\/wp-json\/wp\/v2\/comments?post=296665"}],"version-history":[{"count":0,"href":"https:\/\/www.hashtag.al\/index.php\/wp-json\/wp\/v2\/posts\/296665\/revisions"}],"wp:featuredmedia":[{"embeddable":true,"href":"https:\/\/www.hashtag.al\/index.php\/wp-json\/wp\/v2\/media\/296669"}],"wp:attachment":[{"href":"https:\/\/www.hashtag.al\/index.php\/wp-json\/wp\/v2\/media?parent=296665"}],"wp:term":[{"taxonomy":"category","embeddable":true,"href":"https:\/\/www.hashtag.al\/index.php\/wp-json\/wp\/v2\/categories?post=296665"},{"taxonomy":"post_tag","embeddable":true,"href":"https:\/\/www.hashtag.al\/index.php\/wp-json\/wp\/v2\/tags?post=296665"}],"curies":[{"name":"wp","href":"https:\/\/api.w.org\/{rel}","templated":true}]}}