{"id":296640,"date":"2019-05-13T14:15:02","date_gmt":"2019-05-13T12:15:02","guid":{"rendered":"https:\/\/hashtag.al\/?p=296640"},"modified":"2019-05-13T14:21:18","modified_gmt":"2019-05-13T12:21:18","slug":"suedia-kerkon-zyrtarisht-ekstradimin-e-assange-e-akuzon-per-perdhunim","status":"publish","type":"post","link":"https:\/\/www.hashtag.al\/index.php\/2019\/05\/13\/suedia-kerkon-zyrtarisht-ekstradimin-e-assange-e-akuzon-per-perdhunim\/","title":{"rendered":"Suedia k\u00ebrkon zyrtarisht ekstradimin e Assange, e akuzon p\u00ebr p\u00ebrdhunim","gt_translate_keys":[{"key":"rendered","format":"text"}]},"content":{"rendered":"<p><img loading=\"lazy\" decoding=\"async\" class=\"aligncenter size-full wp-image-296641\" src=\"https:\/\/hashtag.al\/wp-content\/uploads\/2019\/05\/Assange-2.jpg\" alt=\"\" width=\"980\" height=\"551\" srcset=\"https:\/\/www.hashtag.al\/wp-content\/uploads\/2019\/05\/Assange-2.jpg 980w, https:\/\/www.hashtag.al\/wp-content\/uploads\/2019\/05\/Assange-2-300x169.jpg 300w, https:\/\/www.hashtag.al\/wp-content\/uploads\/2019\/05\/Assange-2-768x432.jpg 768w\" sizes=\"auto, (max-width: 980px) 100vw, 980px\" \/><\/p>\n<p><span style=\"color: #000000;\">Shefja e Prokurorive Publike t\u00eb Suedis\u00eb, Eva-Marie Persson, ka konfirmuar se Stokholmi do t\u00eb k\u00ebrkoj\u00eb ekstradimin e Assange duke theksuar se \u00ebsht\u00eb rihapur hetimi p\u00ebr p\u00ebrdhunim p\u00ebr t\u00eb cilin akuzohet themeluesi i WikiLeaks.<\/span><\/p>\n<p><span style=\"color: #000000;\">47-vje\u00e7ari aktualisht po mbahet n\u00eb burgun e Belmarshit n\u00eb Lond\u00ebr, pasi u gjet fajtor p\u00ebr thyerjen e lirimit me kusht dhe u d\u00ebnua me 50 jav\u00eb burg. <\/span><\/p>\n<p><span style=\"color: #000000;\">Ai shmangi ekstradimin n\u00eb Suedi p\u00ebr rreth shtat\u00eb vjet duke k\u00ebrkuar strehim n\u00eb ambasad\u00ebn ekuadoriane n\u00eb Lond\u00ebr n\u00eb vitin 2012, megjithat\u00eb ai u d\u00ebbua n\u00eb prill dhe tani p\u00ebrballet me mund\u00ebsin\u00eb e ekstradimit p\u00ebr t&#8217;u p\u00ebrballur me akuzat p\u00ebr p\u00ebrdhunim.<\/span><\/p>\n<p><span style=\"color: #000000;\">Disa nga akuzat origjinale tashm\u00eb kan\u00eb skaduar sipas ligjeve suedez, por akuza ky\u00e7e p\u00ebr sulmet seksuale mbetet e hapur deri n\u00eb vitin 2020.<\/span><\/p>\n<p><span style=\"color: #000000;\">Dy vjet m\u00eb par\u00eb \u00e7\u00ebshtja u mbyll pasi autoritetet suedeze &#8220;nuk pan\u00eb ndonj\u00eb mund\u00ebsi p\u00ebr t\u00eb \u00e7uar hetimin p\u00ebrpara&#8221;, megjithat\u00eb, n\u00eb drit\u00ebn e arrestimit t\u00eb fundit t\u00eb Assange, rasti dhe ekstradimi i mundsh\u00ebm p\u00ebr t&#8217;u gjykuar p\u00ebr t\u00eb, jan\u00eb kthyer n\u00eb tavolin\u00eb.<\/span><\/p>\n<p><img loading=\"lazy\" decoding=\"async\" class=\"aligncenter size-full wp-image-296642\" src=\"https:\/\/hashtag.al\/wp-content\/uploads\/2019\/05\/assange-3.png\" alt=\"\" width=\"980\" height=\"551\" srcset=\"https:\/\/www.hashtag.al\/wp-content\/uploads\/2019\/05\/assange-3.png 980w, https:\/\/www.hashtag.al\/wp-content\/uploads\/2019\/05\/assange-3-300x169.png 300w, https:\/\/www.hashtag.al\/wp-content\/uploads\/2019\/05\/assange-3-768x432.png 768w\" sizes=\"auto, (max-width: 980px) 100vw, 980px\" \/><\/p>\n","protected":false,"gt_translate_keys":[{"key":"rendered","format":"html"}]},"excerpt":{"rendered":"<p>Shefja e Prokurorive Publike t\u00eb Suedis\u00eb, Eva-Marie Persson, ka konfirmuar se Stokholmi do t\u00eb k\u00ebrkoj\u00eb ekstradimin e Assange duke theksuar se \u00ebsht\u00eb rihapur hetimi p\u00ebr p\u00ebrdhunim p\u00ebr t\u00eb cilin akuzohet themeluesi i WikiLeaks. 47-vje\u00e7ari aktualisht po mbahet n\u00eb burgun e Belmarshit n\u00eb Lond\u00ebr, pasi u gjet fajtor p\u00ebr thyerjen e lirimit me kusht dhe u [&hellip;]<\/p>\n","protected":false,"gt_translate_keys":[{"key":"rendered","format":"html"}]},"author":51,"featured_media":296641,"comment_status":"open","ping_status":"open","sticky":false,"template":"","format":"standard","meta":{"footnotes":""},"categories":[6],"tags":[],"class_list":["post-296640","post","type-post","status-publish","format-standard","has-post-thumbnail","hentry","category-nderkombetare"],"gt_translate_keys":[{"key":"link","format":"url"}],"_links":{"self":[{"href":"https:\/\/www.hashtag.al\/index.php\/wp-json\/wp\/v2\/posts\/296640","targetHints":{"allow":["GET"]}}],"collection":[{"href":"https:\/\/www.hashtag.al\/index.php\/wp-json\/wp\/v2\/posts"}],"about":[{"href":"https:\/\/www.hashtag.al\/index.php\/wp-json\/wp\/v2\/types\/post"}],"author":[{"embeddable":true,"href":"https:\/\/www.hashtag.al\/index.php\/wp-json\/wp\/v2\/users\/51"}],"replies":[{"embeddable":true,"href":"https:\/\/www.hashtag.al\/index.php\/wp-json\/wp\/v2\/comments?post=296640"}],"version-history":[{"count":0,"href":"https:\/\/www.hashtag.al\/index.php\/wp-json\/wp\/v2\/posts\/296640\/revisions"}],"wp:featuredmedia":[{"embeddable":true,"href":"https:\/\/www.hashtag.al\/index.php\/wp-json\/wp\/v2\/media\/296641"}],"wp:attachment":[{"href":"https:\/\/www.hashtag.al\/index.php\/wp-json\/wp\/v2\/media?parent=296640"}],"wp:term":[{"taxonomy":"category","embeddable":true,"href":"https:\/\/www.hashtag.al\/index.php\/wp-json\/wp\/v2\/categories?post=296640"},{"taxonomy":"post_tag","embeddable":true,"href":"https:\/\/www.hashtag.al\/index.php\/wp-json\/wp\/v2\/tags?post=296640"}],"curies":[{"name":"wp","href":"https:\/\/api.w.org\/{rel}","templated":true}]}}