{"id":296635,"date":"2019-05-13T13:50:18","date_gmt":"2019-05-13T11:50:18","guid":{"rendered":"https:\/\/hashtag.al\/?p=296635"},"modified":"2019-05-13T13:52:40","modified_gmt":"2019-05-13T11:52:40","slug":"ceshtja-e-fredi-alizotit-salianji-do-kallezoje-ne-prokurori-drejtuesit-e-policise-se-shtetit","status":"publish","type":"post","link":"https:\/\/www.hashtag.al\/index.php\/2019\/05\/13\/ceshtja-e-fredi-alizotit-salianji-do-kallezoje-ne-prokurori-drejtuesit-e-policise-se-shtetit\/","title":{"rendered":"\u00c7\u00ebshtja e Fredi Alizotit, Salianji do kall\u00ebzoj\u00eb n\u00eb prokurori drejtuesit e Policis\u00eb s\u00eb Shtetit","gt_translate_keys":[{"key":"rendered","format":"text"}]},"content":{"rendered":"<p><img loading=\"lazy\" decoding=\"async\" class=\"aligncenter size-full wp-image-296636\" src=\"https:\/\/hashtag.al\/wp-content\/uploads\/2019\/05\/salianji2.png\" alt=\"\" width=\"847\" height=\"477\" srcset=\"https:\/\/www.hashtag.al\/wp-content\/uploads\/2019\/05\/salianji2.png 847w, https:\/\/www.hashtag.al\/wp-content\/uploads\/2019\/05\/salianji2-300x169.png 300w, https:\/\/www.hashtag.al\/wp-content\/uploads\/2019\/05\/salianji2-768x433.png 768w\" sizes=\"auto, (max-width: 847px) 100vw, 847px\" \/><\/p>\n<p><span style=\"color: #000000;\">Ish-deputeti i Partis\u00eb Demokratike, Ervin Salianji, ka deklaruar se do padis\u00eb penalisht drejtuesit e Policis\u00eb s\u00eb Shtetit lidhur me audiop\u00ebrgjimin ndaj Agron Xhafajt, v\u00ebllait t\u00eb ish-ministrit t\u00eb Brendsh\u00ebm, Fatmir Xhafaj. <\/span><\/p>\n<p><span style=\"color: #000000;\">Salianji e b\u00ebri deklarat\u00ebn pas daljes nga gjykata ku theksoi se drejtuesit e lart\u00eb t\u00eb policis\u00eb jan\u00eb t\u00eb p\u00ebrfshir\u00eb n\u00eb m\u00ebnyr\u00eb t\u00eb drejtp\u00ebrdrejt\u00eb n\u00eb \u00e7\u00ebshtjen e d\u00ebshmitarit t\u00eb rrem\u00eb, Fredi Alizoti.<\/span><\/p>\n<p><span style=\"color: #000000;\"><em>\u201cSot \u00ebsht\u00eb seanca e par\u00eb gjyq\u00ebsore p\u00ebr c\u00ebshtjen Xhafaj. Qytetar\u00ebt jan\u00eb lodhur nga nj\u00eb drejt\u00ebsi q\u00eb nuk b\u00ebn drejt\u00ebsi por b\u00ebn padrejt\u00ebsi dhe \u00ebsht\u00eb varrmih\u00ebse e \u00e7\u00ebshtjeve m\u00eb t\u00eb r\u00ebnda. Do b\u00ebj kall\u00ebzim p\u00ebr drejtuesit e policis\u00eb, t\u00eb gjith\u00eb atyre q\u00eb jan\u00eb t\u00eb p\u00ebrfshir\u00eb n\u00eb k\u00ebt\u00eb \u00e7\u00ebshtje. Situata \u00ebsht\u00eb se nuk ka asnj\u00eb t\u00eb arrestuar nga p\u00ebrgjimet, por ka nj\u00eb akuz\u00eb qesharake p\u00ebr mua dhe Jetmir Olldashin. Un\u00eb nuk kam frik\u00eb nga Rama. Edi Rama \u00ebsht\u00eb nj\u00eb dordolec politik, q\u00eb nuk tremb\u00eb sot m\u00eb as sorrat dhe jo m\u00eb qytetar\u00ebt. Frika nuk hyn tek ndjesit\u00eb e mia.\u201d<\/em> &#8211; tha Salianji.<\/span><\/p>\n<p><span style=\"color: #000000;\">Ai ftoi qytetar\u00ebt q\u00eb t\u00eb marrin pjes\u00eb n\u00eb protest\u00ebn e dit\u00ebs s\u00eb sotme para kryeministris\u00eb n\u00eb or\u00ebn 18 e 30, duke th\u00ebn\u00eb se ka ardhur koha p\u00ebr ndryshimin e sistemit.<\/span><\/p>\n<p><span style=\"color: #000000;\">\u201c<em>Sot n\u00eb or\u00ebn 6 e gjysm\u00eb u b\u00ebj thirrje qytetar\u00ebve q\u00eb t\u00eb bashkohen me ne dhe t\u00eb ndryshojn\u00eb sistemin. Do t\u00eb denoncoj drejtuesit e policis\u00eb, duan ta zhvendosin v\u00ebmendjen nga situata aktuale.\u00cbsht\u00eb thjesht propagand\u00eb, se ka precedent q\u00eb gjyqtarja t\u00eb jet\u00eb t\u00ebrhequr n\u00eb nj\u00eb \u00e7\u00ebshtje tjet\u00ebr ku jam un\u00eb i kall\u00ebzuar.\u201c <\/em>-tha Salianji.<\/span><\/p>\n<p><img loading=\"lazy\" decoding=\"async\" class=\"aligncenter size-full wp-image-296638\" src=\"https:\/\/hashtag.al\/wp-content\/uploads\/2019\/05\/Ervin-Salianji-1.jpg\" alt=\"\" width=\"964\" height=\"489\" srcset=\"https:\/\/www.hashtag.al\/wp-content\/uploads\/2019\/05\/Ervin-Salianji-1.jpg 964w, https:\/\/www.hashtag.al\/wp-content\/uploads\/2019\/05\/Ervin-Salianji-1-300x152.jpg 300w, https:\/\/www.hashtag.al\/wp-content\/uploads\/2019\/05\/Ervin-Salianji-1-768x390.jpg 768w\" sizes=\"auto, (max-width: 964px) 100vw, 964px\" \/><\/p>\n","protected":false,"gt_translate_keys":[{"key":"rendered","format":"html"}]},"excerpt":{"rendered":"<p>Ish-deputeti i Partis\u00eb Demokratike, Ervin Salianji, ka deklaruar se do padis\u00eb penalisht drejtuesit e Policis\u00eb s\u00eb Shtetit lidhur me audiop\u00ebrgjimin ndaj Agron Xhafajt, v\u00ebllait t\u00eb ish-ministrit t\u00eb Brendsh\u00ebm, Fatmir Xhafaj. Salianji e b\u00ebri deklarat\u00ebn pas daljes nga gjykata ku theksoi se drejtuesit e lart\u00eb t\u00eb policis\u00eb jan\u00eb t\u00eb p\u00ebrfshir\u00eb n\u00eb m\u00ebnyr\u00eb t\u00eb drejtp\u00ebrdrejt\u00eb n\u00eb \u00e7\u00ebshtjen [&hellip;]<\/p>\n","protected":false,"gt_translate_keys":[{"key":"rendered","format":"html"}]},"author":51,"featured_media":296637,"comment_status":"open","ping_status":"open","sticky":false,"template":"","format":"standard","meta":{"footnotes":""},"categories":[65,13],"tags":[],"class_list":["post-296635","post","type-post","status-publish","format-standard","has-post-thumbnail","hentry","category-lajme","category-te-fundit"],"gt_translate_keys":[{"key":"link","format":"url"}],"_links":{"self":[{"href":"https:\/\/www.hashtag.al\/index.php\/wp-json\/wp\/v2\/posts\/296635","targetHints":{"allow":["GET"]}}],"collection":[{"href":"https:\/\/www.hashtag.al\/index.php\/wp-json\/wp\/v2\/posts"}],"about":[{"href":"https:\/\/www.hashtag.al\/index.php\/wp-json\/wp\/v2\/types\/post"}],"author":[{"embeddable":true,"href":"https:\/\/www.hashtag.al\/index.php\/wp-json\/wp\/v2\/users\/51"}],"replies":[{"embeddable":true,"href":"https:\/\/www.hashtag.al\/index.php\/wp-json\/wp\/v2\/comments?post=296635"}],"version-history":[{"count":0,"href":"https:\/\/www.hashtag.al\/index.php\/wp-json\/wp\/v2\/posts\/296635\/revisions"}],"wp:featuredmedia":[{"embeddable":true,"href":"https:\/\/www.hashtag.al\/index.php\/wp-json\/wp\/v2\/media\/296637"}],"wp:attachment":[{"href":"https:\/\/www.hashtag.al\/index.php\/wp-json\/wp\/v2\/media?parent=296635"}],"wp:term":[{"taxonomy":"category","embeddable":true,"href":"https:\/\/www.hashtag.al\/index.php\/wp-json\/wp\/v2\/categories?post=296635"},{"taxonomy":"post_tag","embeddable":true,"href":"https:\/\/www.hashtag.al\/index.php\/wp-json\/wp\/v2\/tags?post=296635"}],"curies":[{"name":"wp","href":"https:\/\/api.w.org\/{rel}","templated":true}]}}