{"id":296631,"date":"2019-05-13T13:35:17","date_gmt":"2019-05-13T11:35:17","guid":{"rendered":"https:\/\/hashtag.al\/?p=296631"},"modified":"2019-05-13T13:37:41","modified_gmt":"2019-05-13T11:37:41","slug":"lirohet-bashkeshorti-i-ministres-shahini-u-ndalua-mengjesin-e-sotem-ne-kosove","status":"publish","type":"post","link":"https:\/\/www.hashtag.al\/index.php\/2019\/05\/13\/lirohet-bashkeshorti-i-ministres-shahini-u-ndalua-mengjesin-e-sotem-ne-kosove\/","title":{"rendered":"Lirohet bashk\u00ebshorti i ministres Shahini, u ndalua m\u00ebngjesin e sot\u00ebm n\u00eb Kosov\u00eb","gt_translate_keys":[{"key":"rendered","format":"text"}]},"content":{"rendered":"<p><img loading=\"lazy\" decoding=\"async\" class=\"aligncenter size-full wp-image-296632\" src=\"https:\/\/hashtag.al\/wp-content\/uploads\/2019\/05\/molliqaj.png\" alt=\"\" width=\"780\" height=\"439\" srcset=\"https:\/\/www.hashtag.al\/wp-content\/uploads\/2019\/05\/molliqaj.png 780w, https:\/\/www.hashtag.al\/wp-content\/uploads\/2019\/05\/molliqaj-300x169.png 300w, https:\/\/www.hashtag.al\/wp-content\/uploads\/2019\/05\/molliqaj-768x432.png 768w\" sizes=\"auto, (max-width: 780px) 100vw, 780px\" \/><\/p>\n<p><span style=\"color: #000000;\">\u00cbsht\u00eb liruar deputeti i Partis\u00eb Socialdemokrate n\u00eb Kosov\u00eb, Dardan Molliqaj. Bashk\u00ebshorti i ministres s\u00eb Arsimit n\u00eb Shqip\u00ebris\u00eb, u lirua pak or\u00eb pas arresimit pas nj\u00eb urdhri nga Gjykata e Prishtin\u00ebs. <\/span><\/p>\n<p><span style=\"color: #000000;\">Molliqaj u ndalua m\u00ebngjesin e sot\u00ebm lidhur me pjes\u00ebmarren n\u00eb nj\u00eb protest\u00eb n\u00eb vtin 2015 pas arresimit t\u00eb liderit t\u00eb Vet\u00ebvendosjes, Albin Kurti. <\/span><\/p>\n<p><span style=\"color: #000000;\">Lajmi p\u00ebr lirimin e Molliqajt \u00ebsht\u00eb dh\u00ebn\u00eb nga z\u00ebdh\u00ebn\u00ebsja e PSD-s\u00eb n\u00eb Kosov\u00ebs, Natyra Ku\u00e7i.<\/span><\/p>\n<p><span style=\"color: #000000;\"><em>\u201cRasti ishte d\u00ebrguar n\u00eb Prokurori. Deputeti Molliqaj tashm\u00eb \u00ebsht\u00eb liruar me procedur\u00eb t\u00eb rregullt.\u201d<\/em> \u2013 tha Ku\u00e7i n\u00eb njoftimin e saj p\u00ebr mediat n\u00eb Kosov\u00ebs.<\/span><\/p>\n<p><img loading=\"lazy\" decoding=\"async\" class=\"aligncenter size-full wp-image-296633\" src=\"https:\/\/hashtag.al\/wp-content\/uploads\/2019\/05\/afasgasgag.jpg\" alt=\"\" width=\"656\" height=\"373\" srcset=\"https:\/\/www.hashtag.al\/wp-content\/uploads\/2019\/05\/afasgasgag.jpg 656w, https:\/\/www.hashtag.al\/wp-content\/uploads\/2019\/05\/afasgasgag-300x171.jpg 300w\" sizes=\"auto, (max-width: 656px) 100vw, 656px\" \/><\/p>\n","protected":false,"gt_translate_keys":[{"key":"rendered","format":"html"}]},"excerpt":{"rendered":"<p>\u00cbsht\u00eb liruar deputeti i Partis\u00eb Socialdemokrate n\u00eb Kosov\u00eb, Dardan Molliqaj. Bashk\u00ebshorti i ministres s\u00eb Arsimit n\u00eb Shqip\u00ebris\u00eb, u lirua pak or\u00eb pas arresimit pas nj\u00eb urdhri nga Gjykata e Prishtin\u00ebs. Molliqaj u ndalua m\u00ebngjesin e sot\u00ebm lidhur me pjes\u00ebmarren n\u00eb nj\u00eb protest\u00eb n\u00eb vtin 2015 pas arresimit t\u00eb liderit t\u00eb Vet\u00ebvendosjes, Albin Kurti. Lajmi p\u00ebr [&hellip;]<\/p>\n","protected":false,"gt_translate_keys":[{"key":"rendered","format":"html"}]},"author":51,"featured_media":296632,"comment_status":"open","ping_status":"open","sticky":false,"template":"","format":"standard","meta":{"footnotes":""},"categories":[149,6],"tags":[],"class_list":["post-296631","post","type-post","status-publish","format-standard","has-post-thumbnail","hentry","category-kosoverajon","category-nderkombetare"],"gt_translate_keys":[{"key":"link","format":"url"}],"_links":{"self":[{"href":"https:\/\/www.hashtag.al\/index.php\/wp-json\/wp\/v2\/posts\/296631","targetHints":{"allow":["GET"]}}],"collection":[{"href":"https:\/\/www.hashtag.al\/index.php\/wp-json\/wp\/v2\/posts"}],"about":[{"href":"https:\/\/www.hashtag.al\/index.php\/wp-json\/wp\/v2\/types\/post"}],"author":[{"embeddable":true,"href":"https:\/\/www.hashtag.al\/index.php\/wp-json\/wp\/v2\/users\/51"}],"replies":[{"embeddable":true,"href":"https:\/\/www.hashtag.al\/index.php\/wp-json\/wp\/v2\/comments?post=296631"}],"version-history":[{"count":0,"href":"https:\/\/www.hashtag.al\/index.php\/wp-json\/wp\/v2\/posts\/296631\/revisions"}],"wp:featuredmedia":[{"embeddable":true,"href":"https:\/\/www.hashtag.al\/index.php\/wp-json\/wp\/v2\/media\/296632"}],"wp:attachment":[{"href":"https:\/\/www.hashtag.al\/index.php\/wp-json\/wp\/v2\/media?parent=296631"}],"wp:term":[{"taxonomy":"category","embeddable":true,"href":"https:\/\/www.hashtag.al\/index.php\/wp-json\/wp\/v2\/categories?post=296631"},{"taxonomy":"post_tag","embeddable":true,"href":"https:\/\/www.hashtag.al\/index.php\/wp-json\/wp\/v2\/tags?post=296631"}],"curies":[{"name":"wp","href":"https:\/\/api.w.org\/{rel}","templated":true}]}}