{"id":296491,"date":"2019-05-12T23:55:53","date_gmt":"2019-05-12T21:55:53","guid":{"rendered":"https:\/\/hashtag.al\/?p=296491"},"modified":"2019-05-12T23:55:53","modified_gmt":"2019-05-12T21:55:53","slug":"rama-ne-zgjedhje-pa-opoziten-kandidatet-qe-ka-caktuar-per-bashkite","status":"publish","type":"post","link":"https:\/\/www.hashtag.al\/index.php\/2019\/05\/12\/rama-ne-zgjedhje-pa-opoziten-kandidatet-qe-ka-caktuar-per-bashkite\/","title":{"rendered":"Rama n\u00eb zgjedhje pa opozit\u00ebn, kandidat\u00ebt q\u00eb ka caktuar p\u00ebr bashkit\u00eb","gt_translate_keys":[{"key":"rendered","format":"text"}]},"content":{"rendered":"<p><img loading=\"lazy\" decoding=\"async\" class=\"aligncenter size-full wp-image-296494\" src=\"https:\/\/hashtag.al\/wp-content\/uploads\/2019\/05\/bashkiaket.jpg\" alt=\"\" width=\"2000\" height=\"743\" srcset=\"https:\/\/www.hashtag.al\/wp-content\/uploads\/2019\/05\/bashkiaket.jpg 2000w, https:\/\/www.hashtag.al\/wp-content\/uploads\/2019\/05\/bashkiaket-300x111.jpg 300w, https:\/\/www.hashtag.al\/wp-content\/uploads\/2019\/05\/bashkiaket-768x285.jpg 768w, https:\/\/www.hashtag.al\/wp-content\/uploads\/2019\/05\/bashkiaket-1024x380.jpg 1024w\" sizes=\"auto, (max-width: 2000px) 100vw, 2000px\" \/><\/p>\n<p><span style=\"color: #000000;\">Mazhoranca ka vendosur q\u00eb t\u00eb shkoj\u00eb n\u00eb zgjedhjet lokale t\u00eb 30 qershorit pa opozit\u00ebn dhe p\u00ebr gar\u00ebn ka p\u00ebrcaktuar edhe kandidat\u00ebt p\u00ebr t\u00eb 61 bashkit\u00eb e vendit.<\/span><\/p>\n<p><span style=\"color: #000000;\">N\u00eb disa bashki Rama dhe Partia Socialiste ka konfirmuar kryebashkiak\u00ebt aktual\u00eb nd\u00ebrsa n\u00eb disa t\u00eb tjera edhe pse qeverisen nga socialist\u00eb ka zgjedhur emra t\u00eb rinj.<\/span><\/p>\n<p><span style=\"color: #000000;\">N\u00eb Durr\u00ebs, Rama nuk i dha mund\u00ebsin\u00eb Vangjush Dakos i cili akuzohet nga opozita p\u00ebr p\u00ebrfshirjen n\u00eb dosjen 339 p\u00ebr nj\u00eb mandat t\u00eb kat\u00ebrt duke kandiduar Valbona Sakon e cila mban postin e drejtorit t\u00eb Tatimeve n\u00eb qytetin bregdetar.<\/span><\/p>\n<div id=\"attachment_296496\" style=\"width: 843px\" class=\"wp-caption aligncenter\"><img loading=\"lazy\" decoding=\"async\" aria-describedby=\"caption-attachment-296496\" class=\"wp-image-296496 size-full\" src=\"https:\/\/hashtag.al\/wp-content\/uploads\/2019\/05\/takimi_i_tatimeve_me_subjektet_4.jpg\" alt=\"\" width=\"833\" height=\"530\" srcset=\"https:\/\/www.hashtag.al\/wp-content\/uploads\/2019\/05\/takimi_i_tatimeve_me_subjektet_4.jpg 833w, https:\/\/www.hashtag.al\/wp-content\/uploads\/2019\/05\/takimi_i_tatimeve_me_subjektet_4-300x191.jpg 300w, https:\/\/www.hashtag.al\/wp-content\/uploads\/2019\/05\/takimi_i_tatimeve_me_subjektet_4-768x489.jpg 768w\" sizes=\"auto, (max-width: 833px) 100vw, 833px\" \/><p id=\"caption-attachment-296496\" class=\"wp-caption-text\">Valbona Sako<\/p><\/div>\n<p><span style=\"color: #000000;\">Sako njihet p\u00ebr nj\u00eb karrier\u00eb t\u00eb gjat\u00eb n\u00eb profesionin e saj, nd\u00ebrsa prej gjasht\u00eb vitesh mban k\u00ebt\u00eb post.<\/span><\/p>\n<p><span style=\"color: #000000;\">N\u00eb Shijak socialist\u00ebt kan\u00eb vendosur t\u00eb kandidojn\u00eb Elton Arban\u00ebn me profesion jurist, nj\u00eb em\u00ebr i njohur n\u00eb strukturat e partis\u00eb n\u00eb k\u00ebt\u00eb qytet pasi ka mbajtur edhe poste drejtuese.<\/span><\/p>\n<div id=\"attachment_296498\" style=\"width: 738px\" class=\"wp-caption aligncenter\"><img loading=\"lazy\" decoding=\"async\" aria-describedby=\"caption-attachment-296498\" class=\"size-full wp-image-296498\" src=\"https:\/\/hashtag.al\/wp-content\/uploads\/2019\/05\/elton-arbana-728x405.jpg\" alt=\"\" width=\"728\" height=\"405\" srcset=\"https:\/\/www.hashtag.al\/wp-content\/uploads\/2019\/05\/elton-arbana-728x405.jpg 728w, https:\/\/www.hashtag.al\/wp-content\/uploads\/2019\/05\/elton-arbana-728x405-300x167.jpg 300w\" sizes=\"auto, (max-width: 728px) 100vw, 728px\" \/><p id=\"caption-attachment-296498\" class=\"wp-caption-text\">Elton Arbana<\/p><\/div>\n<p><span style=\"color: #000000;\">Ashtu si n\u00eb Bashkin\u00eb e Durr\u00ebsit, edhe n\u00eb Elbasan, Qazim Sejdini nuk do vazhdoj\u00eb m\u00eb t\u00eb drejtoj\u00eb qytetin dhe \u00ebsht\u00eb zgjedhur p\u00ebr t\u00eb garuar Gledjan Llatja i cili mbante edhe postin e prefektit q\u00eb prej janarit t\u00eb k\u00ebtij viti.<\/span><\/p>\n<p><span style=\"color: #000000;\">Llatja \u00ebsht\u00eb me profesion jurist dhe ka nj\u00eb karrier\u00eb n\u00eb administrat\u00ebn e lart\u00eb publike, ku ka punuar n\u00eb AKBN, KQZ dhe Ministrin\u00eb e Mbrotjen.<\/span><\/p>\n<div id=\"attachment_292790\" style=\"width: 702px\" class=\"wp-caption aligncenter\"><img loading=\"lazy\" decoding=\"async\" aria-describedby=\"caption-attachment-292790\" class=\"wp-image-292790 size-full\" src=\"https:\/\/hashtag.al\/wp-content\/uploads\/2019\/04\/gledjanllatja.jpg\" alt=\"\" width=\"692\" height=\"462\" srcset=\"https:\/\/www.hashtag.al\/wp-content\/uploads\/2019\/04\/gledjanllatja.jpg 692w, https:\/\/www.hashtag.al\/wp-content\/uploads\/2019\/04\/gledjanllatja-300x200.jpg 300w\" sizes=\"auto, (max-width: 692px) 100vw, 692px\" \/><p id=\"caption-attachment-292790\" class=\"wp-caption-text\">Gledjan Llatja<\/p><\/div>\n<p><span style=\"color: #000000;\">N\u00eb Bashkin\u00eb e Prrenjasit q\u00eb aktualisht drejtohen nga LSI-ja, \u00ebsht\u00eb menduar q\u00eb t\u00eb garoj\u00eb deputeti socialist Nuri Belba. Belba \u00ebsht\u00eb personazh i njohur p\u00ebr Prrenjasin pasi ka mbajtur edhe postin e zv.kryetarit t\u00eb Bashkis\u00eb si edhe poste drejtuese n\u00eb qarkun Elbasan.\u00a0\u00a0<\/span><\/p>\n<div id=\"attachment_296499\" style=\"width: 1252px\" class=\"wp-caption aligncenter\"><img loading=\"lazy\" decoding=\"async\" aria-describedby=\"caption-attachment-296499\" class=\"wp-image-296499 size-full\" src=\"https:\/\/hashtag.al\/wp-content\/uploads\/2019\/05\/nuri-belba.jpeg\" alt=\"\" width=\"1242\" height=\"826\" srcset=\"https:\/\/www.hashtag.al\/wp-content\/uploads\/2019\/05\/nuri-belba.jpeg 1242w, https:\/\/www.hashtag.al\/wp-content\/uploads\/2019\/05\/nuri-belba-300x200.jpeg 300w, https:\/\/www.hashtag.al\/wp-content\/uploads\/2019\/05\/nuri-belba-768x511.jpeg 768w, https:\/\/www.hashtag.al\/wp-content\/uploads\/2019\/05\/nuri-belba-1024x681.jpeg 1024w\" sizes=\"auto, (max-width: 1242px) 100vw, 1242px\" \/><p id=\"caption-attachment-296499\" class=\"wp-caption-text\">Nuri Belba<\/p><\/div>\n<p><span style=\"color: #000000;\">Ashtu si n\u00eb Elbasan, edhe n\u00eb Shkod\u00ebr n\u00eb gar\u00eb \u00ebsht\u00eb vendosur prefekti aktual Valdrin Pjetri. Nj\u00eb em\u00ebr jo i panjohur pasi ka mbajtur postin e drejtorit t\u00eb P\u00ebrgjithsh\u00ebm t\u00eb Hipotekave. Valdrin Pjetri \u00ebsht\u00eb specializuar n\u00eb fush\u00ebn e financ\u00ebs dhe menaxhimit.<\/span><\/p>\n<div id=\"attachment_296500\" style=\"width: 602px\" class=\"wp-caption aligncenter\"><img loading=\"lazy\" decoding=\"async\" aria-describedby=\"caption-attachment-296500\" class=\"wp-image-296500 size-full\" src=\"https:\/\/hashtag.al\/wp-content\/uploads\/2019\/05\/Valdrin-Pjetri-e1529312113657.jpeg\" alt=\"\" width=\"592\" height=\"374\" srcset=\"https:\/\/www.hashtag.al\/wp-content\/uploads\/2019\/05\/Valdrin-Pjetri-e1529312113657.jpeg 592w, https:\/\/www.hashtag.al\/wp-content\/uploads\/2019\/05\/Valdrin-Pjetri-e1529312113657-300x190.jpeg 300w\" sizes=\"auto, (max-width: 592px) 100vw, 592px\" \/><p id=\"caption-attachment-296500\" class=\"wp-caption-text\">Valdrin Pjetri<\/p><\/div>\n<p><span style=\"color: #000000;\">P\u00ebr Bashkin\u00eb e Lezh\u00ebs \u00ebsht\u00eb zgjedhur q\u00eb t\u00eb hyj\u00eb n\u00eb gar\u00eb deputeti Pjerin Ndreu i zgjedhur q\u00eb prej vitit 2013.<\/span><\/p>\n<p><span style=\"color: #000000;\">Ndreu ka nj\u00eb karrier\u00eb n\u00eb polici ku ka qen\u00eb zv.drejtor i P\u00ebrgjithsh\u00ebm si edhe drejtor n\u00eb Drejtorin\u00eb e Tiran\u00ebs.<\/span><\/p>\n<div id=\"attachment_296495\" style=\"width: 600px\" class=\"wp-caption aligncenter\"><img loading=\"lazy\" decoding=\"async\" aria-describedby=\"caption-attachment-296495\" class=\"wp-image-296495 size-full\" src=\"https:\/\/hashtag.al\/wp-content\/uploads\/2019\/05\/pjerin-ndreu.png\" alt=\"\" width=\"590\" height=\"342\" srcset=\"https:\/\/www.hashtag.al\/wp-content\/uploads\/2019\/05\/pjerin-ndreu.png 590w, https:\/\/www.hashtag.al\/wp-content\/uploads\/2019\/05\/pjerin-ndreu-300x174.png 300w\" sizes=\"auto, (max-width: 590px) 100vw, 590px\" \/><p id=\"caption-attachment-296495\" class=\"wp-caption-text\">Pjerin Ndreu<\/p><\/div>\n<p><span style=\"color: #000000;\">N\u00eb Kolonj\u00eb \u00ebsht\u00eb menduar nga socialist\u00ebt nj\u00eb figur\u00eb ndryshe, duke futur n\u00eb gar\u00eb aktorin Erion Isai. P\u00ebr aktorin Isai i cili \u00ebsht\u00eb aktualisht edhe drejtor i Teatrit t\u00eb Kukullave kjo do jet\u00eb eksperienca e par\u00eb n\u00eb gar\u00ebn p\u00ebr nj\u00eb post politik.\/<strong>Hashtag.al<\/strong><\/span><\/p>\n<div id=\"attachment_296501\" style=\"width: 1601px\" class=\"wp-caption aligncenter\"><img loading=\"lazy\" decoding=\"async\" aria-describedby=\"caption-attachment-296501\" class=\"size-full wp-image-296501\" src=\"https:\/\/hashtag.al\/wp-content\/uploads\/2019\/05\/erion-isai.jpg\" alt=\"\" width=\"1591\" height=\"865\" srcset=\"https:\/\/www.hashtag.al\/wp-content\/uploads\/2019\/05\/erion-isai.jpg 1591w, https:\/\/www.hashtag.al\/wp-content\/uploads\/2019\/05\/erion-isai-300x163.jpg 300w, https:\/\/www.hashtag.al\/wp-content\/uploads\/2019\/05\/erion-isai-768x418.jpg 768w, https:\/\/www.hashtag.al\/wp-content\/uploads\/2019\/05\/erion-isai-1024x557.jpg 1024w\" sizes=\"auto, (max-width: 1591px) 100vw, 1591px\" \/><p id=\"caption-attachment-296501\" class=\"wp-caption-text\">Erion Isai<\/p><\/div>\n","protected":false,"gt_translate_keys":[{"key":"rendered","format":"html"}]},"excerpt":{"rendered":"<p>Mazhoranca ka vendosur q\u00eb t\u00eb shkoj\u00eb n\u00eb zgjedhjet lokale t\u00eb 30 qershorit pa opozit\u00ebn dhe p\u00ebr gar\u00ebn ka p\u00ebrcaktuar edhe kandidat\u00ebt p\u00ebr t\u00eb 61 bashkit\u00eb e vendit. N\u00eb disa bashki Rama dhe Partia Socialiste ka konfirmuar kryebashkiak\u00ebt aktual\u00eb nd\u00ebrsa n\u00eb disa t\u00eb tjera edhe pse qeverisen nga socialist\u00eb ka zgjedhur emra t\u00eb rinj. N\u00eb Durr\u00ebs, [&hellip;]<\/p>\n","protected":false,"gt_translate_keys":[{"key":"rendered","format":"html"}]},"author":32,"featured_media":296494,"comment_status":"open","ping_status":"open","sticky":false,"template":"","format":"standard","meta":{"footnotes":""},"categories":[22,65,13],"tags":[],"class_list":["post-296491","post","type-post","status-publish","format-standard","has-post-thumbnail","hentry","category-ballina","category-lajme","category-te-fundit"],"gt_translate_keys":[{"key":"link","format":"url"}],"_links":{"self":[{"href":"https:\/\/www.hashtag.al\/index.php\/wp-json\/wp\/v2\/posts\/296491","targetHints":{"allow":["GET"]}}],"collection":[{"href":"https:\/\/www.hashtag.al\/index.php\/wp-json\/wp\/v2\/posts"}],"about":[{"href":"https:\/\/www.hashtag.al\/index.php\/wp-json\/wp\/v2\/types\/post"}],"author":[{"embeddable":true,"href":"https:\/\/www.hashtag.al\/index.php\/wp-json\/wp\/v2\/users\/32"}],"replies":[{"embeddable":true,"href":"https:\/\/www.hashtag.al\/index.php\/wp-json\/wp\/v2\/comments?post=296491"}],"version-history":[{"count":0,"href":"https:\/\/www.hashtag.al\/index.php\/wp-json\/wp\/v2\/posts\/296491\/revisions"}],"wp:featuredmedia":[{"embeddable":true,"href":"https:\/\/www.hashtag.al\/index.php\/wp-json\/wp\/v2\/media\/296494"}],"wp:attachment":[{"href":"https:\/\/www.hashtag.al\/index.php\/wp-json\/wp\/v2\/media?parent=296491"}],"wp:term":[{"taxonomy":"category","embeddable":true,"href":"https:\/\/www.hashtag.al\/index.php\/wp-json\/wp\/v2\/categories?post=296491"},{"taxonomy":"post_tag","embeddable":true,"href":"https:\/\/www.hashtag.al\/index.php\/wp-json\/wp\/v2\/tags?post=296491"}],"curies":[{"name":"wp","href":"https:\/\/api.w.org\/{rel}","templated":true}]}}