{"id":296438,"date":"2019-05-12T16:39:23","date_gmt":"2019-05-12T14:39:23","guid":{"rendered":"https:\/\/hashtag.al\/?p=296438"},"modified":"2019-05-12T16:39:23","modified_gmt":"2019-05-12T14:39:23","slug":"vasili-rames-kryegenjeshtari-i-shqiperise-mashtroi-dynjane-per-bemat-e-21-janarit","status":"publish","type":"post","link":"https:\/\/www.hashtag.al\/index.php\/2019\/05\/12\/vasili-rames-kryegenjeshtari-i-shqiperise-mashtroi-dynjane-per-bemat-e-21-janarit\/","title":{"rendered":"Vasili-Ram\u00ebs: Kryeg\u00ebnjeshtari i Shqip\u00ebris\u00eb mashtroi dynjan\u00eb p\u00ebr b\u00ebmat e 21 Janarit","gt_translate_keys":[{"key":"rendered","format":"text"}]},"content":{"rendered":"<p><img loading=\"lazy\" decoding=\"async\" class=\"aligncenter size-full wp-image-293540\" src=\"https:\/\/hashtag.al\/wp-content\/uploads\/2019\/04\/vasili-rama-2.jpg\" alt=\"\" width=\"2000\" height=\"1117\" srcset=\"https:\/\/www.hashtag.al\/wp-content\/uploads\/2019\/04\/vasili-rama-2.jpg 2000w, https:\/\/www.hashtag.al\/wp-content\/uploads\/2019\/04\/vasili-rama-2-300x168.jpg 300w, https:\/\/www.hashtag.al\/wp-content\/uploads\/2019\/04\/vasili-rama-2-768x429.jpg 768w, https:\/\/www.hashtag.al\/wp-content\/uploads\/2019\/04\/vasili-rama-2-1024x572.jpg 1024w\" sizes=\"auto, (max-width: 2000px) 100vw, 2000px\" \/><\/p>\n<p><span style=\"color: #000000;\">N\u00ebnkryetari i LSI-s\u00eb Petrit Vasili n\u00eb nj\u00eb dalje p\u00ebr mediat\u00a0 u ndal gjer\u00eb e gjat\u00eb te konferenca e kryeministrit Edi Rama sot me gazetar\u00ebt.<\/span><\/p>\n<p><span style=\"color: #000000;\">Vasili teksa e cil\u00ebsoi kryeministrin Rama si \u2018kryeg\u00ebnjeshtar\u2019 u shpreh se i gjith\u00eb fjalimi i tij ishte mashtrim. Ish-deputeti i LSI-s\u00eb, n\u00eb fjal\u00ebn e tij, nuk kurseu edhe akuzat ndaj OSBE-s\u00eb duke d\u00ebnuar n\u00eb k\u00ebt\u00eb m\u00ebnyr\u00eb kritikat ndaj opozit\u00ebs aktuale dhe protest\u00ebs s\u00eb organizuar nga ajo dje.<\/span><\/p>\n<p><span style=\"color: #000000;\"><strong>Deklarata e plot\u00eb:<\/strong><\/span><\/p>\n<p><span style=\"color: #000000;\">Dit\u00eb e jasht\u00ebzakonshme p\u00ebr Tiran\u00ebn dhe p\u00ebr gjith\u00eb Shqip\u00ebrin\u00eb. Kur pushteti i Ram\u00ebs tregoi fitoren e v\u00ebrtet\u00eb at\u00eb t\u00eb lidhur me krimin. Kryeg\u00ebnjeshtari i Shqip\u00ebris\u00eb, kryeministri Edi Rama mashtroi gjith\u00eb dynjan\u00eb edhe me b\u00ebmat e 21 janarit. T\u00eb gjith\u00eb e kan\u00eb t\u00eb kthjell\u00ebt n\u00eb mendje dhun\u00ebn e ushtruar, gjakosjen e forcave t\u00eb rendit. Kujtoni sesi u p\u00ebrfshi Tirana n\u00eb zjarr dhe flak\u00eb dhe si u ngaz\u00eblleu p\u00ebr viktimat. Agron Malaj, ishte nj\u00eb ata t\u00eb akuzuarit e Edi Ram\u00ebs sot \u00ebsht\u00eb kryetar bashkie.<\/span><\/p>\n<p><span style=\"color: #000000;\">N\u00eb dispozicion t\u00eb 21 janarit organizuan nj\u00eb tentativ\u00eb p\u00ebr grusht shteti. \u00cbsht\u00eb futur me makin\u00eb n\u00eb kryeministri. Ky \u00ebsht\u00eb Edi Rama i 21 janarit q\u00eb me paturp\u00ebsin\u00eb k\u00ebrkon t\u00eb fik\u00eb krimin e organizuar dje. Nj\u00eb turm\u00eb \u00e7akejsh t\u00eb kriminalizuar u hodh\u00ebn me nj\u00ebri tjetrin.<\/span><\/p>\n<p><span style=\"color: #000000;\">Rama i ka p\u00ebrzier duart aq keq, nuk \u00e7lirohet dot nga sindroma e duarve t\u00eb lara n\u00eb gjak t\u00eb cil\u00ebt m\u00eb shum\u00eb do ta \u00e7mendin se do ta laj\u00eb. U urdh\u00ebrua n\u00eb m\u00ebnyr\u00eb t\u00eb drejtp\u00ebrdrejt\u00eb. Ka vet\u00ebm nj\u00eb rrug\u00eb, drejt\u00ebsi t\u00eb ashp\u00ebr q\u00eb do ta kuptoj\u00eb \u00e7do njeri. Do p\u00ebrgjigjet nj\u00eb p\u00ebr nj\u00eb. Shefi i OSBE-s n\u00eb Tiran\u00eb nuk si se ku ka kok\u00ebn.<\/span><\/p>\n<p><span style=\"color: #000000;\">Shqiptar\u00ebt nuk din\u00eb se cil\u00ebn OSBE t\u00eb besojn\u00eb ata q\u00eb mbyllin syt\u00eb para krimit. Ishin aty p\u00ebr t\u00eb treguar se shqiptar\u00ebt nuk i v\u00eb njeri p\u00ebr fundmi. Sa i takon zgjedhjeve t\u00eb parakohshme jan\u00eb nj\u00eb rrug\u00eb q\u00eb Shqip\u00ebria do t\u00eb hyj\u00eb dhe do t\u00eb shikoj\u00eb drit\u00ebn.<\/span><\/p>\n<p><span style=\"color: #000000;\">\u00cbsht\u00eb provuar bot\u00ebrisht q\u00eb votat jan\u00eb bler\u00eb nga krimi i organizuar, pra dosjet e publikuara nga Z\u00ebri i Amerik\u00ebs i v\u00ebjn\u00eb vul\u00ebn iligjimitetit. Ky ka dal\u00eb si produkt i k\u00ebtij parlamenti dhe ne duhet t\u00eb bashk\u00ebjetojm\u00eb me krimin se ky vodhi votat. M\u00eb pas, krimi nuk amnistohet kurr\u00eb dhe q\u00eb n\u00eb momentin e par\u00eb q\u00eb dallohet do ishte larguar vet\u00eb pa pasur nevoj\u00eb q\u00eb dikush t\u00eb plot\u00ebsoj\u00eb n\u00eb rrug\u00eb.<\/span><\/p>\n","protected":false,"gt_translate_keys":[{"key":"rendered","format":"html"}]},"excerpt":{"rendered":"<p>N\u00ebnkryetari i LSI-s\u00eb Petrit Vasili n\u00eb nj\u00eb dalje p\u00ebr mediat\u00a0 u ndal gjer\u00eb e gjat\u00eb te konferenca e kryeministrit Edi Rama sot me gazetar\u00ebt. Vasili teksa e cil\u00ebsoi kryeministrin Rama si \u2018kryeg\u00ebnjeshtar\u2019 u shpreh se i gjith\u00eb fjalimi i tij ishte mashtrim. Ish-deputeti i LSI-s\u00eb, n\u00eb fjal\u00ebn e tij, nuk kurseu edhe akuzat ndaj OSBE-s\u00eb [&hellip;]<\/p>\n","protected":false,"gt_translate_keys":[{"key":"rendered","format":"html"}]},"author":32,"featured_media":293540,"comment_status":"open","ping_status":"open","sticky":false,"template":"","format":"standard","meta":{"footnotes":""},"categories":[65,13],"tags":[],"class_list":["post-296438","post","type-post","status-publish","format-standard","has-post-thumbnail","hentry","category-lajme","category-te-fundit"],"gt_translate_keys":[{"key":"link","format":"url"}],"_links":{"self":[{"href":"https:\/\/www.hashtag.al\/index.php\/wp-json\/wp\/v2\/posts\/296438","targetHints":{"allow":["GET"]}}],"collection":[{"href":"https:\/\/www.hashtag.al\/index.php\/wp-json\/wp\/v2\/posts"}],"about":[{"href":"https:\/\/www.hashtag.al\/index.php\/wp-json\/wp\/v2\/types\/post"}],"author":[{"embeddable":true,"href":"https:\/\/www.hashtag.al\/index.php\/wp-json\/wp\/v2\/users\/32"}],"replies":[{"embeddable":true,"href":"https:\/\/www.hashtag.al\/index.php\/wp-json\/wp\/v2\/comments?post=296438"}],"version-history":[{"count":0,"href":"https:\/\/www.hashtag.al\/index.php\/wp-json\/wp\/v2\/posts\/296438\/revisions"}],"wp:featuredmedia":[{"embeddable":true,"href":"https:\/\/www.hashtag.al\/index.php\/wp-json\/wp\/v2\/media\/293540"}],"wp:attachment":[{"href":"https:\/\/www.hashtag.al\/index.php\/wp-json\/wp\/v2\/media?parent=296438"}],"wp:term":[{"taxonomy":"category","embeddable":true,"href":"https:\/\/www.hashtag.al\/index.php\/wp-json\/wp\/v2\/categories?post=296438"},{"taxonomy":"post_tag","embeddable":true,"href":"https:\/\/www.hashtag.al\/index.php\/wp-json\/wp\/v2\/tags?post=296438"}],"curies":[{"name":"wp","href":"https:\/\/api.w.org\/{rel}","templated":true}]}}