{"id":296396,"date":"2019-05-12T13:39:42","date_gmt":"2019-05-12T11:39:42","guid":{"rendered":"https:\/\/hashtag.al\/?p=296396"},"modified":"2019-05-12T13:39:42","modified_gmt":"2019-05-12T11:39:42","slug":"lleshaj-pranon-gabimin-e-policise-qe-goditi-me-shkopinj-gome-sahit-dollapin","status":"publish","type":"post","link":"https:\/\/www.hashtag.al\/index.php\/2019\/05\/12\/lleshaj-pranon-gabimin-e-policise-qe-goditi-me-shkopinj-gome-sahit-dollapin\/","title":{"rendered":"Lleshaj pranon gabimin e policis\u00eb q\u00eb goditi me shkopinj gome Sahit Dollapin","gt_translate_keys":[{"key":"rendered","format":"text"}]},"content":{"rendered":"<p><img loading=\"lazy\" decoding=\"async\" class=\"aligncenter size-full wp-image-296397\" src=\"https:\/\/hashtag.al\/wp-content\/uploads\/2019\/05\/sanderlleshajdeklarate.jpg\" alt=\"\" width=\"1280\" height=\"853\" srcset=\"https:\/\/www.hashtag.al\/wp-content\/uploads\/2019\/05\/sanderlleshajdeklarate.jpg 1280w, https:\/\/www.hashtag.al\/wp-content\/uploads\/2019\/05\/sanderlleshajdeklarate-300x200.jpg 300w, https:\/\/www.hashtag.al\/wp-content\/uploads\/2019\/05\/sanderlleshajdeklarate-768x512.jpg 768w, https:\/\/www.hashtag.al\/wp-content\/uploads\/2019\/05\/sanderlleshajdeklarate-1024x682.jpg 1024w\" sizes=\"auto, (max-width: 1280px) 100vw, 1280px\" \/><\/p>\n<p><span style=\"color: #000000;\">Edhe pse gjat\u00eb gjith\u00eb koh\u00ebs s\u00eb deklarat\u00ebs Ministri i Pun\u00ebve t\u00eb Brendshme Sand\u00ebr Lleshaj ka p\u00ebrkrahur dhe ka justifikuar efektiv\u00ebt e Policis\u00eb s\u00eb Shtetit, ai ka pranuar gabimin e tyre p\u00ebr dhunimin e Sahit Dollapit.<\/span><\/p>\n<p><span style=\"color: #000000;\">&#8220;N\u00eb rastin e dhun\u00ebs ndaj nj\u00eb ish-funksionari publik, q\u00eb u dokumentua edhe n\u00eb media, policia mund t\u00eb kishte b\u00ebr\u00eb m\u00eb mir\u00eb, mir\u00ebpo mos harrojm\u00eb se policia ndodhej gjithmon\u00eb n\u00ebn zjarr e dhun\u00eb&#8230;&#8221;, tha sot Lleshaj.<\/span><\/p>\n<p><span style=\"color: #000000;\">Sekretari organizativ i PD-s\u00eb Dollapi u dhunua gjat\u00eb protest\u00ebs s\u00eb djeshme vet\u00ebm pse kund\u00ebrshtoi urdh\u00ebrin e nj\u00eb efekti p\u00ebr t\u00eb hequr mask\u00ebn e kundragazit.<\/span><\/p>\n<p><strong> <img loading=\"lazy\" decoding=\"async\" class=\"aligncenter size-full wp-image-296352\" src=\"https:\/\/hashtag.al\/wp-content\/uploads\/2019\/05\/sahitdollapi.jpg\" alt=\"\" width=\"770\" height=\"411\" srcset=\"https:\/\/www.hashtag.al\/wp-content\/uploads\/2019\/05\/sahitdollapi.jpg 770w, https:\/\/www.hashtag.al\/wp-content\/uploads\/2019\/05\/sahitdollapi-300x160.jpg 300w, https:\/\/www.hashtag.al\/wp-content\/uploads\/2019\/05\/sahitdollapi-768x410.jpg 768w, https:\/\/www.hashtag.al\/wp-content\/uploads\/2019\/05\/sahitdollapi-620x330.jpg 620w\" sizes=\"auto, (max-width: 770px) 100vw, 770px\" \/><\/strong><\/p>\n<div style=\"width: 1170px;\" class=\"wp-video\"><video class=\"wp-video-shortcode\" id=\"video-296396-1\" width=\"1170\" height=\"658\" preload=\"metadata\" controls=\"controls\"><source type=\"video\/mp4\" src=\"https:\/\/hashtag.al\/wp-content\/uploads\/2019\/05\/sait-dollapi-1.mp4?_=1\" \/><a href=\"https:\/\/hashtag.al\/wp-content\/uploads\/2019\/05\/sait-dollapi-1.mp4\">https:\/\/hashtag.al\/wp-content\/uploads\/2019\/05\/sait-dollapi-1.mp4<\/a><\/video><\/div>\n","protected":false,"gt_translate_keys":[{"key":"rendered","format":"html"}]},"excerpt":{"rendered":"<p>Edhe pse gjat\u00eb gjith\u00eb koh\u00ebs s\u00eb deklarat\u00ebs Ministri i Pun\u00ebve t\u00eb Brendshme Sand\u00ebr Lleshaj ka p\u00ebrkrahur dhe ka justifikuar efektiv\u00ebt e Policis\u00eb s\u00eb Shtetit, ai ka pranuar gabimin e tyre p\u00ebr dhunimin e Sahit Dollapit. &#8220;N\u00eb rastin e dhun\u00ebs ndaj nj\u00eb ish-funksionari publik, q\u00eb u dokumentua edhe n\u00eb media, policia mund t\u00eb kishte b\u00ebr\u00eb m\u00eb [&hellip;]<\/p>\n","protected":false,"gt_translate_keys":[{"key":"rendered","format":"html"}]},"author":6,"featured_media":296397,"comment_status":"open","ping_status":"open","sticky":false,"template":"","format":"standard","meta":{"footnotes":""},"categories":[65,13],"tags":[],"class_list":["post-296396","post","type-post","status-publish","format-standard","has-post-thumbnail","hentry","category-lajme","category-te-fundit"],"gt_translate_keys":[{"key":"link","format":"url"}],"_links":{"self":[{"href":"https:\/\/www.hashtag.al\/index.php\/wp-json\/wp\/v2\/posts\/296396","targetHints":{"allow":["GET"]}}],"collection":[{"href":"https:\/\/www.hashtag.al\/index.php\/wp-json\/wp\/v2\/posts"}],"about":[{"href":"https:\/\/www.hashtag.al\/index.php\/wp-json\/wp\/v2\/types\/post"}],"author":[{"embeddable":true,"href":"https:\/\/www.hashtag.al\/index.php\/wp-json\/wp\/v2\/users\/6"}],"replies":[{"embeddable":true,"href":"https:\/\/www.hashtag.al\/index.php\/wp-json\/wp\/v2\/comments?post=296396"}],"version-history":[{"count":0,"href":"https:\/\/www.hashtag.al\/index.php\/wp-json\/wp\/v2\/posts\/296396\/revisions"}],"wp:featuredmedia":[{"embeddable":true,"href":"https:\/\/www.hashtag.al\/index.php\/wp-json\/wp\/v2\/media\/296397"}],"wp:attachment":[{"href":"https:\/\/www.hashtag.al\/index.php\/wp-json\/wp\/v2\/media?parent=296396"}],"wp:term":[{"taxonomy":"category","embeddable":true,"href":"https:\/\/www.hashtag.al\/index.php\/wp-json\/wp\/v2\/categories?post=296396"},{"taxonomy":"post_tag","embeddable":true,"href":"https:\/\/www.hashtag.al\/index.php\/wp-json\/wp\/v2\/tags?post=296396"}],"curies":[{"name":"wp","href":"https:\/\/api.w.org\/{rel}","templated":true}]}}