{"id":296261,"date":"2019-05-11T19:13:19","date_gmt":"2019-05-11T17:13:19","guid":{"rendered":"https:\/\/hashtag.al\/?p=296261"},"modified":"2019-05-11T19:20:45","modified_gmt":"2019-05-11T17:20:45","slug":"basha-e-kryemadhi-nisen-drejt-kryeministrise-mijera-qytetare-i-shoqerojne","status":"publish","type":"post","link":"https:\/\/www.hashtag.al\/index.php\/2019\/05\/11\/basha-e-kryemadhi-nisen-drejt-kryeministrise-mijera-qytetare-i-shoqerojne\/","title":{"rendered":"Basha e Kryemadhi nisen drejt kryeministris\u00eb, mij\u00ebra qytetar\u00eb i shoq\u00ebrojn\u00eb","gt_translate_keys":[{"key":"rendered","format":"text"}]},"content":{"rendered":"<p><img loading=\"lazy\" decoding=\"async\" class=\"aligncenter size-full wp-image-296262\" src=\"https:\/\/hashtag.al\/wp-content\/uploads\/2019\/05\/kryemadhibasha.jpg\" alt=\"\" width=\"2000\" height=\"1000\" srcset=\"https:\/\/www.hashtag.al\/wp-content\/uploads\/2019\/05\/kryemadhibasha.jpg 2000w, https:\/\/www.hashtag.al\/wp-content\/uploads\/2019\/05\/kryemadhibasha-300x150.jpg 300w, https:\/\/www.hashtag.al\/wp-content\/uploads\/2019\/05\/kryemadhibasha-768x384.jpg 768w, https:\/\/www.hashtag.al\/wp-content\/uploads\/2019\/05\/kryemadhibasha-1024x512.jpg 1024w\" sizes=\"auto, (max-width: 2000px) 100vw, 2000px\" \/><\/p>\n<p>Dhjet\u00ebra mij\u00ebra qytetar\u00eb kan\u00eb mb\u00ebrritur para kryeministris\u00eb, n\u00eb protest\u00ebn masive t\u00eb organizuar nga opozita e bashkuar.<\/p>\n<p>Nd\u00ebrkoh\u00eb krer\u00ebt e partis\u00eb m\u00eb t\u00eb m\u00ebdha opozitare, Basha e Kryemadhi, kan\u00eb nisur marshimin drejt kryeministris\u00eb p\u00ebr t\u2019u bashkuar me pjes\u00ebn tjet\u00ebr t\u00eb protestuesve t\u00eb cil\u00ebt jan\u00eb mbledhur aty m\u00eb her\u00ebt.<\/p>\n<p>Kryeministria \u00ebsht\u00eb rrethuar nga gardh metalik nd\u00ebrsa para protestuesve q\u00ebndrojn\u00eb disa efektiv\u00eb policie. Protestuesit kan\u00eb nisur t\u00eb hedhin\u00a0 sende t\u00eb ndryshme dhe tymuese ndaj godin\u00ebs s\u00eb kryeministris\u00eb.<\/p>\n<p>Bulevardi D\u00ebshmor\u00ebt e Kombit \u00ebsht\u00eb mbushur me protestues nd\u00ebrsa duhet th\u00ebn\u00eb se protesta po transmetohet drejtp\u00ebrdrejt nga nj\u00eb pjes\u00eb e mediave n\u00eb vend dhe nga mediat nd\u00ebrkomb\u00ebtare.<\/p>\n<p><img loading=\"lazy\" decoding=\"async\" class=\"aligncenter size-full wp-image-296264\" src=\"https:\/\/hashtag.al\/wp-content\/uploads\/2019\/05\/basha2-1.jpg\" alt=\"\" width=\"960\" height=\"521\" srcset=\"https:\/\/www.hashtag.al\/wp-content\/uploads\/2019\/05\/basha2-1.jpg 960w, https:\/\/www.hashtag.al\/wp-content\/uploads\/2019\/05\/basha2-1-300x163.jpg 300w, https:\/\/www.hashtag.al\/wp-content\/uploads\/2019\/05\/basha2-1-768x417.jpg 768w\" sizes=\"auto, (max-width: 960px) 100vw, 960px\" \/><\/p>\n","protected":false,"gt_translate_keys":[{"key":"rendered","format":"html"}]},"excerpt":{"rendered":"<p>Dhjet\u00ebra mij\u00ebra qytetar\u00eb kan\u00eb mb\u00ebrritur para kryeministris\u00eb, n\u00eb protest\u00ebn masive t\u00eb organizuar nga opozita e bashkuar. Nd\u00ebrkoh\u00eb krer\u00ebt e partis\u00eb m\u00eb t\u00eb m\u00ebdha opozitare, Basha e Kryemadhi, kan\u00eb nisur marshimin drejt kryeministris\u00eb p\u00ebr t\u2019u bashkuar me pjes\u00ebn tjet\u00ebr t\u00eb protestuesve t\u00eb cil\u00ebt jan\u00eb mbledhur aty m\u00eb her\u00ebt. Kryeministria \u00ebsht\u00eb rrethuar nga gardh metalik nd\u00ebrsa para [&hellip;]<\/p>\n","protected":false,"gt_translate_keys":[{"key":"rendered","format":"html"}]},"author":51,"featured_media":296263,"comment_status":"open","ping_status":"open","sticky":false,"template":"","format":"standard","meta":{"footnotes":""},"categories":[65,13],"tags":[],"class_list":["post-296261","post","type-post","status-publish","format-standard","has-post-thumbnail","hentry","category-lajme","category-te-fundit"],"gt_translate_keys":[{"key":"link","format":"url"}],"_links":{"self":[{"href":"https:\/\/www.hashtag.al\/index.php\/wp-json\/wp\/v2\/posts\/296261","targetHints":{"allow":["GET"]}}],"collection":[{"href":"https:\/\/www.hashtag.al\/index.php\/wp-json\/wp\/v2\/posts"}],"about":[{"href":"https:\/\/www.hashtag.al\/index.php\/wp-json\/wp\/v2\/types\/post"}],"author":[{"embeddable":true,"href":"https:\/\/www.hashtag.al\/index.php\/wp-json\/wp\/v2\/users\/51"}],"replies":[{"embeddable":true,"href":"https:\/\/www.hashtag.al\/index.php\/wp-json\/wp\/v2\/comments?post=296261"}],"version-history":[{"count":0,"href":"https:\/\/www.hashtag.al\/index.php\/wp-json\/wp\/v2\/posts\/296261\/revisions"}],"wp:featuredmedia":[{"embeddable":true,"href":"https:\/\/www.hashtag.al\/index.php\/wp-json\/wp\/v2\/media\/296263"}],"wp:attachment":[{"href":"https:\/\/www.hashtag.al\/index.php\/wp-json\/wp\/v2\/media?parent=296261"}],"wp:term":[{"taxonomy":"category","embeddable":true,"href":"https:\/\/www.hashtag.al\/index.php\/wp-json\/wp\/v2\/categories?post=296261"},{"taxonomy":"post_tag","embeddable":true,"href":"https:\/\/www.hashtag.al\/index.php\/wp-json\/wp\/v2\/tags?post=296261"}],"curies":[{"name":"wp","href":"https:\/\/api.w.org\/{rel}","templated":true}]}}