{"id":295688,"date":"2019-05-09T16:00:29","date_gmt":"2019-05-09T14:00:29","guid":{"rendered":"https:\/\/hashtag.al\/?p=295688"},"modified":"2019-05-09T15:53:46","modified_gmt":"2019-05-09T13:53:46","slug":"basha-zbulon-programin-qeverises-te-pd-se-i-prere-nga-korca-ska-zgjedhje-me-ramen","status":"publish","type":"post","link":"https:\/\/www.hashtag.al\/index.php\/2019\/05\/09\/basha-zbulon-programin-qeverises-te-pd-se-i-prere-nga-korca-ska-zgjedhje-me-ramen\/","title":{"rendered":"Basha zbulon programin qeveris\u00ebs t\u00eb PD-s\u00eb, i prer\u00eb nga Kor\u00e7a: S&#8217;ka zgjedhje me Ram\u00ebn","gt_translate_keys":[{"key":"rendered","format":"text"}]},"content":{"rendered":"<p><img loading=\"lazy\" decoding=\"async\" class=\"aligncenter size-full wp-image-295691\" src=\"https:\/\/hashtag.al\/wp-content\/uploads\/2019\/05\/425A3791.jpg\" alt=\"\" width=\"1000\" height=\"667\" srcset=\"https:\/\/www.hashtag.al\/wp-content\/uploads\/2019\/05\/425A3791.jpg 1000w, https:\/\/www.hashtag.al\/wp-content\/uploads\/2019\/05\/425A3791-300x200.jpg 300w, https:\/\/www.hashtag.al\/wp-content\/uploads\/2019\/05\/425A3791-768x512.jpg 768w\" sizes=\"auto, (max-width: 1000px) 100vw, 1000px\" \/><\/p>\n<p><span style=\"color: #000000;\">Kreu i Partis\u00eb Demokratike, Basha, ka deklaruar nga Pogradeci, ku u takua me qytetar\u00ebt dhe mb\u00ebshtet\u00ebsit e k\u00ebsaj force politike, se pa lirin\u00eb e vot\u00ebs nuk mund t\u00eb arrihet asgj\u00eb e mir\u00eb dhe i ftoi ata q\u00eb t\u00eb marrin pjes\u00eb n\u00eb protest\u00ebn e 11 majit.<\/span><\/p>\n<p><span style=\"color: #000000;\"><em>\u201cStudent\u00ebt dhe rinia n\u00eb krah t\u00eb betej\u00ebs son\u00eb p\u00ebr t\u00eb larguar nj\u00eb qeveri t\u00eb dal\u00eb nga blerja e votave me krimin dhe, me zgjedhje t\u00eb lira, t\u00eb votoj\u00eb nj\u00eb qeveri q\u00eb ka prioritet pun\u00ebsimin dhe arsmin cil\u00ebsor. <\/em><\/span><\/p>\n<p><span style=\"color: #000000;\"><em>Pa lirin\u00eb e vot\u00ebs nuk ka asnj\u00eb liri tjet\u00ebr, nuk ka mund\u00ebsi, nuk ka mir\u00ebqenie, nuk ka pun\u00ebsim, nuk ka Europ\u00eb. Kushdo q\u00eb thot\u00eb t\u00eb kund\u00ebrt\u00ebn g\u00ebnjen, pak r\u00ebnd\u00ebsi ka n\u00eb \u00e7far\u00eb gjuhe e thot\u00eb, g\u00ebnjen.<\/em><\/span><\/p>\n<p><span style=\"color: #000000;\"><em>Modeli i Edi Ram\u00ebs p\u00ebr rinin\u00eb \u00ebsht\u00eb krimineli. Trafikant\u00ebt nuk i fut n\u00eb burg, por i promovon, i b\u00ebn biznesmen\u00eb, deputet\u00eb, kryetar\u00eb bashkie. t\u00eb talentuarit, t\u00eb aft\u00ebt, t\u00eb zgjuarit,\u00a0 Rama i largon n\u00eb emigracion.\u201d<\/em> &#8211; tha Basha.<\/span><\/p>\n<p><span style=\"color: #000000;\">M\u00eb tej Basha tha se Partia Demokratike do zbatoj\u00eb sistemin gjerman t\u00eb trajnimit duke u dh\u00ebn\u00eb student\u00ebve t\u00eb m\u00ebsojn\u00eb dhe pjes\u00ebn tjet\u00ebr t\u00eb praktikohen. Nd\u00ebrsa shtoi se PD do dyfishoj\u00eb buxhetin e arsimit.<\/span><\/p>\n<p><span style=\"color: #000000;\"><em>\u201cPD do t\u00eb zbatoj\u00eb sistemin gjerman t\u00eb trajnimit dual. Student\u00ebt m\u00ebsojn\u00eb 50% t\u00eb koh\u00ebs n\u00eb auditor, 50% t\u00eb koh\u00ebs n\u00eb praktik\u00eb. P\u00ebr t\u2019u futur n\u00eb tregun e pun\u00ebs, nj\u00eb vit praktik\u00eb me 300 mij\u00eb lek t\u00eb vjetra n\u00eb muaj.<\/em><\/span><\/p>\n<p><span style=\"color: #000000;\"><em>Kjo qeveri ka shpenzuar 0 lek\u00eb p\u00ebr trajnimin profesional t\u00eb rinis\u00eb. PD do t\u00eb hap\u00eb shkollat e mbyllura profesionale. Plani yn\u00eb \u00ebsht\u00eb dyfishim i buxhetit t\u00eb arsimit, sepse arsimi \u00ebsht\u00eb prioritet komb\u00ebtar. \u00a0<\/em><\/span><\/p>\n<p><span style=\"color: #000000;\"><em>Beteja u nis nga student\u00ebt n\u00eb dhjetor, kund\u00ebr shkat\u00ebrrimit t\u00eb arsimit t\u00eb lart\u00eb, tarifave m\u00eb t\u00eb larta, \u00e7mimeve m\u00eb t\u00eb larta p\u00ebr arsim me cil\u00ebsin\u00eb m\u00eb t\u00eb dob\u00ebt n\u00eb Europ\u00eb. Plani i PD dyfishon buxhetin e arsimit t\u00eb lart\u00eb me 74 milion\u00eb usd m\u00eb shum\u00eb, q\u00eb Edi Rama i shpenzon p\u00ebr luksin e zyrave t\u00eb tij, p\u00ebr udh\u00ebtime me avion dhe p\u00ebr automjete t\u00eb shtrenjta. Student\u00ebt nga familje me t\u00eb ardhura n\u00ebn 640 mij\u00eb lek\u00eb n\u00eb muaj, p\u00ebrfitojn\u00eb subvencion 100% t\u00eb tarif\u00ebs univeristare. Ata\u00a0 me mbi 640 mij\u00eb lek,\u00a0 paguajn\u00eb vet\u00ebm gjysm\u00ebn e tarif\u00ebs. 5 milion\u00eb usd mbulojn\u00eb me burs\u00eb student\u00ebt e varf\u00ebr. Me planin ton\u00eb p\u00ebr arsimin e lart\u00eb, pamund\u00ebsia ekonomike e familjes, nuk do t\u00eb jet\u00eb penges\u00eb p\u00ebr asnj\u00eb t\u00eb ri q\u00eb t\u00eb shkoj\u00eb n\u00eb universitet. <\/em><\/span><\/p>\n<p><span style=\"color: #000000;\"><em>27 milion\u00eb USD do t\u00eb p\u00ebrdor\u00ebt p\u00ebr infrastruktur\u00ebn universitare, konvikte, auditor\u00eb, laborator\u00eb.\u201d<\/em> &#8211; shtoi Basha.<\/span><\/p>\n<p><span style=\"color: #000000;\">N\u00eb fund Basha tha se me Edi Ram\u00ebn nuk mund t\u00eb ket\u00eb zhvillim e zgjedhje dhe vizioni europian i vendit mund t\u00eb realizohet vet\u00ebm me zgjedhje t\u00eb lira e t\u00eb ndershme.<\/span><\/p>\n<p><span style=\"color: #000000;\"><em>\u201cKy vizion realizohet vet\u00ebm me nj\u00eb qeveri t\u00eb zgjedhur me vot\u00eb dhe jo t\u00eb diktuar nga interesat e krimit dhe t\u00eb oligark\u00ebve. Pa fituar betej\u00ebn p\u00ebr zgjedhje t\u00eb lira dhe t\u00eb ndershme, asnj\u00eb betej\u00eb tjet\u00ebr nuk mund t\u00eb fitojm\u00eb.<\/em><\/span><\/p>\n<p><span style=\"color: #000000;\"><em>Me Edi Ram\u00ebn nuk ka zhvillim, nuk ka ide. Miqt\u00eb e tij, q\u00eb vijn\u00eb p\u00ebr qokat e fundit para se t\u2019u mbaroj\u00eb mandati, nuk e shp\u00ebtojn\u00eb dot nga ky realitet. \u00cbsht\u00eb Edi Rama pengesa kryesore p\u00ebr Shqip\u00ebrin\u00eb europiane.<\/em><\/span><\/p>\n<p><span style=\"color: #000000;\"><em>Beteja e vetme p\u00ebr Europ\u00ebn \u00ebsht\u00eb beteja q\u00eb zhvillojm\u00eb ne s\u00eb bashku. Shansi i vet\u00ebm p\u00ebr Shqip\u00ebrin\u00eb europiane \u00ebsht\u00eb fitorja e k\u00ebsaj beteje. M\u00eb 11 Maj dhe jav\u00ebt m\u00eb pas p\u00ebrcaktohet fati i Shqip\u00ebris\u00eb p\u00ebr 5, 10, 15 vitet e ardhshme.\u201d<\/em> &#8211; mbylli Basha.<\/span><\/p>\n<p><img loading=\"lazy\" decoding=\"async\" class=\"aligncenter size-full wp-image-295693\" src=\"https:\/\/hashtag.al\/wp-content\/uploads\/2019\/05\/425A3927.jpg\" alt=\"\" width=\"1000\" height=\"667\" srcset=\"https:\/\/www.hashtag.al\/wp-content\/uploads\/2019\/05\/425A3927.jpg 1000w, https:\/\/www.hashtag.al\/wp-content\/uploads\/2019\/05\/425A3927-300x200.jpg 300w, https:\/\/www.hashtag.al\/wp-content\/uploads\/2019\/05\/425A3927-768x512.jpg 768w\" sizes=\"auto, (max-width: 1000px) 100vw, 1000px\" \/><\/p>\n","protected":false,"gt_translate_keys":[{"key":"rendered","format":"html"}]},"excerpt":{"rendered":"<p>Kreu i Partis\u00eb Demokratike, Basha, ka deklaruar nga Pogradeci, ku u takua me qytetar\u00ebt dhe mb\u00ebshtet\u00ebsit e k\u00ebsaj force politike, se pa lirin\u00eb e vot\u00ebs nuk mund t\u00eb arrihet asgj\u00eb e mir\u00eb dhe i ftoi ata q\u00eb t\u00eb marrin pjes\u00eb n\u00eb protest\u00ebn e 11 majit. \u201cStudent\u00ebt dhe rinia n\u00eb krah t\u00eb betej\u00ebs son\u00eb p\u00ebr t\u00eb [&hellip;]<\/p>\n","protected":false,"gt_translate_keys":[{"key":"rendered","format":"html"}]},"author":51,"featured_media":295692,"comment_status":"open","ping_status":"open","sticky":false,"template":"","format":"standard","meta":{"footnotes":""},"categories":[65,13],"tags":[],"class_list":["post-295688","post","type-post","status-publish","format-standard","has-post-thumbnail","hentry","category-lajme","category-te-fundit"],"gt_translate_keys":[{"key":"link","format":"url"}],"_links":{"self":[{"href":"https:\/\/www.hashtag.al\/index.php\/wp-json\/wp\/v2\/posts\/295688","targetHints":{"allow":["GET"]}}],"collection":[{"href":"https:\/\/www.hashtag.al\/index.php\/wp-json\/wp\/v2\/posts"}],"about":[{"href":"https:\/\/www.hashtag.al\/index.php\/wp-json\/wp\/v2\/types\/post"}],"author":[{"embeddable":true,"href":"https:\/\/www.hashtag.al\/index.php\/wp-json\/wp\/v2\/users\/51"}],"replies":[{"embeddable":true,"href":"https:\/\/www.hashtag.al\/index.php\/wp-json\/wp\/v2\/comments?post=295688"}],"version-history":[{"count":0,"href":"https:\/\/www.hashtag.al\/index.php\/wp-json\/wp\/v2\/posts\/295688\/revisions"}],"wp:featuredmedia":[{"embeddable":true,"href":"https:\/\/www.hashtag.al\/index.php\/wp-json\/wp\/v2\/media\/295692"}],"wp:attachment":[{"href":"https:\/\/www.hashtag.al\/index.php\/wp-json\/wp\/v2\/media?parent=295688"}],"wp:term":[{"taxonomy":"category","embeddable":true,"href":"https:\/\/www.hashtag.al\/index.php\/wp-json\/wp\/v2\/categories?post=295688"},{"taxonomy":"post_tag","embeddable":true,"href":"https:\/\/www.hashtag.al\/index.php\/wp-json\/wp\/v2\/tags?post=295688"}],"curies":[{"name":"wp","href":"https:\/\/api.w.org\/{rel}","templated":true}]}}