{"id":295636,"date":"2019-05-09T13:05:04","date_gmt":"2019-05-09T11:05:04","guid":{"rendered":"https:\/\/hashtag.al\/?p=295636"},"modified":"2019-05-09T13:40:51","modified_gmt":"2019-05-09T11:40:51","slug":"te-gjithe-lideret-e-ballkanit-bejne-foto-me-meten-pervec-vucicit-video","status":"publish","type":"post","link":"https:\/\/www.hashtag.al\/index.php\/2019\/05\/09\/te-gjithe-lideret-e-ballkanit-bejne-foto-me-meten-pervec-vucicit-video\/","title":{"rendered":"T\u00eb gjith\u00eb lider\u00ebt e Ballkanit b\u00ebjn\u00eb foto me Met\u00ebn, p\u00ebrve\u00e7 Vu\u00e7i\u00e7it (VIDEO)","gt_translate_keys":[{"key":"rendered","format":"text"}]},"content":{"rendered":"<p><span style=\"color: #000000;\"><img loading=\"lazy\" decoding=\"async\" class=\"aligncenter size-full wp-image-295638\" src=\"https:\/\/hashtag.al\/wp-content\/uploads\/2019\/05\/Vuviv.jpeg\" alt=\"\" width=\"1280\" height=\"853\" srcset=\"https:\/\/www.hashtag.al\/wp-content\/uploads\/2019\/05\/Vuviv.jpeg 1280w, https:\/\/www.hashtag.al\/wp-content\/uploads\/2019\/05\/Vuviv-300x200.jpeg 300w, https:\/\/www.hashtag.al\/wp-content\/uploads\/2019\/05\/Vuviv-768x512.jpeg 768w, https:\/\/www.hashtag.al\/wp-content\/uploads\/2019\/05\/Vuviv-1024x682.jpeg 1024w\" sizes=\"auto, (max-width: 1280px) 100vw, 1280px\" \/><\/span><\/p>\n<p><span style=\"color: #000000;\">N\u00eb Samitin e sot\u00ebm q\u00eb u mbajt n\u00eb Tiran\u00eb, presidenti serb\u00a0 Aleksandar Vu\u00e7i\u00e7 nuk pranoi t\u00eb b\u00ebnte foto me presidentin Ilir Meta. Pritja e lider\u00ebve t\u00eb Ballkanit u b\u00eb nga presidenti Meta, s\u00eb bashku me homologen e Kroacis\u00eb Kolinda Grabar-Kitarovic dhe at\u00eb t\u00eb Sllovenis\u00eb, Borut Pahor.\u00a0<\/span><\/p>\n<p><span style=\"color: #000000;\">Ndryshe nga t\u00eb tjer\u00ebt, pasi u prit nga Meta me nj\u00eb shtr\u00ebngim duarsh u largua dhe nuk q\u00ebndroi t\u00eb pozonte para kamerave. Kitarovi\u00e7 ia b\u00ebri me shenj\u00eb presidentit serb drejt vendit bosh p\u00ebr foto, por Vu\u00e7i\u00e7 nuk u kthye pas.<\/span><\/p>\n<p><span style=\"color: #000000;\">Sikurse shihet n\u00eb videon e m\u00ebposhtme, t\u00eb gjith\u00eb lider\u00ebt e tjer\u00eb t\u00eb Ballkanit, kan\u00eb q\u00ebndruar pas shtr\u00ebngimit t\u00eb duarve, duke pozuar p\u00ebr fotot zyrtare t\u00eb takimit. <\/span><\/p>\n<p><span style=\"color: #000000;\">T\u00eb ket\u00eb ndikuar n\u00eb sjelljen e Vu\u00e7i\u00e7it, q\u00ebndrimi i Met\u00ebs kund\u00ebr shk\u00ebmbimit t\u00eb kufijve mes Kosov\u00ebs dhe Serbis\u00eb? <\/span><span style=\"color: #000000;\">Kujtojm\u00eb se Meta para pak koh\u00ebsh, \u00ebsht\u00eb shprehur se dialogu Serbi-Kosov\u00eb \u00ebsht\u00eb nd\u00ebrtuar jo p\u00ebr t\u00eb ndryshuar realitetin dhe sipas tij \u00e7do devijim nuk sjell asnj\u00eb dobi.<\/span><\/p>\n<p><span style=\"color: #000000;\"><em>\u201cDialogu Serbi-Kosov\u00eb \u00ebsht\u00eb nd\u00ebrtuar jo p\u00ebr t\u00eb ndryshuar realitetin, por p\u00ebr t\u00eb udh\u00ebhequr procesin e pranimit t\u00eb tij, n\u00eb em\u00ebr t\u00eb paqes e stabilitetit. Ai \u00ebsht\u00eb parakusht p\u00ebr integrimin evropian t\u00eb t\u00eb dy vendeve.<\/em><\/span><\/p>\n<p><span style=\"color: #000000;\"><em>\u00c7do diskutim dhe debat q\u00eb ndihmon n\u00eb kuptimin dhe pranimin e k\u00ebtij realiteti \u00ebsht\u00eb i mir\u00ebpritur. \u00c7do devijim nga ky realitet, p\u00ebrve\u00e7se provokon emocione dhe retorika populiste nuk sjell dobi.<\/em><\/span><\/p>\n<p><span style=\"color: #000000;\"><em>Ballkani ka p\u00ebsuar transformime t\u00eb thella n\u00eb dy dekadat e fundit n\u00eb t\u00eb cilat jan\u00eb investuar seriozisht SHBA dhe BE-ja. Nj\u00eb nga investimet m\u00eb t\u00eb m\u00ebdha dhe t\u00eb suksesshme ka qen\u00eb Pavar\u00ebsia e Kosov\u00ebs dhe n\u00eb vijim\u00ebsi vendosja e dialogut mes Kosov\u00ebs dhe Serbis\u00eb n\u00eb dobi t\u00eb normalizimit t\u00eb marr\u00ebdh\u00ebnieve dhe t\u00eb stabilitetit, paqes dhe siguris\u00eb afatgjate n\u00eb rajon.<\/em><\/span><\/p>\n<p><span style=\"color: #000000;\"><em>E kaluara historike e Ballkanit \u00ebsht\u00eb fatkeq\u00ebsisht e lidhur me ndryshime kufijsh, spastrim etnik dhe shp\u00ebrngulje t\u00eb dhunshme t\u00eb popullsive t\u00eb cilat jan\u00eb shoq\u00ebruar me probleme t\u00eb m\u00ebdha, armiq\u00ebsi, luft\u00ebra e urrejtje.<\/em><\/span><\/p>\n<p><span style=\"color: #000000;\"><em>Marr\u00ebveshja q\u00eb mendohet t\u00eb arrihet sot mes pal\u00ebve \u00ebsht\u00eb e r\u00ebnd\u00ebsishme t\u00eb \u00e7liroj\u00eb energji pozitive, t\u00eb ndihmoj\u00eb frym\u00ebn e bashk\u00ebjetes\u00ebs dhe harmonis\u00eb dhe t\u00eb sh\u00ebroj\u00eb ndjenj\u00ebn e urrejtjes t\u00eb mbjell\u00eb nga e kaluara dhe historia.\u201d<\/em>, ka th\u00ebn\u00eb Meta.<\/span><\/p>\n<p>&nbsp;<\/p>\n<div style=\"width: 604px;\" class=\"wp-video\"><video class=\"wp-video-shortcode\" id=\"video-295636-1\" width=\"604\" height=\"312\" preload=\"metadata\" controls=\"controls\"><source type=\"video\/mp4\" src=\"https:\/\/hashtag.al\/wp-content\/uploads\/2019\/05\/qNQmeXJs6cgwauUYFpNllIVl1VzmTAkxJ3QoM1g7.mp4?_=1\" \/><a href=\"https:\/\/hashtag.al\/wp-content\/uploads\/2019\/05\/qNQmeXJs6cgwauUYFpNllIVl1VzmTAkxJ3QoM1g7.mp4\">https:\/\/hashtag.al\/wp-content\/uploads\/2019\/05\/qNQmeXJs6cgwauUYFpNllIVl1VzmTAkxJ3QoM1g7.mp4<\/a><\/video><\/div>\n","protected":false,"gt_translate_keys":[{"key":"rendered","format":"html"}]},"excerpt":{"rendered":"<p>N\u00eb Samitin e sot\u00ebm q\u00eb u mbajt n\u00eb Tiran\u00eb, presidenti serb\u00a0 Aleksandar Vu\u00e7i\u00e7 nuk pranoi t\u00eb b\u00ebnte foto me presidentin Ilir Meta. Pritja e lider\u00ebve t\u00eb Ballkanit u b\u00eb nga presidenti Meta, s\u00eb bashku me homologen e Kroacis\u00eb Kolinda Grabar-Kitarovic dhe at\u00eb t\u00eb Sllovenis\u00eb, Borut Pahor.\u00a0 Ndryshe nga t\u00eb tjer\u00ebt, pasi u prit nga Meta [&hellip;]<\/p>\n","protected":false,"gt_translate_keys":[{"key":"rendered","format":"html"}]},"author":30,"featured_media":295638,"comment_status":"open","ping_status":"open","sticky":false,"template":"","format":"standard","meta":{"footnotes":""},"categories":[22,65],"tags":[],"class_list":["post-295636","post","type-post","status-publish","format-standard","has-post-thumbnail","hentry","category-ballina","category-lajme"],"gt_translate_keys":[{"key":"link","format":"url"}],"_links":{"self":[{"href":"https:\/\/www.hashtag.al\/index.php\/wp-json\/wp\/v2\/posts\/295636","targetHints":{"allow":["GET"]}}],"collection":[{"href":"https:\/\/www.hashtag.al\/index.php\/wp-json\/wp\/v2\/posts"}],"about":[{"href":"https:\/\/www.hashtag.al\/index.php\/wp-json\/wp\/v2\/types\/post"}],"author":[{"embeddable":true,"href":"https:\/\/www.hashtag.al\/index.php\/wp-json\/wp\/v2\/users\/30"}],"replies":[{"embeddable":true,"href":"https:\/\/www.hashtag.al\/index.php\/wp-json\/wp\/v2\/comments?post=295636"}],"version-history":[{"count":0,"href":"https:\/\/www.hashtag.al\/index.php\/wp-json\/wp\/v2\/posts\/295636\/revisions"}],"wp:featuredmedia":[{"embeddable":true,"href":"https:\/\/www.hashtag.al\/index.php\/wp-json\/wp\/v2\/media\/295638"}],"wp:attachment":[{"href":"https:\/\/www.hashtag.al\/index.php\/wp-json\/wp\/v2\/media?parent=295636"}],"wp:term":[{"taxonomy":"category","embeddable":true,"href":"https:\/\/www.hashtag.al\/index.php\/wp-json\/wp\/v2\/categories?post=295636"},{"taxonomy":"post_tag","embeddable":true,"href":"https:\/\/www.hashtag.al\/index.php\/wp-json\/wp\/v2\/tags?post=295636"}],"curies":[{"name":"wp","href":"https:\/\/api.w.org\/{rel}","templated":true}]}}