{"id":295546,"date":"2019-05-09T09:10:27","date_gmt":"2019-05-09T07:10:27","guid":{"rendered":"https:\/\/hashtag.al\/?p=295546"},"modified":"2019-05-09T09:37:38","modified_gmt":"2019-05-09T07:37:38","slug":"meta-e-nis-diten-me-vrap-mesazh-per-9-majin","status":"publish","type":"post","link":"https:\/\/www.hashtag.al\/index.php\/2019\/05\/09\/meta-e-nis-diten-me-vrap-mesazh-per-9-majin\/","title":{"rendered":"Meta e nis dit\u00ebn me vrap, mesazh p\u00ebr &#8220;9 Majin&#8221;","gt_translate_keys":[{"key":"rendered","format":"text"}]},"content":{"rendered":"<p><img loading=\"lazy\" decoding=\"async\" class=\"aligncenter size-full wp-image-295548\" src=\"https:\/\/hashtag.al\/wp-content\/uploads\/2019\/05\/meta.jpg\" alt=\"\" width=\"594\" height=\"444\" srcset=\"https:\/\/www.hashtag.al\/wp-content\/uploads\/2019\/05\/meta.jpg 594w, https:\/\/www.hashtag.al\/wp-content\/uploads\/2019\/05\/meta-300x224.jpg 300w\" sizes=\"auto, (max-width: 594px) 100vw, 594px\" \/><\/p>\n<p><span style=\"color: #000000;\">Presidenti i Republik\u00ebs Ilir Meta e ka nisur dit\u00ebn e sotme me vrap n\u00eb natyr\u00eb. Meta ka publikuar nj\u00eb foto n\u00eb rrjetet sociale, ku shihet i veshur me rroba sportive dhe me k\u00ebt\u00eb rast b\u00ebn nj\u00eb urim p\u00ebr &#8220;9 Majin&#8221;, ose &#8220;Dit\u00ebn e Europ\u00ebs&#8221;.<\/span><\/p>\n<p><span style=\"color: #000000;\"><em>\u201cShqiptar\u00ebt jan\u00eb europian\u00eb me mendje dhe me zem\u00ebr. G\u00ebzuar Dit\u00ebn e Europ\u00ebs!\u201d<\/em>-shkruan Meta.<\/span><\/p>\n<p>Kujtojm\u00eb se sot n\u00eb tiran\u00eb, do t\u00eb mbahet<span style=\"color: #000000;\"> Samiti i Brdo Brijunit, me pjes\u00ebmarjen e lider\u00ebve t\u00eb Ballkanit. Organizatori i k\u00ebtij Samiti \u00ebsht\u00eb pik\u00ebrisht presidenti i Republik\u00ebs Ilir Meta.<\/span><\/p>\n<p><img loading=\"lazy\" decoding=\"async\" class=\"aligncenter size-full wp-image-295547\" src=\"https:\/\/hashtag.al\/wp-content\/uploads\/2019\/05\/mmm-1.jpg\" alt=\"\" width=\"470\" height=\"870\" srcset=\"https:\/\/www.hashtag.al\/wp-content\/uploads\/2019\/05\/mmm-1.jpg 470w, https:\/\/www.hashtag.al\/wp-content\/uploads\/2019\/05\/mmm-1-162x300.jpg 162w\" sizes=\"auto, (max-width: 470px) 100vw, 470px\" \/><\/p>\n","protected":false,"gt_translate_keys":[{"key":"rendered","format":"html"}]},"excerpt":{"rendered":"<p>Presidenti i Republik\u00ebs Ilir Meta e ka nisur dit\u00ebn e sotme me vrap n\u00eb natyr\u00eb. Meta ka publikuar nj\u00eb foto n\u00eb rrjetet sociale, ku shihet i veshur me rroba sportive dhe me k\u00ebt\u00eb rast b\u00ebn nj\u00eb urim p\u00ebr &#8220;9 Majin&#8221;, ose &#8220;Dit\u00ebn e Europ\u00ebs&#8221;. \u201cShqiptar\u00ebt jan\u00eb europian\u00eb me mendje dhe me zem\u00ebr. G\u00ebzuar Dit\u00ebn e [&hellip;]<\/p>\n","protected":false,"gt_translate_keys":[{"key":"rendered","format":"html"}]},"author":30,"featured_media":295548,"comment_status":"open","ping_status":"open","sticky":false,"template":"","format":"standard","meta":{"footnotes":""},"categories":[53,65],"tags":[],"class_list":["post-295546","post","type-post","status-publish","format-standard","has-post-thumbnail","hentry","category-fast-foodi","category-lajme"],"gt_translate_keys":[{"key":"link","format":"url"}],"_links":{"self":[{"href":"https:\/\/www.hashtag.al\/index.php\/wp-json\/wp\/v2\/posts\/295546","targetHints":{"allow":["GET"]}}],"collection":[{"href":"https:\/\/www.hashtag.al\/index.php\/wp-json\/wp\/v2\/posts"}],"about":[{"href":"https:\/\/www.hashtag.al\/index.php\/wp-json\/wp\/v2\/types\/post"}],"author":[{"embeddable":true,"href":"https:\/\/www.hashtag.al\/index.php\/wp-json\/wp\/v2\/users\/30"}],"replies":[{"embeddable":true,"href":"https:\/\/www.hashtag.al\/index.php\/wp-json\/wp\/v2\/comments?post=295546"}],"version-history":[{"count":0,"href":"https:\/\/www.hashtag.al\/index.php\/wp-json\/wp\/v2\/posts\/295546\/revisions"}],"wp:featuredmedia":[{"embeddable":true,"href":"https:\/\/www.hashtag.al\/index.php\/wp-json\/wp\/v2\/media\/295548"}],"wp:attachment":[{"href":"https:\/\/www.hashtag.al\/index.php\/wp-json\/wp\/v2\/media?parent=295546"}],"wp:term":[{"taxonomy":"category","embeddable":true,"href":"https:\/\/www.hashtag.al\/index.php\/wp-json\/wp\/v2\/categories?post=295546"},{"taxonomy":"post_tag","embeddable":true,"href":"https:\/\/www.hashtag.al\/index.php\/wp-json\/wp\/v2\/tags?post=295546"}],"curies":[{"name":"wp","href":"https:\/\/api.w.org\/{rel}","templated":true}]}}