{"id":295485,"date":"2019-05-08T20:23:30","date_gmt":"2019-05-08T18:23:30","guid":{"rendered":"https:\/\/hashtag.al\/?p=295485"},"modified":"2019-05-08T20:23:30","modified_gmt":"2019-05-08T18:23:30","slug":"banoret-e-unazes-se-re-marshojne-ne-drejtim-te-policise-kerkohet-lirimi-i-te-arrestuarve-ne-proteste-video","status":"publish","type":"post","link":"https:\/\/www.hashtag.al\/index.php\/2019\/05\/08\/banoret-e-unazes-se-re-marshojne-ne-drejtim-te-policise-kerkohet-lirimi-i-te-arrestuarve-ne-proteste-video\/","title":{"rendered":"Banor\u00ebt e Unaz\u00ebs s\u00eb Re marshojn\u00eb n\u00eb drejtim t\u00eb policis\u00eb, k\u00ebrkohet lirimi i t\u00eb arrestuarve n\u00eb protest\u00eb (Video)","gt_translate_keys":[{"key":"rendered","format":"text"}]},"content":{"rendered":"<p><img loading=\"lazy\" decoding=\"async\" class=\"aligncenter size-full wp-image-295254\" src=\"https:\/\/hashtag.al\/wp-content\/uploads\/2019\/05\/basha.jpg\" alt=\"\" width=\"1024\" height=\"682\" srcset=\"https:\/\/www.hashtag.al\/wp-content\/uploads\/2019\/05\/basha.jpg 1024w, https:\/\/www.hashtag.al\/wp-content\/uploads\/2019\/05\/basha-300x200.jpg 300w, https:\/\/www.hashtag.al\/wp-content\/uploads\/2019\/05\/basha-768x512.jpg 768w\" sizes=\"auto, (max-width: 1024px) 100vw, 1024px\" \/><\/p>\n<p><span style=\"color: #000000;\">Pas shoq\u00ebrimit n\u00eb polici t\u00eb disa nga protestuesit t\u00eb Unaz\u00ebs s\u00eb Re dit\u00ebn e djeshme s\u00eb bashku me ish-deputetin e Partis\u00eb Demokratike Klevis Balliu, dit\u00ebn e sotme banor\u00ebt kan\u00eb nisur marshimin n\u00eb drejtim t\u00eb drejtoris\u00eb s\u00eb Policis\u00eb t\u00eb Tiran\u00ebs p\u00ebr t\u00eb k\u00ebrkuar lirimin e tyre.<\/span><\/p>\n<p><span style=\"color: #000000;\">Ata jan\u00eb shoq\u00ebruar edhe nga zyrtar\u00eb t\u00eb Partis\u00eb Demokratike. E ndodhur me ta Albana Vokshi u shpreh se \u00a0\u201c<em>Klevis Balliu, sot \u00ebsht\u00eb m\u00eb i vendosur se dje. t\u00eb gjith\u00eb arrestuarit jan\u00eb m\u00eb t\u00eb fort\u00eb dhe m\u00eb t\u00eb vendosur se dje. Un\u00eb ju fal\u00ebnderoj p\u00ebr rezistenc\u00ebn tuaj, dhe ftoj \u00e7do qytetar\u00eb t\u00eb Shqip\u00ebris\u00eb q\u00eb t\u00eb ngriheni p\u00ebr t\u00eb rr\u00ebzuar k\u00ebt\u00eb qeveri. Provokimi q\u00eb b\u00ebri Rama duke urdh\u00ebruar dhun\u00eb ndaj grave dhe arrestimin e 4 banor\u00ebve, ai ka provokuar edhe Partin\u00eb Demokratike. Ne nuk do t\u00eb heshtim, ne do t\u00eb protestojm\u00eb bashk\u00eb me ju<\/em>\u201d.<\/span><\/p>\n<p><span style=\"color: #000000;\">Banor\u00ebt e Astirit protestojn\u00eb prej muajsh kund\u00ebr prishjes s\u00eb banesave t\u00eb tyre q\u00eb preken nga projekti i Unaz\u00ebs s\u00eb Madhe.\u00a0<\/span><\/p>\n<p><iframe loading=\"lazy\" style=\"border: none; overflow: hidden;\" src=\"https:\/\/www.facebook.com\/plugins\/video.php?href=https%3A%2F%2Fwww.facebook.com%2Flulzimbasha.al%2Fvideos%2F2320180221587524%2F&amp;show_text=0&amp;width=560\" width=\"560\" height=\"315\" frameborder=\"0\" scrolling=\"no\" allowfullscreen=\"allowfullscreen\"><\/iframe><\/p>\n","protected":false,"gt_translate_keys":[{"key":"rendered","format":"html"}]},"excerpt":{"rendered":"<p>Pas shoq\u00ebrimit n\u00eb polici t\u00eb disa nga protestuesit t\u00eb Unaz\u00ebs s\u00eb Re dit\u00ebn e djeshme s\u00eb bashku me ish-deputetin e Partis\u00eb Demokratike Klevis Balliu, dit\u00ebn e sotme banor\u00ebt kan\u00eb nisur marshimin n\u00eb drejtim t\u00eb drejtoris\u00eb s\u00eb Policis\u00eb t\u00eb Tiran\u00ebs p\u00ebr t\u00eb k\u00ebrkuar lirimin e tyre. Ata jan\u00eb shoq\u00ebruar edhe nga zyrtar\u00eb t\u00eb Partis\u00eb Demokratike. E [&hellip;]<\/p>\n","protected":false,"gt_translate_keys":[{"key":"rendered","format":"html"}]},"author":32,"featured_media":295124,"comment_status":"open","ping_status":"open","sticky":false,"template":"","format":"standard","meta":{"footnotes":""},"categories":[65,13],"tags":[],"class_list":["post-295485","post","type-post","status-publish","format-standard","has-post-thumbnail","hentry","category-lajme","category-te-fundit"],"gt_translate_keys":[{"key":"link","format":"url"}],"_links":{"self":[{"href":"https:\/\/www.hashtag.al\/index.php\/wp-json\/wp\/v2\/posts\/295485","targetHints":{"allow":["GET"]}}],"collection":[{"href":"https:\/\/www.hashtag.al\/index.php\/wp-json\/wp\/v2\/posts"}],"about":[{"href":"https:\/\/www.hashtag.al\/index.php\/wp-json\/wp\/v2\/types\/post"}],"author":[{"embeddable":true,"href":"https:\/\/www.hashtag.al\/index.php\/wp-json\/wp\/v2\/users\/32"}],"replies":[{"embeddable":true,"href":"https:\/\/www.hashtag.al\/index.php\/wp-json\/wp\/v2\/comments?post=295485"}],"version-history":[{"count":0,"href":"https:\/\/www.hashtag.al\/index.php\/wp-json\/wp\/v2\/posts\/295485\/revisions"}],"wp:featuredmedia":[{"embeddable":true,"href":"https:\/\/www.hashtag.al\/index.php\/wp-json\/wp\/v2\/media\/295124"}],"wp:attachment":[{"href":"https:\/\/www.hashtag.al\/index.php\/wp-json\/wp\/v2\/media?parent=295485"}],"wp:term":[{"taxonomy":"category","embeddable":true,"href":"https:\/\/www.hashtag.al\/index.php\/wp-json\/wp\/v2\/categories?post=295485"},{"taxonomy":"post_tag","embeddable":true,"href":"https:\/\/www.hashtag.al\/index.php\/wp-json\/wp\/v2\/tags?post=295485"}],"curies":[{"name":"wp","href":"https:\/\/api.w.org\/{rel}","templated":true}]}}