{"id":295349,"date":"2019-05-08T10:23:51","date_gmt":"2019-05-08T08:23:51","guid":{"rendered":"https:\/\/hashtag.al\/?p=295349"},"modified":"2019-05-08T10:34:49","modified_gmt":"2019-05-08T08:34:49","slug":"te-rinjte-e-frpd-dhe-lri-proteste-para-parlamentit-vendet-e-be-se-i-tregojne-kartonin-e-kuq-rames-foto","status":"publish","type":"post","link":"https:\/\/www.hashtag.al\/index.php\/2019\/05\/08\/te-rinjte-e-frpd-dhe-lri-proteste-para-parlamentit-vendet-e-be-se-i-tregojne-kartonin-e-kuq-rames-foto\/","title":{"rendered":"T\u00eb rinjt\u00eb e FRPD dhe LRI protest\u00eb para Parlamentit: Vendet e BE-s\u00eb i tregojn\u00eb kartonin e kuq Ram\u00ebs (FOTO)","gt_translate_keys":[{"key":"rendered","format":"text"}]},"content":{"rendered":"<p><img loading=\"lazy\" decoding=\"async\" class=\"aligncenter size-full wp-image-295351\" src=\"https:\/\/hashtag.al\/wp-content\/uploads\/2019\/05\/te-rinjte.jpg\" alt=\"\" width=\"1024\" height=\"768\" srcset=\"https:\/\/www.hashtag.al\/wp-content\/uploads\/2019\/05\/te-rinjte.jpg 1024w, https:\/\/www.hashtag.al\/wp-content\/uploads\/2019\/05\/te-rinjte-300x225.jpg 300w, https:\/\/www.hashtag.al\/wp-content\/uploads\/2019\/05\/te-rinjte-768x576.jpg 768w\" sizes=\"auto, (max-width: 1024px) 100vw, 1024px\" \/><\/p>\n<p><span style=\"color: #000000;\">T\u00eb rinjt\u00eb e Forumit Rinor t\u00eb Partis\u00eb Demokratike dhe ata t\u00eb L\u00ebvizjes socialiste p\u00ebr Integrim po protestojn\u00eb p\u00ebrpara Parlamentit.<\/span><\/p>\n<p><span style=\"color: #000000;\">Kjo proteest\u00eb konsiston n\u00eb dy element\u00eb, q\u00eb pari simbolika e Bashkimit Europian q\u00eb refuzon Edi Ram\u00ebn dhe e dyta ishte refuzimi i mandatit \u00a0nga Endrit Hoxha, q\u00eb kishte dor\u00ebzuar formularin e dekriminalizimit.<\/span><\/p>\n<p><span style=\"color: #000000;\">Jan\u00eb 28 t\u00eb rinj, q\u00eb kan\u00eb veshur bluza mbi t\u00eb cilat \u00ebsht\u00eb stampuar secili vend an\u00ebtar n\u00eb BE dhe i tregojn\u00eb kryeministrit Rama, mandatin e kuq.<\/span><\/p>\n<p><span style=\"color: #000000;\"><em>&#8220;E duam Shqip\u00ebrin\u00eb, si e gjith\u00eb Eur<span style=\"color: #000000;\">opa&#8221;<\/span><\/em>, kjo \u00ebsht\u00eb thirrja e tyre.<\/span><\/p>\n<p><span style=\"color: #000000;\">&#8220;Kjo \u00ebsht\u00eb nj\u00eb nd\u00ebr rrug\u00ebt ligjore p\u00ebr t\u00eb refuzuar mandatin dhe \u00ebsht\u00eb mir\u00eb q\u00eb disa gj\u00ebra t\u00eb thuhen edhe n\u00eb sy.<\/span><\/p>\n<p><span style=\"color: #000000;\">Nuk mund t\u00eb marr dot nj\u00eb mandat ku kreu i k\u00ebtij institucioni \u00ebsht\u00eb personi i cili ka n\u00eb supe vrasjen e 4 personave n\u00eb masakr\u00ebn e 2 prillit, n\u00eb vitin 1991 n\u00eb Shkod\u00ebr.<\/span><\/p>\n<p><span style=\"color: #000000;\">Nuk mund t\u00eb marr dot nj\u00eb mandat deputeti, ku pjes\u00eb e k\u00ebtij Parlamenti jan\u00eb hetues dhe prokuror\u00eb t\u00eb diktatur\u00ebs komuniste si\u00e7 \u00ebsht\u00eb zoti Xhafaj dhe zoti Braho. Nuk mund t\u00eb marr dot mandatin e deputetit n\u00eb nj\u00eb Parlament ku i ati i kreut t\u00eb ekzekutivit, ka firmosur p\u00ebr varjen e poetit Havzi Nela. Ky mandat \u00ebsht\u00eb mandati i k\u00ebtyre t\u00eb rinjve dhe i demokrat\u00ebve dhe un\u00eb nuk mund t\u00eb marr dot nj\u00eb mandat ilegjitim, duke hyr\u00eb fshehurazi n\u00eb k\u00ebt\u00eb Parlament.&#8221;, tha Hoxha, i cili refuzoi sot mandatin e deputetit.<\/span><\/p>\n<p><img loading=\"lazy\" decoding=\"async\" class=\"aligncenter size-full wp-image-295350\" src=\"https:\/\/hashtag.al\/wp-content\/uploads\/2019\/05\/Rinia.jpg\" alt=\"\" width=\"1024\" height=\"768\" srcset=\"https:\/\/www.hashtag.al\/wp-content\/uploads\/2019\/05\/Rinia.jpg 1024w, https:\/\/www.hashtag.al\/wp-content\/uploads\/2019\/05\/Rinia-300x225.jpg 300w, https:\/\/www.hashtag.al\/wp-content\/uploads\/2019\/05\/Rinia-768x576.jpg 768w\" sizes=\"auto, (max-width: 1024px) 100vw, 1024px\" \/> <img loading=\"lazy\" decoding=\"async\" class=\"aligncenter size-full wp-image-295352\" src=\"https:\/\/hashtag.al\/wp-content\/uploads\/2019\/05\/proteste-2.jpg\" alt=\"\" width=\"1402\" height=\"720\" srcset=\"https:\/\/www.hashtag.al\/wp-content\/uploads\/2019\/05\/proteste-2.jpg 1402w, https:\/\/www.hashtag.al\/wp-content\/uploads\/2019\/05\/proteste-2-300x154.jpg 300w, https:\/\/www.hashtag.al\/wp-content\/uploads\/2019\/05\/proteste-2-768x394.jpg 768w, https:\/\/www.hashtag.al\/wp-content\/uploads\/2019\/05\/proteste-2-1024x526.jpg 1024w\" sizes=\"auto, (max-width: 1402px) 100vw, 1402px\" \/><\/p>\n","protected":false,"gt_translate_keys":[{"key":"rendered","format":"html"}]},"excerpt":{"rendered":"<p>T\u00eb rinjt\u00eb e Forumit Rinor t\u00eb Partis\u00eb Demokratike dhe ata t\u00eb L\u00ebvizjes socialiste p\u00ebr Integrim po protestojn\u00eb p\u00ebrpara Parlamentit. Kjo proteest\u00eb konsiston n\u00eb dy element\u00eb, q\u00eb pari simbolika e Bashkimit Europian q\u00eb refuzon Edi Ram\u00ebn dhe e dyta ishte refuzimi i mandatit \u00a0nga Endrit Hoxha, q\u00eb kishte dor\u00ebzuar formularin e dekriminalizimit. Jan\u00eb 28 t\u00eb rinj, [&hellip;]<\/p>\n","protected":false,"gt_translate_keys":[{"key":"rendered","format":"html"}]},"author":30,"featured_media":295350,"comment_status":"open","ping_status":"open","sticky":false,"template":"","format":"standard","meta":{"footnotes":""},"categories":[65,13],"tags":[],"class_list":["post-295349","post","type-post","status-publish","format-standard","has-post-thumbnail","hentry","category-lajme","category-te-fundit"],"gt_translate_keys":[{"key":"link","format":"url"}],"_links":{"self":[{"href":"https:\/\/www.hashtag.al\/index.php\/wp-json\/wp\/v2\/posts\/295349","targetHints":{"allow":["GET"]}}],"collection":[{"href":"https:\/\/www.hashtag.al\/index.php\/wp-json\/wp\/v2\/posts"}],"about":[{"href":"https:\/\/www.hashtag.al\/index.php\/wp-json\/wp\/v2\/types\/post"}],"author":[{"embeddable":true,"href":"https:\/\/www.hashtag.al\/index.php\/wp-json\/wp\/v2\/users\/30"}],"replies":[{"embeddable":true,"href":"https:\/\/www.hashtag.al\/index.php\/wp-json\/wp\/v2\/comments?post=295349"}],"version-history":[{"count":0,"href":"https:\/\/www.hashtag.al\/index.php\/wp-json\/wp\/v2\/posts\/295349\/revisions"}],"wp:featuredmedia":[{"embeddable":true,"href":"https:\/\/www.hashtag.al\/index.php\/wp-json\/wp\/v2\/media\/295350"}],"wp:attachment":[{"href":"https:\/\/www.hashtag.al\/index.php\/wp-json\/wp\/v2\/media?parent=295349"}],"wp:term":[{"taxonomy":"category","embeddable":true,"href":"https:\/\/www.hashtag.al\/index.php\/wp-json\/wp\/v2\/categories?post=295349"},{"taxonomy":"post_tag","embeddable":true,"href":"https:\/\/www.hashtag.al\/index.php\/wp-json\/wp\/v2\/tags?post=295349"}],"curies":[{"name":"wp","href":"https:\/\/api.w.org\/{rel}","templated":true}]}}