{"id":295278,"date":"2019-05-07T23:40:47","date_gmt":"2019-05-07T21:40:47","guid":{"rendered":"https:\/\/hashtag.al\/?p=295278"},"modified":"2019-05-07T23:44:19","modified_gmt":"2019-05-07T21:44:19","slug":"te-shtena-me-arme-brenda-shkolles-ne-shba-plagosen-2-nxenes","status":"publish","type":"post","link":"https:\/\/www.hashtag.al\/index.php\/2019\/05\/07\/te-shtena-me-arme-brenda-shkolles-ne-shba-plagosen-2-nxenes\/","title":{"rendered":"T\u00eb sht\u00ebna me arm\u00eb brenda shkoll\u00ebs n\u00eb SHBA, plagosen 2 nx\u00ebn\u00ebs","gt_translate_keys":[{"key":"rendered","format":"text"}]},"content":{"rendered":"<p><img loading=\"lazy\" decoding=\"async\" class=\"aligncenter size-full wp-image-295279\" src=\"https:\/\/hashtag.al\/wp-content\/uploads\/2019\/05\/shba.png\" alt=\"\" width=\"981\" height=\"555\" srcset=\"https:\/\/www.hashtag.al\/wp-content\/uploads\/2019\/05\/shba.png 981w, https:\/\/www.hashtag.al\/wp-content\/uploads\/2019\/05\/shba-300x170.png 300w, https:\/\/www.hashtag.al\/wp-content\/uploads\/2019\/05\/shba-768x434.png 768w\" sizes=\"auto, (max-width: 981px) 100vw, 981px\" \/><\/p>\n<p><span style=\"color: #000000;\">T\u00eb pakt\u00ebn dy persona u plagos\u00ebn n\u00eb nj\u00eb t\u00eb sht\u00ebnat n\u00eb nj\u00eb shkoll\u00eb n\u00eb Highland Ranch, Kolorado, n\u00eb periferi t\u00eb Denverit. <\/span><\/p>\n<p><span style=\"color: #000000;\">T\u00eb gjitha shkollat \u200b\u200be qarkut jan\u00eb evakuuar nd\u00ebrsa autoritetet k\u00ebrkojn\u00eb nj\u00eb t\u00eb dyshuar t\u00eb tret\u00eb, pasi kan\u00eb arrestuar deri tani 2 persona lidhur me ngjarjen.<\/span><\/p>\n<p><span style=\"color: #000000;\">&#8220;Shum\u00eb njer\u00ebz&#8221; u q\u00eblluan n\u00eb shkoll\u00ebn e K-12 STEM t\u00eb mart\u00ebn pasdite, sipas zyr\u00ebs s\u00eb Sherif Qarkut Douglas. Policia po k\u00ebrkon aktualisht n\u00eb \u00e7do klas\u00eb t\u00eb shkoll\u00ebs p\u00ebr t\u00eb kapur t\u00eb dyshuarin e tret\u00eb.<\/span><\/p>\n<p><span style=\"color: #000000;\"><em>\u201cNe kemi nx\u00ebn\u00ebs t\u00eb shumt\u00eb q\u00eb jan\u00eb l\u00ebnduar&#8221;<\/em> &#8211; u tha gazetar\u00ebve zv.Sherifja, Holly Nicholson-Kluth.<\/span><\/p>\n<p><span style=\"color: #000000;\"><em>&#8220;Kjo \u00ebsht\u00eb ende nj\u00eb situat\u00eb aktive ku ka t\u00eb sht\u00ebna&#8221;<\/em>, tha ajo, duke shtuar se dy t\u00eb dyshuar jan\u00eb n\u00eb paraburgim.<\/span><\/p>\n<p><span style=\"color: #000000;\">Helikopter\u00eb t\u00eb shum\u00ebfisht\u00eb t\u00eb ambulanc\u00ebs ajrore u v\u00ebrejt\u00ebn t\u00eb uleshin n\u00eb oborrin e shkoll\u00ebs.<\/span><\/p>\n<div style=\"width: 1170px;\" class=\"wp-video\"><video class=\"wp-video-shortcode\" id=\"video-295278-1\" width=\"1170\" height=\"658\" preload=\"metadata\" controls=\"controls\"><source type=\"video\/mp4\" src=\"https:\/\/hashtag.al\/wp-content\/uploads\/2019\/05\/Whole-group-of-swat-officers-heading-up-the-hill.-I\u2019m-at-630-Plaza-down-the-hill-from-the-school-@DenverChannel.mp4?_=1\" \/><a href=\"https:\/\/hashtag.al\/wp-content\/uploads\/2019\/05\/Whole-group-of-swat-officers-heading-up-the-hill.-I\u2019m-at-630-Plaza-down-the-hill-from-the-school-@DenverChannel.mp4\">https:\/\/hashtag.al\/wp-content\/uploads\/2019\/05\/Whole-group-of-swat-officers-heading-up-the-hill.-I\u2019m-at-630-Plaza-down-the-hill-from-the-school-@DenverChannel.mp4<\/a><\/video><\/div>\n","protected":false,"gt_translate_keys":[{"key":"rendered","format":"html"}]},"excerpt":{"rendered":"<p>T\u00eb pakt\u00ebn dy persona u plagos\u00ebn n\u00eb nj\u00eb t\u00eb sht\u00ebnat n\u00eb nj\u00eb shkoll\u00eb n\u00eb Highland Ranch, Kolorado, n\u00eb periferi t\u00eb Denverit. T\u00eb gjitha shkollat \u200b\u200be qarkut jan\u00eb evakuuar nd\u00ebrsa autoritetet k\u00ebrkojn\u00eb nj\u00eb t\u00eb dyshuar t\u00eb tret\u00eb, pasi kan\u00eb arrestuar deri tani 2 persona lidhur me ngjarjen. &#8220;Shum\u00eb njer\u00ebz&#8221; u q\u00eblluan n\u00eb shkoll\u00ebn e K-12 STEM [&hellip;]<\/p>\n","protected":false,"gt_translate_keys":[{"key":"rendered","format":"html"}]},"author":51,"featured_media":295279,"comment_status":"open","ping_status":"open","sticky":false,"template":"","format":"standard","meta":{"footnotes":""},"categories":[6],"tags":[],"class_list":["post-295278","post","type-post","status-publish","format-standard","has-post-thumbnail","hentry","category-nderkombetare"],"gt_translate_keys":[{"key":"link","format":"url"}],"_links":{"self":[{"href":"https:\/\/www.hashtag.al\/index.php\/wp-json\/wp\/v2\/posts\/295278","targetHints":{"allow":["GET"]}}],"collection":[{"href":"https:\/\/www.hashtag.al\/index.php\/wp-json\/wp\/v2\/posts"}],"about":[{"href":"https:\/\/www.hashtag.al\/index.php\/wp-json\/wp\/v2\/types\/post"}],"author":[{"embeddable":true,"href":"https:\/\/www.hashtag.al\/index.php\/wp-json\/wp\/v2\/users\/51"}],"replies":[{"embeddable":true,"href":"https:\/\/www.hashtag.al\/index.php\/wp-json\/wp\/v2\/comments?post=295278"}],"version-history":[{"count":0,"href":"https:\/\/www.hashtag.al\/index.php\/wp-json\/wp\/v2\/posts\/295278\/revisions"}],"wp:featuredmedia":[{"embeddable":true,"href":"https:\/\/www.hashtag.al\/index.php\/wp-json\/wp\/v2\/media\/295279"}],"wp:attachment":[{"href":"https:\/\/www.hashtag.al\/index.php\/wp-json\/wp\/v2\/media?parent=295278"}],"wp:term":[{"taxonomy":"category","embeddable":true,"href":"https:\/\/www.hashtag.al\/index.php\/wp-json\/wp\/v2\/categories?post=295278"},{"taxonomy":"post_tag","embeddable":true,"href":"https:\/\/www.hashtag.al\/index.php\/wp-json\/wp\/v2\/tags?post=295278"}],"curies":[{"name":"wp","href":"https:\/\/api.w.org\/{rel}","templated":true}]}}