{"id":295184,"date":"2019-05-07T16:56:53","date_gmt":"2019-05-07T14:56:53","guid":{"rendered":"https:\/\/hashtag.al\/?p=295184"},"modified":"2019-05-07T16:56:53","modified_gmt":"2019-05-07T14:56:53","slug":"zedhenesi-i-metes-reagon-ndaj-shahinit-ministrja-te-ndjeke-ligjin-nese-nuk-eshte-dakord-me-argumentet-e-presidentit","status":"publish","type":"post","link":"https:\/\/www.hashtag.al\/index.php\/2019\/05\/07\/zedhenesi-i-metes-reagon-ndaj-shahinit-ministrja-te-ndjeke-ligjin-nese-nuk-eshte-dakord-me-argumentet-e-presidentit\/","title":{"rendered":"Z\u00ebdh\u00ebn\u00ebsi i Met\u00ebs reagon ndaj Shahinit: Ministrja t\u00eb ndjek\u00eb ligjin n\u00ebse nuk \u00ebsht\u00eb dakord me argumentet e Presidentit","gt_translate_keys":[{"key":"rendered","format":"text"}]},"content":{"rendered":"<p><img loading=\"lazy\" decoding=\"async\" class=\"aligncenter size-full wp-image-294953\" src=\"https:\/\/hashtag.al\/wp-content\/uploads\/2019\/05\/metashahinikkoni-1.jpg\" alt=\"\" width=\"2000\" height=\"1030\" srcset=\"https:\/\/www.hashtag.al\/wp-content\/uploads\/2019\/05\/metashahinikkoni-1.jpg 2000w, https:\/\/www.hashtag.al\/wp-content\/uploads\/2019\/05\/metashahinikkoni-1-300x155.jpg 300w, https:\/\/www.hashtag.al\/wp-content\/uploads\/2019\/05\/metashahinikkoni-1-768x396.jpg 768w, https:\/\/www.hashtag.al\/wp-content\/uploads\/2019\/05\/metashahinikkoni-1-1024x527.jpg 1024w\" sizes=\"auto, (max-width: 2000px) 100vw, 2000px\" \/><\/p>\n<p><span style=\"color: #000000;\">Z\u00ebdh\u00ebni i Presidentit Tedi Blushi ka reaguar pas deklarat\u00ebs s\u00eb Ministres Shanini kundrejt vendimit t\u00eb kreut t\u00eb Shtetit Ilir Meta p\u00ebr rektorin Koni.<\/span><\/p>\n<p><span style=\"color: #000000;\">Sipas z\u00ebdh\u00ebn\u00ebsit, Meta ka folur me argumente ligjore duke rr\u00ebzuar propozimin p\u00ebr shkarkimin e Rektorit Mynyr Koni.<\/span><\/p>\n<p><span style=\"color: #000000;\">M\u00eb tej n\u00eb reagimin e tij, Blushi shkruan se Ministrja t\u00eb vazhdoj\u00eb me procedurat ligjore dhe t\u00eb lej\u00eb retorikat boshe n\u00ebse nuk \u00ebsht\u00eb dakord me argumentet e Presidentit.<\/span><\/p>\n<p><span style=\"color: #000000;\">\u201c<em>Presidenti i Republik\u00ebs, Sh.T.Z Ilir Meta n\u00eb dekretin e tij p\u00ebr rr\u00ebzimin e propozimit p\u00ebr shkarkimin e rektorit t\u00eb Universitetit t\u00eb Tiran\u00ebs, z.Mynyr Koni ka folur me argumente ligjor\u00eb m\u00eb gjat\u00eb se kurdoher\u00eb tjet\u00ebr. <\/em><\/span><\/p>\n<p><span style=\"color: #000000;\"><em>Ministria e Arsimit duhet t\u00eb mbaj\u00eb p\u00ebrgjegj\u00ebsin\u00eb e saj t\u00eb plot\u00eb p\u00ebr zbatimin e Reform\u00ebs n\u00eb Arsimin e Lart\u00eb dhe n\u00ebse nuk \u00ebsht\u00eb dakord me argumentet ligjor\u00eb t\u00eb b\u00ebra publike nga Presidenti, t\u00eb ndjek\u00eb procedur\u00ebn q\u00eb dikton ligji, p\u00ebrtej retorikave boshe.<\/em><\/span><\/p>\n<p><span style=\"color: #000000;\"><em>Institucionet e Arsimit t\u00eb Lart\u00eb jan\u00eb autonome dhe askush nuk duhet t\u00eb guxoj\u00eb t\u00eb prek\u00eb pavar\u00ebsin\u00eb e tyre<\/em>\u201d-thuhet n\u00eb reagimin e z\u00ebdh\u00ebn\u00ebsit t\u00eb Presidentit.<\/span><\/p>\n","protected":false,"gt_translate_keys":[{"key":"rendered","format":"html"}]},"excerpt":{"rendered":"<p>Z\u00ebdh\u00ebni i Presidentit Tedi Blushi ka reaguar pas deklarat\u00ebs s\u00eb Ministres Shanini kundrejt vendimit t\u00eb kreut t\u00eb Shtetit Ilir Meta p\u00ebr rektorin Koni. Sipas z\u00ebdh\u00ebn\u00ebsit, Meta ka folur me argumente ligjore duke rr\u00ebzuar propozimin p\u00ebr shkarkimin e Rektorit Mynyr Koni. M\u00eb tej n\u00eb reagimin e tij, Blushi shkruan se Ministrja t\u00eb vazhdoj\u00eb me procedurat ligjore [&hellip;]<\/p>\n","protected":false,"gt_translate_keys":[{"key":"rendered","format":"html"}]},"author":32,"featured_media":295186,"comment_status":"open","ping_status":"open","sticky":false,"template":"","format":"standard","meta":{"footnotes":""},"categories":[65],"tags":[],"class_list":["post-295184","post","type-post","status-publish","format-standard","has-post-thumbnail","hentry","category-lajme"],"gt_translate_keys":[{"key":"link","format":"url"}],"_links":{"self":[{"href":"https:\/\/www.hashtag.al\/index.php\/wp-json\/wp\/v2\/posts\/295184","targetHints":{"allow":["GET"]}}],"collection":[{"href":"https:\/\/www.hashtag.al\/index.php\/wp-json\/wp\/v2\/posts"}],"about":[{"href":"https:\/\/www.hashtag.al\/index.php\/wp-json\/wp\/v2\/types\/post"}],"author":[{"embeddable":true,"href":"https:\/\/www.hashtag.al\/index.php\/wp-json\/wp\/v2\/users\/32"}],"replies":[{"embeddable":true,"href":"https:\/\/www.hashtag.al\/index.php\/wp-json\/wp\/v2\/comments?post=295184"}],"version-history":[{"count":0,"href":"https:\/\/www.hashtag.al\/index.php\/wp-json\/wp\/v2\/posts\/295184\/revisions"}],"wp:featuredmedia":[{"embeddable":true,"href":"https:\/\/www.hashtag.al\/index.php\/wp-json\/wp\/v2\/media\/295186"}],"wp:attachment":[{"href":"https:\/\/www.hashtag.al\/index.php\/wp-json\/wp\/v2\/media?parent=295184"}],"wp:term":[{"taxonomy":"category","embeddable":true,"href":"https:\/\/www.hashtag.al\/index.php\/wp-json\/wp\/v2\/categories?post=295184"},{"taxonomy":"post_tag","embeddable":true,"href":"https:\/\/www.hashtag.al\/index.php\/wp-json\/wp\/v2\/tags?post=295184"}],"curies":[{"name":"wp","href":"https:\/\/api.w.org\/{rel}","templated":true}]}}