{"id":295061,"date":"2019-05-07T10:13:49","date_gmt":"2019-05-07T08:13:49","guid":{"rendered":"https:\/\/hashtag.al\/?p=295061"},"modified":"2019-05-07T10:14:47","modified_gmt":"2019-05-07T08:14:47","slug":"mynyr-koni-kthehet-ne-detyre-meta-qendrim-prej-shtetari-ndryshe-nga-shahini-e-gjeti-kohen","status":"publish","type":"post","link":"https:\/\/www.hashtag.al\/index.php\/2019\/05\/07\/mynyr-koni-kthehet-ne-detyre-meta-qendrim-prej-shtetari-ndryshe-nga-shahini-e-gjeti-kohen\/","title":{"rendered":"Mynyr Koni kthehet n\u00eb detyr\u00eb: Meta q\u00ebndrim prej shtetari, ndryshe nga Shahini e gjeti koh\u00ebn","gt_translate_keys":[{"key":"rendered","format":"text"}]},"content":{"rendered":"<p><img loading=\"lazy\" decoding=\"async\" class=\"aligncenter size-full wp-image-295062\" src=\"https:\/\/hashtag.al\/wp-content\/uploads\/2019\/05\/M.Koni_.jpg\" alt=\"\" width=\"1448\" height=\"504\" srcset=\"https:\/\/www.hashtag.al\/wp-content\/uploads\/2019\/05\/M.Koni_.jpg 1448w, https:\/\/www.hashtag.al\/wp-content\/uploads\/2019\/05\/M.Koni_-300x104.jpg 300w, https:\/\/www.hashtag.al\/wp-content\/uploads\/2019\/05\/M.Koni_-768x267.jpg 768w, https:\/\/www.hashtag.al\/wp-content\/uploads\/2019\/05\/M.Koni_-1024x356.jpg 1024w\" sizes=\"auto, (max-width: 1448px) 100vw, 1448px\" \/><\/p>\n<p><span style=\"color: #000000;\">Pas vendimit t\u00eb presidentit t\u00eb Republik\u00ebs Ilir Meta, p\u00ebr t\u00eb rikthyer Mynyr Konin n\u00eb postin e rektorit t\u00eb Universitetit t\u00eb Tiran\u00ebs, ky i fundit e ka vler\u00ebsuar maksimalisht dekretin e kreut t\u00eb shtetit.<\/span><\/p>\n<p><span style=\"color: #000000;\">Koni thot\u00eb se ndryshe nga ministrja Shahini, presidenti e gjeti koh\u00ebn p\u00ebr ta pritur dhe d\u00ebgjuar at\u00eb. Tre jav\u00eb pas pezullimit, Koni \u00ebsht\u00eb rikthyer n\u00eb detyr\u00eb.<\/span><\/p>\n<p><em><span style=\"color: #000000;\">&#8220;Un\u00eb kam qen\u00eb i pezulluar p\u00ebr tre jav\u00eb dhe sot pas dekretit t\u00eb presidentit t\u00eb Republik\u00ebs un\u00eb vazhdoj p\u00ebrs\u00ebri t\u00eb ushtroj kopetencat e Rektorit t\u00eb Tiran\u00ebs.<\/span><\/em><\/p>\n<p><em><span style=\"color: #000000;\">Dekretin e presidentin Ilir Meta si dhe relacionin shpjegues t\u00eb tij, e vler\u00ebsoj n\u00eb m\u00ebnyr\u00ebn maksimale me q\u00ebndrim shtetari me p\u00ebrmasat e nj\u00eb politikani q\u00eb mbrojti dhe siguroi autonomin\u00eb institucionale dhe garantoi lirin\u00eb akademike, t\u00eb drejta t\u00eb fituara nga ana kushtetuese.<\/span><\/em><\/p>\n<p><em><span style=\"color: #000000;\">Garantoj presidentin dhe gjith\u00eb strukturat e Universitetit q\u00eb do punoj me p\u00ebrkushtueshm\u00ebri n\u00eb zbatim t\u00eb ligjit p\u00ebr Universitetin e Tiran\u00ebs.<\/span><\/em><\/p>\n<p><em><span style=\"color: #000000;\">\u00cbsht\u00eb minimale, ministrja nuk gjeti koh\u00ebn dhe hap\u00ebsir\u00ebn p\u00ebr t\u00eb m\u00eb pritur dhe takuar n\u00eb lidhje me shkeljet e pretenduara nga ana e saj. Presidenti e gjeti koh\u00ebn, m\u00eb d\u00ebgjoi dhe vler\u00ebsoi dhe i paraqita dhe informacionet e tjera p\u00ebr t\u00eb shpjeguar pretendimet e zonj\u00ebs ministre.<\/span><\/em><\/p>\n<p><span style=\"color: #000000;\"><em>Nga analiza shteruese q\u00eb ka b\u00ebr\u00eb presidenti i Republik\u00ebs, kjo \u00ebsht\u00eb nj\u00eb nd\u00ebrhyrje e drejtp\u00ebrdrejt\u00eb n\u00eb veprimtarin\u00eb e nj\u00eb institucioni, t\u00eb rektoratit t\u00eb Tiran\u00ebs dhe Universitetit t\u00eb Tiran\u00ebs.&#8221;,<\/em> tha Koni, p\u00ebr kamer\u00ebn e &#8220;Ora News&#8221;.<\/span><\/p>\n<p><span style=\"color: #000000;\">Mes t\u00eb tjerash, Koni tha se pavar\u00ebsisht vendimit t\u00eb Shahinit p\u00ebr ta pezulluar, ai do bashk\u00ebpunoj\u00eb me t\u00eb.<\/span><\/p>\n<p><span style=\"color: #000000;\"><em>&#8220;Marr p\u00ebrsip\u00ebr q\u00eb n\u00eb \u00e7do moment t\u00eb jem i gatsh\u00ebm p\u00ebr t\u00eb bashk\u00ebpunuar, p\u00ebr ta \u00e7uar m\u00eb tutje, p\u00ebr ta thelluar Reform\u00ebn e Arsimit t\u00eb Lart\u00eb.&#8221;,<\/em> thot\u00eb Koni.<\/span><\/p>\n<p><span style=\"color: #000000;\">Presidenti Meta, rr\u00ebzoi dje vendimin e Shahinit p\u00ebr pezullimin e Konit nga detyra. Sipas kreut t\u00eb shtetit, vendimi i marr\u00eb nga ministrja Shahini ka pasur nj\u00eb s\u00ebr\u00eb shkeljesh t\u00eb cilat i ka renditur n\u00eb argumentimin e publikuar n\u00eb dekretin e firmosur prej tij.<\/span><\/p>\n","protected":false,"gt_translate_keys":[{"key":"rendered","format":"html"}]},"excerpt":{"rendered":"<p>Pas vendimit t\u00eb presidentit t\u00eb Republik\u00ebs Ilir Meta, p\u00ebr t\u00eb rikthyer Mynyr Konin n\u00eb postin e rektorit t\u00eb Universitetit t\u00eb Tiran\u00ebs, ky i fundit e ka vler\u00ebsuar maksimalisht dekretin e kreut t\u00eb shtetit. Koni thot\u00eb se ndryshe nga ministrja Shahini, presidenti e gjeti koh\u00ebn p\u00ebr ta pritur dhe d\u00ebgjuar at\u00eb. Tre jav\u00eb pas pezullimit, Koni [&hellip;]<\/p>\n","protected":false,"gt_translate_keys":[{"key":"rendered","format":"html"}]},"author":30,"featured_media":295062,"comment_status":"open","ping_status":"open","sticky":false,"template":"","format":"standard","meta":{"footnotes":""},"categories":[65,13],"tags":[],"class_list":["post-295061","post","type-post","status-publish","format-standard","has-post-thumbnail","hentry","category-lajme","category-te-fundit"],"gt_translate_keys":[{"key":"link","format":"url"}],"_links":{"self":[{"href":"https:\/\/www.hashtag.al\/index.php\/wp-json\/wp\/v2\/posts\/295061","targetHints":{"allow":["GET"]}}],"collection":[{"href":"https:\/\/www.hashtag.al\/index.php\/wp-json\/wp\/v2\/posts"}],"about":[{"href":"https:\/\/www.hashtag.al\/index.php\/wp-json\/wp\/v2\/types\/post"}],"author":[{"embeddable":true,"href":"https:\/\/www.hashtag.al\/index.php\/wp-json\/wp\/v2\/users\/30"}],"replies":[{"embeddable":true,"href":"https:\/\/www.hashtag.al\/index.php\/wp-json\/wp\/v2\/comments?post=295061"}],"version-history":[{"count":0,"href":"https:\/\/www.hashtag.al\/index.php\/wp-json\/wp\/v2\/posts\/295061\/revisions"}],"wp:featuredmedia":[{"embeddable":true,"href":"https:\/\/www.hashtag.al\/index.php\/wp-json\/wp\/v2\/media\/295062"}],"wp:attachment":[{"href":"https:\/\/www.hashtag.al\/index.php\/wp-json\/wp\/v2\/media?parent=295061"}],"wp:term":[{"taxonomy":"category","embeddable":true,"href":"https:\/\/www.hashtag.al\/index.php\/wp-json\/wp\/v2\/categories?post=295061"},{"taxonomy":"post_tag","embeddable":true,"href":"https:\/\/www.hashtag.al\/index.php\/wp-json\/wp\/v2\/tags?post=295061"}],"curies":[{"name":"wp","href":"https:\/\/api.w.org\/{rel}","templated":true}]}}