{"id":294842,"date":"2019-05-06T10:54:36","date_gmt":"2019-05-06T08:54:36","guid":{"rendered":"https:\/\/hashtag.al\/?p=294842"},"modified":"2019-05-06T11:13:30","modified_gmt":"2019-05-06T09:13:30","slug":"perfaqesues-te-larte-te-ballkanit-perendimor-mblidhen-ne-sarajeve","status":"publish","type":"post","link":"https:\/\/www.hashtag.al\/index.php\/2019\/05\/06\/perfaqesues-te-larte-te-ballkanit-perendimor-mblidhen-ne-sarajeve\/","title":{"rendered":"P\u00ebrfaq\u00ebsues t\u00eb lart\u00eb t\u00eb Ballkanit Per\u00ebndimor mblidhen n\u00eb Sarajev\u00eb","gt_translate_keys":[{"key":"rendered","format":"text"}]},"content":{"rendered":"<p><img loading=\"lazy\" decoding=\"async\" class=\"aligncenter size-full wp-image-294843\" src=\"https:\/\/hashtag.al\/wp-content\/uploads\/2019\/05\/samitisarajeve.png\" alt=\"\" width=\"1920\" height=\"719\" srcset=\"https:\/\/www.hashtag.al\/wp-content\/uploads\/2019\/05\/samitisarajeve.png 1920w, https:\/\/www.hashtag.al\/wp-content\/uploads\/2019\/05\/samitisarajeve-300x112.png 300w, https:\/\/www.hashtag.al\/wp-content\/uploads\/2019\/05\/samitisarajeve-768x288.png 768w, https:\/\/www.hashtag.al\/wp-content\/uploads\/2019\/05\/samitisarajeve-1024x383.png 1024w\" sizes=\"auto, (max-width: 1920px) 100vw, 1920px\" \/><\/p>\n<p><span style=\"color: #000000;\">N\u00eb prag t\u00eb Mbledhjes Vjetore t\u00eb Bank\u00ebs Europiane p\u00ebr Rind\u00ebrtim dhe Zhvillim, q\u00eb do t\u00eb zhvillohet n\u00eb Sarajev\u00eb nga 7-9 maj, m\u00eb shum\u00eb se 2000 p\u00ebrfaq\u00ebsues t\u00eb komunitetit nd\u00ebrkomb\u00ebtar t\u00eb biznesit e investimeve, zyrtar\u00eb t\u00eb lart\u00eb administrativ\u00eb, si guvernator\u00eb t\u00eb BERZH, ministra finance, ekonomist\u00eb, drejtor\u00eb thesari\u00a0 ose guvernator\u00eb bankash qendrore dhe p\u00ebrfaq\u00ebsues t\u00eb organizatave t\u00eb shoq\u00ebris\u00eb civile, po b\u00ebhen gati t\u00eb vizitojn\u00eb Bosnje-Hercegovin\u00ebn.<\/span><\/p>\n<p><span style=\"color: #000000;\">Ky event i r\u00ebnd\u00ebsish\u00ebm sjell mund\u00ebsi t\u00eb m\u00ebdha p\u00ebr t\u00eb gjitha vendet e rajonit, nj\u00eb fakt ky q\u00eb pranohet nga drejtuesit e gjasht\u00eb vendeve t\u00eb Ballkanit Per\u00ebndimor. N\u00eb kuadrin e k\u00ebtij takimi, Bosnje-Hercegovia do t\u00eb mir\u00ebpres\u00eb Presidentin e Malit t\u00eb Zi, Milo Xhukanovi\u00e7, Kryeministrin e Shqip\u00ebris\u00eb, Edi Rama, Presidentin e Kosov\u00ebs, Hashim Tha\u00e7i, Presidentin e Serbis\u00eb, Aleksandar Vu\u00e7i\u00e7 dhe Kryeministrin e Maqedonis\u00eb Veriore, Zoran Zaev. Bosnje-Hercegovina do t\u00eb p\u00ebrfaq\u00ebsohen nga Kryetari i K\u00ebshillit t\u00eb Ministrave, Denis Zvizdi\u00e7.<\/span><\/p>\n<p><img loading=\"lazy\" decoding=\"async\" class=\"aligncenter size-full wp-image-294844\" src=\"https:\/\/hashtag.al\/wp-content\/uploads\/2019\/05\/sarajeva.jpg\" alt=\"\" width=\"2048\" height=\"1397\" srcset=\"https:\/\/www.hashtag.al\/wp-content\/uploads\/2019\/05\/sarajeva.jpg 2048w, https:\/\/www.hashtag.al\/wp-content\/uploads\/2019\/05\/sarajeva-300x205.jpg 300w, https:\/\/www.hashtag.al\/wp-content\/uploads\/2019\/05\/sarajeva-768x524.jpg 768w, https:\/\/www.hashtag.al\/wp-content\/uploads\/2019\/05\/sarajeva-1024x699.jpg 1024w\" sizes=\"auto, (max-width: 2048px) 100vw, 2048px\" \/><\/p>\n<p><span style=\"color: #000000;\">Drejtuesit e vendeve t\u00eb Ballkanit Per\u00ebndimor do t\u00eb diskutojn\u00eb nj\u00eb mori temash t\u00eb natyr\u00ebs ekonomike e politike, thelb\u00ebsore p\u00ebr gjith\u00eb rajonin. Programi kan\u00eb fokus nj\u00eb tem\u00eb t\u00eb r\u00ebnd\u00ebsis\u00eb s\u00eb ve\u00e7ant\u00eb p\u00ebr t\u00eb gjith\u00eb pjes\u00ebmarr\u00ebsit: &#8220;Lidhja e ekonomive p\u00eb rrritje t\u00eb q\u00ebndrueshme\u201d dhe do t\u00eb mbuloj\u00eb nj\u00eb s\u00ebr\u00eb temash dhe problemesh, q\u00eb lidhen me vendet e rajonit. Nj\u00eb prej prezantimeve m\u00eb t\u00eb r\u00ebnd\u00ebsishme do t\u00eb jet\u00eb ai q\u00eb lidhet me mund\u00ebsit\u00eb e investimeve n\u00eb Ballkanin Per\u00ebndimor.<\/span><\/p>\n<p><span style=\"color: #000000;\">Kush d\u00ebshiron t\u00eb dij\u00eb m\u00eb shum\u00eb p\u00ebr Mbledhjen Vjetore t\u00eb BERZH-it, mund t\u00eb shikoj\u00eb <span style=\"color: #0000ff;\"><strong><a style=\"color: #0000ff;\" href=\"https:\/\/am.ebrd-sarajevo.ba\/en\/\">K\u00cbTU.<\/a><\/strong><\/span><\/span><\/p>\n","protected":false,"gt_translate_keys":[{"key":"rendered","format":"html"}]},"excerpt":{"rendered":"<p>N\u00eb prag t\u00eb Mbledhjes Vjetore t\u00eb Bank\u00ebs Europiane p\u00ebr Rind\u00ebrtim dhe Zhvillim, q\u00eb do t\u00eb zhvillohet n\u00eb Sarajev\u00eb nga 7-9 maj, m\u00eb shum\u00eb se 2000 p\u00ebrfaq\u00ebsues t\u00eb komunitetit nd\u00ebrkomb\u00ebtar t\u00eb biznesit e investimeve, zyrtar\u00eb t\u00eb lart\u00eb administrativ\u00eb, si guvernator\u00eb t\u00eb BERZH, ministra finance, ekonomist\u00eb, drejtor\u00eb thesari\u00a0 ose guvernator\u00eb bankash qendrore dhe p\u00ebrfaq\u00ebsues t\u00eb organizatave t\u00eb [&hellip;]<\/p>\n","protected":false,"gt_translate_keys":[{"key":"rendered","format":"html"}]},"author":6,"featured_media":294843,"comment_status":"open","ping_status":"open","sticky":false,"template":"","format":"standard","meta":{"footnotes":""},"categories":[65,13],"tags":[],"class_list":["post-294842","post","type-post","status-publish","format-standard","has-post-thumbnail","hentry","category-lajme","category-te-fundit"],"gt_translate_keys":[{"key":"link","format":"url"}],"_links":{"self":[{"href":"https:\/\/www.hashtag.al\/index.php\/wp-json\/wp\/v2\/posts\/294842","targetHints":{"allow":["GET"]}}],"collection":[{"href":"https:\/\/www.hashtag.al\/index.php\/wp-json\/wp\/v2\/posts"}],"about":[{"href":"https:\/\/www.hashtag.al\/index.php\/wp-json\/wp\/v2\/types\/post"}],"author":[{"embeddable":true,"href":"https:\/\/www.hashtag.al\/index.php\/wp-json\/wp\/v2\/users\/6"}],"replies":[{"embeddable":true,"href":"https:\/\/www.hashtag.al\/index.php\/wp-json\/wp\/v2\/comments?post=294842"}],"version-history":[{"count":0,"href":"https:\/\/www.hashtag.al\/index.php\/wp-json\/wp\/v2\/posts\/294842\/revisions"}],"wp:featuredmedia":[{"embeddable":true,"href":"https:\/\/www.hashtag.al\/index.php\/wp-json\/wp\/v2\/media\/294843"}],"wp:attachment":[{"href":"https:\/\/www.hashtag.al\/index.php\/wp-json\/wp\/v2\/media?parent=294842"}],"wp:term":[{"taxonomy":"category","embeddable":true,"href":"https:\/\/www.hashtag.al\/index.php\/wp-json\/wp\/v2\/categories?post=294842"},{"taxonomy":"post_tag","embeddable":true,"href":"https:\/\/www.hashtag.al\/index.php\/wp-json\/wp\/v2\/tags?post=294842"}],"curies":[{"name":"wp","href":"https:\/\/api.w.org\/{rel}","templated":true}]}}