{"id":294397,"date":"2019-05-03T21:34:31","date_gmt":"2019-05-03T19:34:31","guid":{"rendered":"https:\/\/hashtag.al\/?p=294397"},"modified":"2019-05-03T21:34:31","modified_gmt":"2019-05-03T19:34:31","slug":"te-dielen-votohet-balotazhi-ne-zgjedhjet-presidenciale-ne-maqedonine-e-veriut","status":"publish","type":"post","link":"https:\/\/www.hashtag.al\/index.php\/2019\/05\/03\/te-dielen-votohet-balotazhi-ne-zgjedhjet-presidenciale-ne-maqedonine-e-veriut\/","title":{"rendered":"T\u00eb diel\u00ebn votohet balotazhi n\u00eb zgjedhjet presidenciale n\u00eb Maqedonin\u00eb e Veriut","gt_translate_keys":[{"key":"rendered","format":"text"}]},"content":{"rendered":"<p><img loading=\"lazy\" decoding=\"async\" class=\"aligncenter size-full wp-image-294398\" src=\"https:\/\/hashtag.al\/wp-content\/uploads\/2019\/05\/Panderovski.jpg\" alt=\"\" width=\"940\" height=\"529\" srcset=\"https:\/\/www.hashtag.al\/wp-content\/uploads\/2019\/05\/Panderovski.jpg 940w, https:\/\/www.hashtag.al\/wp-content\/uploads\/2019\/05\/Panderovski-300x169.jpg 300w, https:\/\/www.hashtag.al\/wp-content\/uploads\/2019\/05\/Panderovski-768x432.jpg 768w\" sizes=\"auto, (max-width: 940px) 100vw, 940px\" \/><\/p>\n<p><span style=\"color: #000000;\">Nga mesnata, fillon heshtja zgjedhore p\u00ebr raundin e dyt\u00eb, q\u00eb ka vendosur p\u00ebrball\u00eb nj\u00ebri tjetrit kandidatin pro per\u00ebndimore, Stevo Pendarovski dhe rivalen Gordana Siljanovska Davkova, q\u00eb u rendit\u00ebn t\u00eb par\u00ebt t\u00eb raundin e par\u00eb. T\u00eb dy kandidat\u00ebt pat\u00ebn nj\u00eb diferenc\u00eb t\u00eb vog\u00ebl votash, me Pendarovskin q\u00eb mori 42.8 p\u00ebr qind t\u00eb votave nd\u00ebrsa kandidatja e VMRO-DPMNE me 42.2 p\u00ebr qind.<\/span><\/p>\n<p><span style=\"color: #000000;\">N\u00eb raundin e par\u00eb, marr\u00ebveshja e Presp\u00ebs me Greqin\u00eb, q\u00eb e shnd\u00ebrroi ish republik\u00ebn jugosllave t\u00eb Maqedonis\u00eb n\u00eb Maqedonin\u00eb e Veriut, ishte tema kryesore. Ndryshimi i emrit ka ringjallur aspiratat evropiane nd\u00ebrsa nacionalist\u00ebt thon\u00eb se vendit i \u00ebsht\u00eb c\u00ebnuar dinjiteti.<\/span><\/p>\n<p><span style=\"color: #000000;\">\u201cKund\u00ebrshtarja ime nuk ka si q\u00ebllim ta \u00e7oj\u00eb vendin n\u00eb Evrop\u00eb. Ajo p\u00ebrfaq\u00ebson interesat e familjes s\u00eb saj dhe VMRO-DPMNE, dhe ka th\u00ebn\u00eb se do t\u00eb rishikoj\u00eb gj\u00ebrat e mira q\u00eb kemi b\u00ebr\u00eb, q\u00eb do t\u00eb ndryshoj\u00eb, anuloje dhe rifilloj\u00eb negociatat s\u00ebrish\u201d, tha Pendarovski.<\/span><\/p>\n<p><span style=\"color: #000000;\">Ai vjen me mesazhe pro evropiane, por kund\u00ebrshtohet nga Siljanovska Davkova q\u00eb ka k\u00ebrkuar q\u00eb marr\u00ebveshja e Presp\u00ebs t\u00eb ndryshoj\u00eb duke e quajtur at\u00eb degraduese.<\/span><\/p>\n<p><span style=\"color: #000000;\">\u201cSi presidente dhe personalisht nuk do t\u00eb mund t\u00eb p\u00ebrdor emrin republika e Maqedonis\u00eb s\u00eb Veriut. Un\u00eb mendoj se ky \u00ebsht\u00eb nj\u00eb dhunim i procesit, i t\u00eb drejt\u00ebs nd\u00ebrkomb\u00ebtare, i kushtetut\u00ebs s\u00eb republik\u00ebs s\u00eb Maqedonis\u00eb. Ndaj un\u00eb do t\u00eb p\u00ebrdor emrin republika e Maqedonis\u00eb\u201d, tha Gordana Siljanovska-Davkova.<\/span><\/p>\n<p><span style=\"color: #000000;\">Roli i presidentit n\u00eb Maqedonin\u00eb e Veriut, \u00ebsht\u00eb kryesisht ceremonial. Ai apo ajo \u00ebsht\u00eb komandant suprem i forcave t\u00eb armatosura dhe n\u00ebnshkruan legjislacionin parlamentar.<\/span><\/p>\n","protected":false,"gt_translate_keys":[{"key":"rendered","format":"html"}]},"excerpt":{"rendered":"<p>Nga mesnata, fillon heshtja zgjedhore p\u00ebr raundin e dyt\u00eb, q\u00eb ka vendosur p\u00ebrball\u00eb nj\u00ebri tjetrit kandidatin pro per\u00ebndimore, Stevo Pendarovski dhe rivalen Gordana Siljanovska Davkova, q\u00eb u rendit\u00ebn t\u00eb par\u00ebt t\u00eb raundin e par\u00eb. T\u00eb dy kandidat\u00ebt pat\u00ebn nj\u00eb diferenc\u00eb t\u00eb vog\u00ebl votash, me Pendarovskin q\u00eb mori 42.8 p\u00ebr qind t\u00eb votave nd\u00ebrsa kandidatja e [&hellip;]<\/p>\n","protected":false,"gt_translate_keys":[{"key":"rendered","format":"html"}]},"author":32,"featured_media":294398,"comment_status":"open","ping_status":"open","sticky":false,"template":"","format":"standard","meta":{"footnotes":""},"categories":[149,13],"tags":[],"class_list":["post-294397","post","type-post","status-publish","format-standard","has-post-thumbnail","hentry","category-kosoverajon","category-te-fundit"],"gt_translate_keys":[{"key":"link","format":"url"}],"_links":{"self":[{"href":"https:\/\/www.hashtag.al\/index.php\/wp-json\/wp\/v2\/posts\/294397","targetHints":{"allow":["GET"]}}],"collection":[{"href":"https:\/\/www.hashtag.al\/index.php\/wp-json\/wp\/v2\/posts"}],"about":[{"href":"https:\/\/www.hashtag.al\/index.php\/wp-json\/wp\/v2\/types\/post"}],"author":[{"embeddable":true,"href":"https:\/\/www.hashtag.al\/index.php\/wp-json\/wp\/v2\/users\/32"}],"replies":[{"embeddable":true,"href":"https:\/\/www.hashtag.al\/index.php\/wp-json\/wp\/v2\/comments?post=294397"}],"version-history":[{"count":0,"href":"https:\/\/www.hashtag.al\/index.php\/wp-json\/wp\/v2\/posts\/294397\/revisions"}],"wp:featuredmedia":[{"embeddable":true,"href":"https:\/\/www.hashtag.al\/index.php\/wp-json\/wp\/v2\/media\/294398"}],"wp:attachment":[{"href":"https:\/\/www.hashtag.al\/index.php\/wp-json\/wp\/v2\/media?parent=294397"}],"wp:term":[{"taxonomy":"category","embeddable":true,"href":"https:\/\/www.hashtag.al\/index.php\/wp-json\/wp\/v2\/categories?post=294397"},{"taxonomy":"post_tag","embeddable":true,"href":"https:\/\/www.hashtag.al\/index.php\/wp-json\/wp\/v2\/tags?post=294397"}],"curies":[{"name":"wp","href":"https:\/\/api.w.org\/{rel}","templated":true}]}}