{"id":294077,"date":"2019-05-02T18:29:59","date_gmt":"2019-05-02T16:29:59","guid":{"rendered":"https:\/\/hashtag.al\/?p=294077"},"modified":"2019-05-02T18:31:55","modified_gmt":"2019-05-02T16:31:55","slug":"kryemadhi-ky-sistem-do-shembet-largimi-i-rames-dhe-zgjedhjet-e-lira-te-panegociueshme","status":"publish","type":"post","link":"https:\/\/www.hashtag.al\/index.php\/2019\/05\/02\/kryemadhi-ky-sistem-do-shembet-largimi-i-rames-dhe-zgjedhjet-e-lira-te-panegociueshme\/","title":{"rendered":"Kryemadhi: Ky sistem do shembet, largimi i Ram\u00ebs dhe zgjedhjet e lira t\u00eb panegociueshme","gt_translate_keys":[{"key":"rendered","format":"text"}]},"content":{"rendered":"<p><img loading=\"lazy\" decoding=\"async\" class=\"aligncenter size-full wp-image-294078\" src=\"https:\/\/hashtag.al\/wp-content\/uploads\/2019\/05\/Kryemadhi.jpg\" alt=\"\" width=\"1269\" height=\"667\" srcset=\"https:\/\/www.hashtag.al\/wp-content\/uploads\/2019\/05\/Kryemadhi.jpg 1269w, https:\/\/www.hashtag.al\/wp-content\/uploads\/2019\/05\/Kryemadhi-300x158.jpg 300w, https:\/\/www.hashtag.al\/wp-content\/uploads\/2019\/05\/Kryemadhi-768x404.jpg 768w, https:\/\/www.hashtag.al\/wp-content\/uploads\/2019\/05\/Kryemadhi-1024x538.jpg 1024w\" sizes=\"auto, (max-width: 1269px) 100vw, 1269px\" \/><\/p>\n<p><span style=\"color: #000000;\">Kryetarja e LSI-s\u00eb, Kryemadhi, ka deklaruar se opozita e bashkuar nuk do b\u00ebj\u00eb asnj\u00eb hap pas deri n\u00eb largimin e Ram\u00ebs dhe zhvillimin e zgjedhjeve t\u00eb lira e t\u00eb ndershme. <\/span><\/p>\n<p><span style=\"color: #000000;\">Nd\u00ebrsa theksoi se sistemi aktual duhej shembur p\u00ebr t\u2019i hapur rrug\u00ebn zhvillimit t\u00eb vendit dhe afrimit t\u00eb tij me BE-n\u00eb.<\/span><\/p>\n<p><span style=\"color: #000000;\"><em>\u201cUn\u00eb do doja q\u00eb t\u00eb mos kishte p\u00ebrshkall\u00ebzim t\u00eb protest\u00ebs. Do doja t\u00eb shihja nj\u00eb reagim nga ana e Partis\u00eb Socialiste. K\u00ebta s\u2019e kan\u00eb kuptuar se mosbindja civile nuk ka nisur ende. Shqip\u00ebria ka sot 500 mij\u00eb t\u00eb shp\u00ebrngulur, \u00ebsht\u00eb nj\u00eb genocid i heshtur. Rama \u00ebsht\u00eb nj\u00eb g\u00ebnjeshtar patologjik, \u00ebsht\u00eb nj\u00eb mashtrues i r\u00ebndomt\u00eb. Duhet t\u2019i japim fund k\u00ebtij fenonemi q\u00eb askujt t\u00eb mos i shkoj\u00eb n\u00eb mendje q\u00eb t\u00eb b\u00ebhet si Rama. Njer\u00ebzit nuk duhet t\u00eb besojn\u00eb te individi, por te sistemi prandaj ky sistem q\u00eb kemi aktualisht duhet shembur.\u201d<\/em><\/span><\/p>\n<p><span style=\"color: #000000;\">M\u00eb tej ajo tha se opozita nuk \u00ebsht\u00eb e izoluar por n\u00eb kontakt t\u00eb vazhduesh\u00ebm me partner\u00ebt nd\u00ebrkomb\u00ebtar\u00eb nd\u00ebrsa theksoi se vendi \u00ebsht\u00eb kthyer n\u00eb baz\u00ebn e krimit t\u00eb organizuar dhe trafikut t\u00eb drog\u00ebs.<\/span><\/p>\n<p><span style=\"color: #000000;\"><em>\u201cOpozita nuk \u00ebsht\u00eb e izoluar por jemi n\u00eb kontakt t\u00eb vazhduesh\u00ebm me nd\u00ebrkomb\u00ebtar\u00ebt, me ata q\u00eb u intereson stabiliteti n\u00eb rajon dhe destabiliteti i krimit t\u00eb organizuar. Opozita \u00ebsht\u00eb e koordinuar me partner\u00ebt euro-atlantik\u00eb. Bashkimi Europian nuk jan\u00eb burokrat\u00ebt q\u00eb marrin rrogat nga taksapaguesit, por \u00ebsht\u00eb nj\u00eb sistem vlerash.\u201d<\/em> \u2013 shtoi Kryemadhi.<\/span><\/p>\n<p><img loading=\"lazy\" decoding=\"async\" class=\"aligncenter size-full wp-image-294079\" src=\"https:\/\/hashtag.al\/wp-content\/uploads\/2019\/05\/mona2maj.jpg\" alt=\"\" width=\"1257\" height=\"683\" srcset=\"https:\/\/www.hashtag.al\/wp-content\/uploads\/2019\/05\/mona2maj.jpg 1257w, https:\/\/www.hashtag.al\/wp-content\/uploads\/2019\/05\/mona2maj-300x163.jpg 300w, https:\/\/www.hashtag.al\/wp-content\/uploads\/2019\/05\/mona2maj-768x417.jpg 768w, https:\/\/www.hashtag.al\/wp-content\/uploads\/2019\/05\/mona2maj-1024x556.jpg 1024w\" sizes=\"auto, (max-width: 1257px) 100vw, 1257px\" \/><\/p>\n","protected":false,"gt_translate_keys":[{"key":"rendered","format":"html"}]},"excerpt":{"rendered":"<p>Kryetarja e LSI-s\u00eb, Kryemadhi, ka deklaruar se opozita e bashkuar nuk do b\u00ebj\u00eb asnj\u00eb hap pas deri n\u00eb largimin e Ram\u00ebs dhe zhvillimin e zgjedhjeve t\u00eb lira e t\u00eb ndershme. Nd\u00ebrsa theksoi se sistemi aktual duhej shembur p\u00ebr t\u2019i hapur rrug\u00ebn zhvillimit t\u00eb vendit dhe afrimit t\u00eb tij me BE-n\u00eb. \u201cUn\u00eb do doja q\u00eb t\u00eb [&hellip;]<\/p>\n","protected":false,"gt_translate_keys":[{"key":"rendered","format":"html"}]},"author":51,"featured_media":294078,"comment_status":"open","ping_status":"open","sticky":false,"template":"","format":"standard","meta":{"footnotes":""},"categories":[65,13],"tags":[],"class_list":["post-294077","post","type-post","status-publish","format-standard","has-post-thumbnail","hentry","category-lajme","category-te-fundit"],"gt_translate_keys":[{"key":"link","format":"url"}],"_links":{"self":[{"href":"https:\/\/www.hashtag.al\/index.php\/wp-json\/wp\/v2\/posts\/294077","targetHints":{"allow":["GET"]}}],"collection":[{"href":"https:\/\/www.hashtag.al\/index.php\/wp-json\/wp\/v2\/posts"}],"about":[{"href":"https:\/\/www.hashtag.al\/index.php\/wp-json\/wp\/v2\/types\/post"}],"author":[{"embeddable":true,"href":"https:\/\/www.hashtag.al\/index.php\/wp-json\/wp\/v2\/users\/51"}],"replies":[{"embeddable":true,"href":"https:\/\/www.hashtag.al\/index.php\/wp-json\/wp\/v2\/comments?post=294077"}],"version-history":[{"count":0,"href":"https:\/\/www.hashtag.al\/index.php\/wp-json\/wp\/v2\/posts\/294077\/revisions"}],"wp:featuredmedia":[{"embeddable":true,"href":"https:\/\/www.hashtag.al\/index.php\/wp-json\/wp\/v2\/media\/294078"}],"wp:attachment":[{"href":"https:\/\/www.hashtag.al\/index.php\/wp-json\/wp\/v2\/media?parent=294077"}],"wp:term":[{"taxonomy":"category","embeddable":true,"href":"https:\/\/www.hashtag.al\/index.php\/wp-json\/wp\/v2\/categories?post=294077"},{"taxonomy":"post_tag","embeddable":true,"href":"https:\/\/www.hashtag.al\/index.php\/wp-json\/wp\/v2\/tags?post=294077"}],"curies":[{"name":"wp","href":"https:\/\/api.w.org\/{rel}","templated":true}]}}