{"id":294030,"date":"2019-05-02T14:08:50","date_gmt":"2019-05-02T12:08:50","guid":{"rendered":"https:\/\/hashtag.al\/?p=294030"},"modified":"2019-05-02T14:09:48","modified_gmt":"2019-05-02T12:09:48","slug":"basha-negocioj-me-partine-socialiste-me-nje-kusht","status":"publish","type":"post","link":"https:\/\/www.hashtag.al\/index.php\/2019\/05\/02\/basha-negocioj-me-partine-socialiste-me-nje-kusht\/","title":{"rendered":"Basha: Negocioj me Partin\u00eb Socialiste me nj\u00eb kusht","gt_translate_keys":[{"key":"rendered","format":"text"}]},"content":{"rendered":"<p><img loading=\"lazy\" decoding=\"async\" class=\"aligncenter size-full wp-image-294031\" src=\"https:\/\/hashtag.al\/wp-content\/uploads\/2019\/05\/basha2maj.jpeg\" alt=\"\" width=\"675\" height=\"450\" srcset=\"https:\/\/www.hashtag.al\/wp-content\/uploads\/2019\/05\/basha2maj.jpeg 675w, https:\/\/www.hashtag.al\/wp-content\/uploads\/2019\/05\/basha2maj-300x200.jpeg 300w\" sizes=\"auto, (max-width: 675px) 100vw, 675px\" \/><\/p>\n<p><span style=\"color: #000000;\">Kryetari i PD-s\u00eb, Basha, deklaroi nga tryeza ku po prazantonte platform\u00ebn e opozit\u00ebs s\u00eb bashkuar se bllokimi i rrug\u00ebve dit\u00ebn e sotme do zgjas\u00eb 3 or\u00eb nd\u00ebrsa u b\u00ebri thirrje qytetar\u00ebve q\u00eb t\u00eb marrin pjes\u00eb masivisht n\u00eb k\u00ebt\u00eb aksion.<\/span><\/p>\n<p><span style=\"color: #000000;\"><em>\u201cP\u00ebrballje me protesta nuk mund t\u00eb konsiderohet thjesht si karshill\u00ebk, por se nuk kemi asnj\u00eb instrument tjet\u00ebr. P\u00ebrball\u00eb dhun\u00ebs \u00e7do popull europian vepron si ne, madje shkojn\u00eb edhe m\u00eb larg se ne. Ne jemi t\u00eb vendosur t\u00eb vijojm\u00eb me mosbindjen civile, u b\u00ebj thirrje qytetar\u00ebve t\u00eb na bashkohen n\u00eb k\u00ebt\u00eb aksion duke filluar sot n\u00eb or\u00eb 18 deri n\u00eb or\u00ebn 21.\u201d<\/em> &#8211; tha Basha.<\/span><\/p>\n<p><span style=\"color: #000000;\">Basha theksoi se opozita \u00ebsht\u00eb e gatshme p\u00ebr t\u00eb ngociuar me PS-n\u00eb vet\u00ebm pas largimit t\u00eb Edi Ram\u00ebs si kryeminist\u00ebr.<\/span><\/p>\n<p><img loading=\"lazy\" decoding=\"async\" class=\"aligncenter size-full wp-image-294024\" src=\"https:\/\/hashtag.al\/wp-content\/uploads\/2019\/05\/Opozita-e-bashkuar.jpg\" alt=\"\" width=\"900\" height=\"675\" srcset=\"https:\/\/www.hashtag.al\/wp-content\/uploads\/2019\/05\/Opozita-e-bashkuar.jpg 900w, https:\/\/www.hashtag.al\/wp-content\/uploads\/2019\/05\/Opozita-e-bashkuar-300x225.jpg 300w, https:\/\/www.hashtag.al\/wp-content\/uploads\/2019\/05\/Opozita-e-bashkuar-768x576.jpg 768w\" sizes=\"auto, (max-width: 900px) 100vw, 900px\" \/><\/p>\n","protected":false,"gt_translate_keys":[{"key":"rendered","format":"html"}]},"excerpt":{"rendered":"<p>Kryetari i PD-s\u00eb, Basha, deklaroi nga tryeza ku po prazantonte platform\u00ebn e opozit\u00ebs s\u00eb bashkuar se bllokimi i rrug\u00ebve dit\u00ebn e sotme do zgjas\u00eb 3 or\u00eb nd\u00ebrsa u b\u00ebri thirrje qytetar\u00ebve q\u00eb t\u00eb marrin pjes\u00eb masivisht n\u00eb k\u00ebt\u00eb aksion. \u201cP\u00ebrballje me protesta nuk mund t\u00eb konsiderohet thjesht si karshill\u00ebk, por se nuk kemi asnj\u00eb instrument [&hellip;]<\/p>\n","protected":false,"gt_translate_keys":[{"key":"rendered","format":"html"}]},"author":51,"featured_media":294031,"comment_status":"open","ping_status":"open","sticky":false,"template":"","format":"standard","meta":{"footnotes":""},"categories":[65,13],"tags":[],"class_list":["post-294030","post","type-post","status-publish","format-standard","has-post-thumbnail","hentry","category-lajme","category-te-fundit"],"gt_translate_keys":[{"key":"link","format":"url"}],"_links":{"self":[{"href":"https:\/\/www.hashtag.al\/index.php\/wp-json\/wp\/v2\/posts\/294030","targetHints":{"allow":["GET"]}}],"collection":[{"href":"https:\/\/www.hashtag.al\/index.php\/wp-json\/wp\/v2\/posts"}],"about":[{"href":"https:\/\/www.hashtag.al\/index.php\/wp-json\/wp\/v2\/types\/post"}],"author":[{"embeddable":true,"href":"https:\/\/www.hashtag.al\/index.php\/wp-json\/wp\/v2\/users\/51"}],"replies":[{"embeddable":true,"href":"https:\/\/www.hashtag.al\/index.php\/wp-json\/wp\/v2\/comments?post=294030"}],"version-history":[{"count":0,"href":"https:\/\/www.hashtag.al\/index.php\/wp-json\/wp\/v2\/posts\/294030\/revisions"}],"wp:featuredmedia":[{"embeddable":true,"href":"https:\/\/www.hashtag.al\/index.php\/wp-json\/wp\/v2\/media\/294031"}],"wp:attachment":[{"href":"https:\/\/www.hashtag.al\/index.php\/wp-json\/wp\/v2\/media?parent=294030"}],"wp:term":[{"taxonomy":"category","embeddable":true,"href":"https:\/\/www.hashtag.al\/index.php\/wp-json\/wp\/v2\/categories?post=294030"},{"taxonomy":"post_tag","embeddable":true,"href":"https:\/\/www.hashtag.al\/index.php\/wp-json\/wp\/v2\/tags?post=294030"}],"curies":[{"name":"wp","href":"https:\/\/api.w.org\/{rel}","templated":true}]}}